{"id":10373,"date":"2022-05-08T05:49:10","date_gmt":"2022-05-08T03:49:10","guid":{"rendered":"http:\/\/www.infokuryr.cz\/n\/?p=10373"},"modified":"2022-05-08T05:49:10","modified_gmt":"2022-05-08T03:49:10","slug":"sok-rakusanovo-ministerstvo-vnitra-oznacilo-zpravy-tajnych-sluzeb-usa-a-velke-britanie-za-konspiracni-teorie","status":"publish","type":"post","link":"https:\/\/www.infokuryr.cz\/n\/2022\/05\/08\/sok-rakusanovo-ministerstvo-vnitra-oznacilo-zpravy-tajnych-sluzeb-usa-a-velke-britanie-za-konspiracni-teorie\/","title":{"rendered":"\u0160ok! Raku\u0161anovo ministerstvo vnitra ozna\u010dilo zpr\u00e1vy tajn\u00fdch slu\u017eeb USA a Velk\u00e9 Brit\u00e1nie za konspira\u010dn\u00ed teorie!"},"content":{"rendered":"<div id=\"fb-root\"><\/div>\n<p>Dobr\u00fd den v\u00e1\u017een\u00ed div\u00e1ci v\u00edtejte u na\u0161\u00ed nejnov\u011bj\u0161\u00ed anal\u00fdzy. A tu pros\u00edm \u0161i\u0159te, proto\u017ee do\u0161lo ke komick\u00e9 situaci, \u010desk\u00e9 ministerstvo vnitra ve\u0159ejn\u011b ozna\u010dilo varov\u00e1n\u00ed z\u00e1padn\u00edch tajn\u00fdch slu\u017eeb a \u0161v\u00e9dsk\u00e9 premi\u00e9rky o nebezpe\u010dn\u00fdch uprchl\u00edc\u00edch za konspira\u010dn\u00ed teorie!<\/p>\n<p>Mgr. Radek \u0160ubrt, \u0159editel odboru bezpe\u010dnostn\u00ed politiky ministerstva vnitra v \u00fa\u0159edn\u00edm dokumentu ze 22. dubna 2022, kter\u00fd m\u00e1me k dispozici, ozna\u010dil informace, kter\u00e9 poch\u00e1zej\u00ed od britsk\u00e9 tajn\u00e9 slu\u017eby MI-6,\u00a0<a href=\"https:\/\/www.mirror.co.uk\/news\/politics\/priti-patel-defends-refugee-checks-26506898\">britsk\u00e9 ministryn\u011b vnitra Pritti Patel<\/a>, \u0159editele odd\u011bln\u00ed pro boj s terorismem tajn\u00e9 slu\u017eby st\u00e1tu Texas v USA<a href=\"https:\/\/cis.org\/Report\/Terrorist-Migration-Over-European-Borders\">\u00a0Toda Bensmana<\/a>, i od \u0161v\u00e9dsk\u00e9 premi\u00e9rky Magdaleny Andersonov\u00e9 za konspira\u010dn\u00ed teorie. Mgr. Radek \u0160ubrt toti\u017e v dokumentu z 22. dubna mimo jin\u00e9 tvrdil, \u017ee je\u00a0<em>\u0161\u00ed\u0159en\u00edm konspira\u010dn\u00ed teorie, \u017ee se isl\u00e1m\u0161t\u00ed terorist\u00e9 k n\u00e1m pokus\u00ed dostat infiltrovan\u00ed za uprchl\u00edky,\u00a0<\/em>a \u017ee je \u0161\u00ed\u0159en\u00edm konspira\u010dn\u00ed teorie, \u017ee\u00a0<em>uprchl\u00edci jsou odpov\u011bdni za vytv\u00e1\u0159en\u00ed tzv. Ghett, NO-GO z\u00f3n, \u017ee zapaluj\u00ed auta a p\u00e1chaj\u00ed n\u00e1sil\u00ed, a \u017ee se nech\u00e1vaj\u00ed \u017eivit ze soci\u00e1ln\u00edch d\u00e1vek.<\/em><\/p>\n<p>T\u011bmito sv\u00fdmi tvrzen\u00edmi \u0159editel \u0160ubrt pop\u0159el nejen skute\u010dnost, ale tak\u00e9 nep\u0159\u00edmo ozna\u010dil varov\u00e1n\u00ed z\u00e1padn\u00edch tajn\u00fdch slu\u017eeb a vrcholn\u00fdch politik\u016f za konspira\u010dn\u00ed teorie.\u00a0Magistr \u0160ubrt, \u0159editel bezpe\u010dnostn\u00ed politiky \u010desk\u00e9ho ministerstva vnitra, \u0159\u00edzen\u00e9ho ministrem Raku\u0161anem ze STANU, z\u0159ejm\u011b ani nezn\u00e1 zpr\u00e1vu britsk\u00e9 tajn\u00e9 slu\u017eby MI-6 z dubna leto\u0161n\u00edho roku pro britskou ministryni vnitra Pritti Pattel, kter\u00e1 varuje, \u017ee mezi sou\u010dasn\u00fdmi uprchl\u00edky z Ukrajiny budou infiltrov\u00e1ni terorist\u00e9 z toho nejhor\u0161\u00edho teroristick\u00e9ho uskupen\u00ed sou\u010dasnosti tzv. isl\u00e1msk\u00e9ho st\u00e1tu ISIL, proti kter\u00e9mu st\u00e1le je\u0161t\u011b i v t\u011bchto dnech bojuj\u00ed voj\u00e1ci USA t\u0159eba v Ir\u00e1ku. V t\u00e9to zpr\u00e1v\u011b se mimo jin\u00e9 p\u00ed\u0161e, \u017ee se p<i>\u0159edpokl\u00e1d\u00e1, \u017ee mnoho terorist\u016f ISIL p\u0159icestovalo na Ukrajinu ze S\u00fdrie u\u017e bezprost\u0159edn\u011b pot\u00e9, co Rusko intervenovalo v S\u00fdrii v roce 2015. A \u017ee se tito terorist\u00e9 ISIL potom zapojili na \u00fazem\u00ed Ukrajiny do boje proti Rusku, zejm\u00e9na v separatistick\u00fdch regionech na v\u00fdchod\u011b Ukrajiny.<\/i><\/p>\n<p><a href=\"https:\/\/www.dailymail.co.uk\/news\/article-10606787\/MI6-warns-Home-Secretary-Priti-Patel-not-relax-visa-rules-Ukrainian-refugees.html\">Ve zpr\u00e1v\u011b MI-6 se d\u00e1le p\u00ed\u0161e<\/a><i>, \u017ee nikdo nezpochyb\u0148uje, \u017ee ukrajinsk\u00e1 krize je humanit\u00e1rn\u00ed trag\u00e9die, a \u017ee 99,9 procent uprchl\u00edk\u016f je prav\u00fdch. Ale \u017ee Velk\u00e1 Brit\u00e1nie si nem\u016f\u017ee jen tak dovolit, z v\u00fd\u0161e uveden\u00fdch d\u016fvod\u016f, \u00faplnou politiku otev\u0159en\u00fdch dve\u0159\u00ed pro vstup na sv\u00e9 \u00fazem\u00ed.\u00a0<\/i>Podle zpr\u00e1vy, v<i>e v\u00e1lce na Ukrajin\u011b na obou stran\u00e1ch konfliktu bojuj\u00ed \u010de\u010den\u0161t\u00ed \u017eold\u00e1ci, a jak ukrajinsk\u00fd tak i rusk\u00fd re\u017eim propustily z v\u011bzen\u00ed do boje ty nejnebezpe\u010dn\u011bj\u0161\u00ed\u00a0 zlo\u010dince.\u00a0<\/i>Zpr\u00e1va p\u0159edpokl\u00e1d\u00e1<i>, \u017ee na Ukrajinu vstoupili i bossov\u00e9 organizovan\u00e9ho zlo\u010dinu z B\u011bloruska. A \u017ee v\u0161ichni tito terorist\u00e9 a zlo\u010dinci se nyn\u00ed mohou sna\u017eit infiltrovat mezi ukrajinsk\u00e9 uprchl\u00edky, a proniknout na \u00fazem\u00ed Velk\u00e9 Brit\u00e1nie.<\/i><\/p>\n<p align=\"LEFT\">V d\u016fsledku t\u00e9to zpr\u00e1vy MI-6 vl\u00e1da Velk\u00e9 Brit\u00e1nie na\u0159\u00eddila,\u00a0<a href=\"https:\/\/www.itv.com\/news\/2022-05-02\/home-secretary-could-face-legal-action-over-ukraine-visa-delays-report\">u\u017e p\u0159ed vstupem na sv\u00e9 \u00fazem\u00ed<\/a>, vykonat d\u016fkladn\u00e9 i n\u011bkolik t\u00fddn\u016f trvaj\u00edc\u00ed prov\u011brky toto\u017enosti ka\u017ed\u00e9ho uprchl\u00edka z Ukrajiny, aby se zabr\u00e1nilo pr\u016fniku terorist\u016f, mafi\u00e1n\u016f a t\u0159eba i Putinov\u00fdch agent\u016f. Dosud bylo vyd\u00e1no pouze 86 tis\u00edc v\u00edz a doru\u010deno ukrajinsk\u00fdm \u017eadatel\u016fm pouh\u00fdch 27 tis\u00edc. Podle \u0159editele odboru bezpe\u010dnostn\u00ed politiky ministerstva vnitra Mgr. \u0160ubrta jde ov\u0161em o \u0161\u00ed\u0159en\u00ed\u00a0konspira\u010dn\u00edch teori\u00ed, pokud n\u011bkdo prov\u011b\u0159uje uprchl\u00edky, zda nejsou infiltrovan\u00ed terorist\u00e9.<\/p>\n<p align=\"LEFT\"><a href=\"https:\/\/www.gatestoneinstitute.org\/15290\/the-terrorists-migrating-into-europe\">U\u017e v roce 2020 jsme p\u0159inesli<\/a>\u00a0v na\u0161ich po\u0159adech podstatnou \u010d\u00e1st zpr\u00e1vy jednoho z nejv\u011bt\u0161\u00edch odborn\u00edk\u016f na sv\u011btov\u00fd terorismus, ex-\u0159editele texask\u00e9ho odd\u011blen\u00ed zpravodajsk\u00e9 slu\u017eby USA pro boj s teroristy\u00a0<a href=\"https:\/\/cis.org\/Bensman\">Todda Bensmana<\/a>,<a href=\"https:\/\/cis.org\/Report\/Terrorist-Migration-Over-European-Borders\">\u00a0kter\u00e1 obs\u00e1hle varovala<\/a>\u00a0p\u0159ed t\u00edm, \u017ee se k n\u00e1m do Evropy budou sna\u017eit terorist\u00e9 dostat, maskovan\u00ed jako uprchl\u00edci, proto aby sp\u00e1chali teroristick\u00e9 \u010diny. Jak Bensman varoval na za\u010d\u00e1tku roku 2020, tak se i stalo, a zem\u0159elo n\u011bkolik des\u00edtek Evropan\u016f \u2013 jejich smutn\u00e9 osudy najdete na na\u0161em webu v \u0159ad\u011b \u010dl\u00e1nk\u016f. Celou zpr\u00e1vu Todda Bensmana, ze kter\u00e9 jsme v lednu 2020 citovali, najdete v p\u00edsemn\u00e9 podob\u011b na na\u0161em webu michalapetr.cz, a m\u016f\u017eete tak za\u010d\u00edt p\u0159em\u00fd\u0161let, co d\u011bl\u00e1 v \u0159editelsk\u00e9 pozici na \u010desk\u00e9m ministerstvu vnitra \u0159editel Mgr. Radek \u0160ubrt, kter\u00fd do \u00fa\u0159edn\u00edho stanoviska nap\u00ed\u0161e, \u017ee se jedn\u00e1 o \u0161\u00ed\u0159en\u00ed konspira\u010dn\u00edch teori\u00ed! Tento mu\u017e m\u00e1 v popisu sv\u00e9 pr\u00e1ce, zajistit, aby se nikdy takov\u00e9to smutn\u00e9 p\u0159\u00edb\u011bhy v \u010cesku neodehr\u00e1valy. Ale on to z\u0159ejm\u011b, stejn\u011b jako jeho ministr Raku\u0161an nech\u00e1pe!<\/p>\n<p align=\"LEFT\">Co h\u016f\u0159, Raku\u0161an\u016fv \u0159editel \u0160ubrt ve sv\u00e9m elabor\u00e1tu tak\u00e9 tvrdil, \u017ee imigranti nejsou odpov\u011bdni za vznik NO-GO z\u00f3n, za, zap\u00e1len\u00e1 auta, a za n\u00e1sil\u00ed krimin\u00e1ln\u00edch gang\u016f. \u0158editel \u0160ubrt tak d\u00e1le zpochybnil i slova \u0161v\u00e9dsk\u00e9 ministersk\u00e9 p\u0159edsedkyn\u011b Magdaleny Anderssonov\u00e9, kter\u00e1 2. kv\u011btna 2022 ve\u0159ejn\u011b p\u0159iznala,<a href=\"https:\/\/rmx.news\/article\/after-muslim-riots-in-sweden-swedish-pm-says-integration-has-failed-immigrants-fuel-gang-crime\/\">\u00a0\u017ee imigranti vytvo\u0159ili ve \u0160v\u00e9dsku vlastn\u00ed segregovanou spole\u010dnost, ghetta,\u00a0 a n\u00e1siln\u00e9 krimin\u00e1ln\u00ed gangy.<\/a>\u00a0Sc\u00e9ny z ho\u0159\u00edc\u00edch \u0161v\u00e9dsk\u00fdch m\u011bst, na kter\u00e9 Andersonov\u00e1 sv\u00fdmi slovy o imigrantech reagovala, jste mo\u017en\u00e1 vid\u011bli i v \u010cesk\u00e9 televizi. Anderssonov\u00e1 tehdy ve\u0159ejn\u011b p\u0159iznala, \u017ee se \u0161v\u00e9dsk\u00e1 integrace uprchl\u00edk\u016f nepovedla. \u017de 1\/5 \u0160v\u00e9d\u016f jsou p\u0159ist\u011bhovalci. A \u017ee \u0161v\u00e9dsk\u00e1 spole\u010dnost byla dosud p\u0159\u00edli\u0161 slab\u00e1 a ned\u016frazn\u00e1, aby v\u0161echny tyto imigranty integrovala a p\u0159izp\u016fsobila je \u0161v\u00e9dsk\u00e9mu \u017eivotn\u00edmu stylu. A \u017ee bohu\u017eel, pen\u011bz pro policii a soci\u00e1ln\u00ed slu\u017eby na integraci a pacifikaci nep\u0159izp\u016fsobiv\u00fdch jedinc\u016f mezi imigranty je p\u0159\u00edli\u0161 m\u00e1lo, na to aby se dostavil k\u00fd\u017een\u00fd integra\u010dn\u00ed v\u00fdsledek.<\/p>\n<p align=\"LEFT\">Ze slov \u0161v\u00e9dsk\u00e9 premi\u00e9rky, i ze zpr\u00e1v z\u00e1padn\u00edch tajn\u00fdch slu\u017eeb, je tak jasn\u00e9, \u017ee n\u00e1s maj\u00ed varovat p\u0159ed t\u00edm, abychom se chovali stejn\u011b nezodpov\u011bdn\u011b, jako se chovali oni, kdy\u017e v minulosti bezmy\u0161lenkovit\u011b p\u0159ij\u00edmali v\u0161echny uprchl\u00edky, a ani je nekontrolovali. Z \u00fa\u0159edn\u00edho stanoviska \u0159editele \u0160ubrta je ov\u0161em z\u0159ejm\u00e9, \u017ee on, ani jeho ministr Raku\u0161an (p\u0159edseda STAN) se nehodlaj\u00ed z t\u011bchto chyb a varov\u00e1n\u00ed pou\u010dit, a \u017ee n\u00e1m v z\u00e1palu sv\u00e9 maoistick\u00e9 ideologie Velk\u00fdch skok\u016f a Soci\u00e1ln\u00edch experiment\u016f mo\u017en\u00e1 uchystaj\u00ed osud obyvatel \u0161v\u00e9dsk\u00fdch m\u011bst. Letos budou volby \u2013 \u0159e\u0161en\u00ed je tak prost\u00e9 \u2013 nevolte STAN \u2013 nedopadnete, jako ve \u0160v\u00e9dsku.<\/p>\n<p align=\"LEFT\">Tento t\u00fdden byl ve \u0160v\u00e9dsku polici\u00ed dopaden dal\u0161\u00ed afg\u00e1nsk\u00fd\u00a0<a href=\"https:\/\/rmx.news\/article\/swedish-police-illegal-afghan-migrant-raped-woman-then-threw-her-down-a-mine-shaft\/\">v\u00fdte\u010dn\u00edk \u2013 uprchl\u00edk \u2013 zlo\u010dinec \u2013 41let\u00fd Mohamad Amini.<\/a>\u00a0Ten zn\u00e1silnil d\u00edvku, a hned po \u010dinu ji \u017eivou svrhnul na dno star\u00e9 nepou\u017e\u00edvan\u00e9 d\u016fln\u00ed \u0161achty. D\u00edvka m\u011bla \u0161t\u011bst\u00ed \u2013 p\u0159e\u017eila 20 metrov\u00fd p\u00e1d na dno \u0161achty, a n\u00e1hodn\u00fd kolemjdouc\u00ed dokonce zaslechl jej\u00ed vol\u00e1n\u00ed o pomoc! Amini se pr\u00fd, zn\u00e1siln\u011bn\u00edm a poh\u0159ben\u00edm do \u0161achty za \u017eiva, cht\u011bl d\u00edvce pomst\u00edt za to, \u017ee si ho odm\u00edtla vz\u00edt za man\u017eela, jak po n\u00ed po\u017eadoval. Amini se ve \u0160v\u00e9dsku zdr\u017eoval u\u017e roky ileg\u00e1ln\u011b. Za p\u0159edchoz\u00ed kr\u00e1de\u017ee a\u00a0 \u010detn\u00e9 drogov\u00e9 delikty m\u011bl b\u00fdt u\u017e d\u00e1vno vyho\u0161t\u011bn. Jen\u017ee vyho\u0161t\u011bn\u00ed z\u016fstalo, jako u dal\u0161\u00edch,\u00a0 jen na pap\u00ed\u0159e. D\u00edvka m\u016f\u017ee hovo\u0159it o \u0161t\u011bst\u00ed, \u017ee p\u0159e\u017eila. A\u010dkoli zlo\u010din Aminiho nen\u00ed ve \u0160v\u00e9dsku ni\u010d\u00edm ojedin\u011bl\u00fdm, jsou st\u00e1le v\u00fdroky \u0161v\u00e9dsk\u00fdch soud\u016f nad obdobn\u00fdmi pachateli doslova \u0161\u00edlen\u00e9.\u00a0<a href=\"https:\/\/rmx.news\/egyeb\/sweden-pays-syrian-rapist-e80000-in-damages\/\">V roce 2021 dostal 80 000 EUR od\u0161kodn\u011bn\u00ed pachatel<\/a>\u00a0\u2013 uprchl\u00edk, kter\u00fd jako \u010dlen gangu organizovan\u011b un\u00e1\u0161el a zn\u00e1sil\u0148oval \u017eeny a d\u00edvky. Pachatel byl od\u0161kodn\u011bn, proto\u017ee byl soudem prvn\u00edho stupn\u011b odsouzen na 4,5 roku v\u011bzen\u00ed, a tento trest byl odvolac\u00edm soudem shled\u00e1n za p\u0159\u00edli\u0161 tvrd\u00fd! Jin\u00fd syrsk\u00fd uprchl\u00edk zase v roce 2020 dostal za zn\u00e1siln\u011bn\u00ed 12 let\u00e9 d\u00edvky pouze trest 150 hodin rozhovor\u016f o gendrov\u00fdch ot\u00e1zk\u00e1ch s odborn\u00edkem! Tohle v\u0161echno evidentn\u011b pova\u017euje sou\u010dasn\u00e9 \u010desk\u00e9 ministerstvo vnitra za konspira\u010dn\u00ed teorie!<\/p>\n<p align=\"LEFT\">O tom, \u017ee n\u00e1s ne\u010dekaj\u00ed dobr\u00e9 \u010dasy, a \u017ee na\u0161i politici jsou po\u0161ahan\u00ed, sv\u011bd\u010d\u00ed\u00a0 i nejnov\u011bj\u0161\u00ed vyj\u00e1d\u0159en\u00ed komisa\u0159e Evropsk\u00e9 Unie Franze Timmermanse. Ten p\u0159ed\u00a0 p\u00e1r dny ozn\u00e1mil, \u017ee nalezl p\u0159ekvapiv\u011b snadn\u00e9 \u0159e\u0161en\u00ed, jak se Evropan\u00e9 vbrzku obejdou bez rusk\u00e9ho plynu. Podle komisa\u0159e Timmermanse,\u00a0 maj\u00ed Evropan\u00e9 ihned p\u0159estat pr\u00e1t sv\u00e9 oble\u010den\u00ed, a m\u00edsto pran\u00ed,\u00a0<a href=\"https:\/\/rmx.news\/european-union\/take-shorter-showers-and-air-out-your-clothes-instead-of-washing-them-ec-vice-president-tells-citizens\/\">jej maj\u00ed ka\u017ed\u00fd den po n\u00e1vratu z pr\u00e1ce, nech\u00e1vat p\u0159es noc na \u010derstv\u00e9m vzduchu vyv\u011btrat<\/a>.<\/p>\n<p align=\"LEFT\">Co \u0159\u00edci dnes na z\u00e1v\u011br \u2013 jen tak mimochodem se komisa\u0159i Timmermansovi u\u017e n\u011bjakou dobu p\u0159ezd\u00edv\u00e1 Prase \u2013 a\u00a0<em>Ostatn\u011b pr\u00e1v\u011b proto soud\u00edm, \u017ee Bruxelae mus\u00ed b\u00fdt zni\u010deno je\u0161t\u011b d\u0159\u00edv, ne\u017e n\u00e1s sv\u00fdm z\u00e1pachem otr\u00e1v\u00ed!<\/em><\/p>\n<p align=\"LEFT\"><a href=\"https:\/\/www.michalapetr.com\/mip-32-sok-rakusanovo-ministerstvo-vnitra-oznacilo-zpravy-tajnych-sluzeb-usa-a-velke-britanie-za-konspiracni-teorie\/\">ZDROJ<\/a><\/p>\n<p align=\"LEFT\">\n","protected":false},"excerpt":{"rendered":"<p>Dobr\u00fd den v\u00e1\u017een\u00ed div\u00e1ci v\u00edtejte u na\u0161\u00ed nejnov\u011bj\u0161\u00ed anal\u00fdzy. A tu pros\u00edm \u0161i\u0159te, proto\u017ee do\u0161lo&#8230;<\/p>\n","protected":false},"author":2,"featured_media":8481,"comment_status":"closed","ping_status":"closed","sticky":false,"template":"","format":"standard","meta":[],"categories":[6],"tags":[1042,765,1809],"_links":{"self":[{"href":"https:\/\/www.infokuryr.cz\/n\/wp-json\/wp\/v2\/posts\/10373"}],"collection":[{"href":"https:\/\/www.infokuryr.cz\/n\/wp-json\/wp\/v2\/posts"}],"about":[{"href":"https:\/\/www.infokuryr.cz\/n\/wp-json\/wp\/v2\/types\/post"}],"author":[{"embeddable":true,"href":"https:\/\/www.infokuryr.cz\/n\/wp-json\/wp\/v2\/users\/2"}],"replies":[{"embeddable":true,"href":"https:\/\/www.infokuryr.cz\/n\/wp-json\/wp\/v2\/comments?post=10373"}],"version-history":[{"count":0,"href":"https:\/\/www.infokuryr.cz\/n\/wp-json\/wp\/v2\/posts\/10373\/revisions"}],"wp:featuredmedia":[{"embeddable":true,"href":"https:\/\/www.infokuryr.cz\/n\/wp-json\/wp\/v2\/media\/8481"}],"wp:attachment":[{"href":"https:\/\/www.infokuryr.cz\/n\/wp-json\/wp\/v2\/media?parent=10373"}],"wp:term":[{"taxonomy":"category","embeddable":true,"href":"https:\/\/www.infokuryr.cz\/n\/wp-json\/wp\/v2\/categories?post=10373"},{"taxonomy":"post_tag","embeddable":true,"href":"https:\/\/www.infokuryr.cz\/n\/wp-json\/wp\/v2\/tags?post=10373"}],"curies":[{"name":"wp","href":"https:\/\/api.w.org\/{rel}","templated":true}]}}