{"id":103713,"date":"2026-04-04T00:15:59","date_gmt":"2026-04-03T22:15:59","guid":{"rendered":"https:\/\/www.infokuryr.cz\/n\/?p=103713"},"modified":"2026-04-03T13:38:00","modified_gmt":"2026-04-03T11:38:00","slug":"privlastnovani-si-nabozenstvi-jak-pentagon-promenil-kazani-na-hore-ve-valecnou-prirucku","status":"publish","type":"post","link":"https:\/\/www.infokuryr.cz\/n\/2026\/04\/04\/privlastnovani-si-nabozenstvi-jak-pentagon-promenil-kazani-na-hore-ve-valecnou-prirucku\/","title":{"rendered":"P\u0159ivlast\u0148ov\u00e1n\u00ed si n\u00e1bo\u017eenstv\u00ed: Jak Pentagon prom\u011bnil K\u00e1z\u00e1n\u00ed na ho\u0159e ve v\u00e1le\u010dnou p\u0159\u00edru\u010dku"},"content":{"rendered":"<div id=\"fb-root\"><\/div>\n<div class=\"elementor-element elementor-element-1fb4c2c elementor-widget elementor-widget-theme-post-content\" data-id=\"1fb4c2c\" data-element_type=\"widget\" data-e-type=\"widget\" data-widget_type=\"theme-post-content.default\">\n<div class=\"elementor-widget-container\">\n<p><span dir=\"auto\">\u201eBlahoslaven\u00ed milosrdn\u00ed, nebo\u0165 oni dojdou milosrdenstv\u00ed. Blahoslaven\u00ed \u010dist\u00e9ho srdce, nebo\u0165 oni uvid\u00ed Boha. Blahoslaven\u00ed ti, kdo p\u016fsob\u00ed pokoj, nebo\u0165 budou nazv\u00e1ni Bo\u017e\u00edmi d\u011btmi.\u201c \u2014 Matou\u0161 5:3\u201312<\/span><\/p>\n<p><span dir=\"auto\">\u201eVyjedn\u00e1v\u00e1me s bombami.\u201c \u2013 Pete Hegseth, ministr obrany v Trumpov\u011b administrativ\u011b<\/span><\/p>\n<p><span dir=\"auto\">Jazykem modern\u00ed vl\u00e1dy je jazykem imp\u00e9ria.<\/span><\/p>\n<p><span dir=\"auto\">Je to jazyk dominance, odplaty, dob\u00fdv\u00e1n\u00ed a kontroly \u2013 nep\u0159\u00e1tel, kte\u0159\u00ed maj\u00ed b\u00fdt zni\u010deni, n\u00e1rod\u016f, kter\u00e9 maj\u00ed b\u00fdt podrobeny, a disident\u016f, kte\u0159\u00ed maj\u00ed b\u00fdt uml\u010deni.<\/span><\/p>\n<p><span dir=\"auto\">Za Trumpovy administrativy byl tento imperi\u00e1ln\u00ed jazyk d\u00e1le nabit n\u00e1bo\u017eenskou horlivost\u00ed a Je\u017e\u00ed\u0161e Krista ji\u017e nezobrazoval jako m\u00edrotvorce, ale jako symbol moci, dob\u00fdv\u00e1n\u00ed a kontroly.<\/span><\/p>\n<p><span dir=\"auto\">V\u00e1lka byla zahalena do vlastenectv\u00ed. Zahalena do P\u00edsma svat\u00e9ho. Ozna\u010dena jako \u201espravedliv\u00e1\u201c. Prod\u00e1v\u00e1na jako \u201em\u00edr skrze s\u00edlu\u201c.<\/span><\/p>\n<p><span dir=\"auto\">Ale tohle nen\u00ed svat\u00e1 v\u00e1lka. Je to politick\u00e1 v\u00e1lka maskovan\u00e1 jako svat\u00e1 v\u00e1lka.<\/span><\/p>\n<p><span dir=\"auto\">Navzdory ve\u0161ker\u00e9 inscenaci \u2013 vzty\u010den\u00fdm k\u0159\u00ed\u017e\u016fm, modlitb\u00e1m z p\u00f3di\u00ed, politik\u016fm volaj\u00edc\u00edm k Bohu a z\u00e1rove\u0148 po\u017eaduj\u00edc\u00edm loajalitu \u2013 nemaj\u00ed hodnoty, kter\u00e9 poh\u00e1n\u011bj\u00ed americk\u00e9 v\u00e1lky a uplat\u0148ov\u00e1n\u00ed moci, nic spole\u010dn\u00e9ho s u\u010den\u00edm Je\u017e\u00ed\u0161e Krista.<\/span><\/p>\n<p><span dir=\"auto\">Je\u017e\u00ed\u0161 \u0159ekl: Milujte sv\u00e9 nep\u0159\u00e1tele. Vl\u00e1da \u0159\u00edk\u00e1: Zni\u010dte je.<\/span><\/p>\n<p><span dir=\"auto\">Je\u017e\u00ed\u0161 \u0159ekl: Blahoslaven\u00ed m\u00edrotvorci. Vl\u00e1da \u0159\u00edk\u00e1: Blahoslaven\u00ed v\u00e1le\u010dn\u00ed \u0161tv\u00e1\u010di.<\/span><\/p>\n<p><span dir=\"auto\">Je\u017e\u00ed\u0161 \u0159ekl: \u201eCokoli jste ud\u011blali jednomu z t\u011bchto m\u00fdch nejmen\u0161\u00edch bratr\u016f a sester, mn\u011b jste ud\u011blali.\u201c Vl\u00e1da zav\u00edr\u00e1 chud\u00e9, kriminalizuje bezdomovce, bombarduje cizince a naz\u00fdv\u00e1 to bezpe\u010dnost\u00ed.<\/span><\/p>\n<p><span dir=\"auto\">To nen\u00ed nedorozum\u011bn\u00ed k\u0159es\u0165anstv\u00ed.<\/span><\/p>\n<p><span dir=\"auto\">Je to z\u00e1m\u011brn\u00fd eufemismus.<\/span><\/p>\n<p><span dir=\"auto\">Zamysleme se nad modlitbou, kterou ministr obrany Pete Hegseth pronesl na bohoslu\u017eb\u011b v Pentagonu: \u201eK\u00e9\u017e ka\u017ed\u00fd v\u00fdst\u0159el najde sv\u016fj c\u00edl\u2026 Dar\u2026 drtivou moc proti t\u011bm, kte\u0159\u00ed si nezaslou\u017e\u00ed \u017e\u00e1dn\u00e9 slitov\u00e1n\u00ed. Pros\u00edme o to s pevnou d\u016fv\u011brou v mocn\u00e9 jm\u00e9no Je\u017e\u00ed\u0161e Krista.\u201c<\/span><\/p>\n<p><span dir=\"auto\">\u017d\u00e1dn\u00e9 slitov\u00e1n\u00ed. Proneseno ve jm\u00e9nu Kn\u00ed\u017eete m\u00edru.<\/span><\/p>\n<p><span dir=\"auto\">Tohle nen\u00ed v\u00edra. Tohle je rouh\u00e1n\u00ed, pok\u0159t\u011bn\u00e9 v nacionalismu.<\/span><\/p>\n<p><span dir=\"auto\">Jde o instrumentalizaci n\u00e1bo\u017eenstv\u00ed k posv\u011bcen\u00ed n\u00e1sil\u00ed \u2013 prom\u011bnu K\u00e1z\u00e1n\u00ed na ho\u0159e ve v\u00e1le\u010dnou p\u0159\u00edru\u010dku.<\/span><\/p>\n<p><span dir=\"auto\">Je to tak\u00e9 pokus vykreslit modern\u00ed v\u00e1l\u010den\u00ed jako svatou v\u00e1lku \u2013 schv\u00e1lenou Bohem, ospravedln\u011bnou v\u00edrou a nepodl\u00e9haj\u00edc\u00ed mor\u00e1ln\u00ed kritik\u011b.<\/span><\/p>\n<p><span dir=\"auto\">Tato my\u0161lenka je proti\u00fastavn\u00ed i nek\u0159es\u0165ansk\u00e1.<\/span><\/p>\n<p><span dir=\"auto\">A to vyvol\u00e1v\u00e1 \u00fastavn\u00ed ot\u00e1zku, kter\u00e1 by se m\u011bla t\u00fdkat ka\u017ed\u00e9ho Ameri\u010dana, bez ohledu na jeho p\u0159esv\u011bd\u010den\u00ed.<\/span><\/p>\n<p><span dir=\"auto\">Prvn\u00ed dodatek \u00fastavy byl vytvo\u0159en pr\u00e1v\u011b proto, aby zabr\u00e1nil tomuto m\u00edch\u00e1n\u00ed c\u00edrkevn\u00ed a st\u00e1tn\u00ed moci. Chr\u00e1n\u00ed svobodu n\u00e1bo\u017eensk\u00e9ho vyzn\u00e1n\u00ed \u2013 ale z\u00e1rove\u0148 st\u00e1tu zakazuje zav\u00e1d\u011bt, podporovat nebo propagovat jak\u00e9koli n\u00e1bo\u017eenstv\u00ed.<\/span><\/p>\n<p><span dir=\"auto\">Je rozd\u00edl mezi n\u00e1bo\u017eenskou svobodou a n\u00e1bo\u017eenskou indoktrinac\u00ed.<\/span><\/p>\n<p><span dir=\"auto\">Je rozd\u00edl mezi osobn\u00ed v\u00edrou a st\u00e1tem podporovanou teologi\u00ed.<\/span><\/p>\n<p><span dir=\"auto\">Kdy\u017e se vl\u00e1dn\u00ed \u00fa\u0159edn\u00edci dovol\u00e1vaj\u00ed Boha, aby ospravedlnili n\u00e1sil\u00ed, kdy\u017e je vojensk\u00e1 s\u00edla zahalena do n\u00e1bo\u017eensk\u00e9ho jazyka, kdy\u017e se modlitba st\u00e1v\u00e1 n\u00e1strojem st\u00e1tn\u00ed politiky \u2013 pak u\u017e se nejedn\u00e1 o n\u00e1bo\u017eenskou svobodu.<\/span><\/p>\n<p><span dir=\"auto\">Jsme na za\u010d\u00e1tku vzniku st\u00e1tem \u0159\u00edzen\u00e9ho n\u00e1bo\u017eensk\u00e9ho za\u0159\u00edzen\u00ed.<\/span><\/p>\n<p><span dir=\"auto\">Historie ukazuje, kam tato cesta vede.<\/span><\/p>\n<p><span dir=\"auto\">Jak varoval Thomas Jefferson, \u00fastava stav\u00ed \u201eze\u010f odd\u011blen\u00ed c\u00edrkve od st\u00e1tu\u201c, aby zabr\u00e1nila pr\u00e1v\u011b tomuto m\u00edch\u00e1n\u00ed politick\u00e9 moci a n\u00e1bo\u017eensk\u00e9 autority.<\/span><\/p>\n<p><span dir=\"auto\">Kdy\u017e st\u00e1t za\u010dne mluvit jazykem bo\u017esk\u00e9ho p\u0159\u00edkazu, tato ze\u010f je ji\u017e prolomena.<\/span><\/p>\n<p><span dir=\"auto\">A co je d\u016fle\u017eit\u011bj\u0161\u00ed: Pr\u00e1v\u011b proti tomuto zneu\u017e\u00edv\u00e1n\u00ed n\u00e1bo\u017eenstv\u00ed se s\u00e1m Je\u017e\u00ed\u0161 ohradil.<\/span><\/p>\n<p><span dir=\"auto\">Je\u017e\u00ed\u0161 nek\u00e1zal \u201edrtiv\u00e9 n\u00e1sil\u00ed\u201c. Ne\u017eehnal \u017e\u00e1dn\u00e9 \u0159\u00ed\u0161i. Nepomazal vl\u00e1dy, aby zab\u00edjely v jeho jm\u00e9nu.<\/span><\/p>\n<p><span dir=\"auto\">Kdy\u017e byl popraven \u2013 nespravedliv\u011b obvin\u011bn, zbit, p\u0159ibit na k\u0159\u00ed\u017e \u2013 Je\u017e\u00ed\u0161 nevolal po pomst\u011b. Modlil se: \u201eOt\u010de, odpus\u0165 jim.\u201c<\/span><\/p>\n<p><span dir=\"auto\">Odpus\u0165te jim. Ne pomstu. Ne odvetu. Ne \u201edrtivou s\u00edlu\u201c. Ne \u201e\u017e\u00e1dn\u00e9 slitov\u00e1n\u00ed\u201c.<\/span><\/p>\n<p><span dir=\"auto\">A p\u0159esto n\u00e1m dnes \u0159\u00edkaj\u00ed, \u017ee n\u00e1sil\u00ed p\u0159in\u00e1\u0161\u00ed m\u00edr, \u017ee dominance zaru\u010duje bezpe\u010dnost a \u017ee pomsta je s\u00edla.<\/span><\/p>\n<p><span dir=\"auto\">To je v rozporu se v\u0161\u00edm, za \u010d\u00edm Je\u017e\u00ed\u0161 st\u00e1l.<\/span><\/p>\n<p><span dir=\"auto\">To, co pro\u017e\u00edv\u00e1me, nen\u00ed k\u0159es\u0165anstv\u00ed.<\/span><\/p>\n<p><span dir=\"auto\">Je to k\u0159es\u0165ansk\u00fd nacionalismus \u2013 n\u00e1hradn\u00ed n\u00e1bo\u017eenstv\u00ed, kter\u00e9 od\u00edv\u00e1 politickou moc do n\u00e1bo\u017eensk\u00e9ho jazyka a prezentuje ji jako posv\u00e1tnou.<\/span><\/p>\n<p><span dir=\"auto\">Je to zbo\u017e\u0161\u0165ov\u00e1n\u00ed n\u00e1roda, maskovan\u00e9 jako oddanost Bohu.<\/span><\/p>\n<p><span dir=\"auto\">Jak varoval teolog Mark Lewis Taylor, skute\u010dn\u00e1 s\u00edla Je\u017e\u00ed\u0161e spo\u010d\u00edv\u00e1 v kritice \u0159\u00ed\u0161e \u2013 nikoli v jej\u00edm korunov\u00e1n\u00ed.<\/span><\/p>\n<p><span dir=\"auto\">K\u0159es\u0165an\u00e9 nejsou povol\u00e1ni ztoto\u017e\u0148ovat se s moc\u00ed, ale postavit se moci pravdou \u2013 i za vysokou cenu.<\/span><\/p>\n<p><span dir=\"auto\">To byla v\u017edycky d\u011blic\u00ed \u010d\u00e1ra mezi skute\u010dnou v\u00edrou a politick\u00fdm n\u00e1bo\u017eenstv\u00edm.<\/span><\/p>\n<p><span dir=\"auto\">Ale dnes mnoho c\u00edrkv\u00ed tento p\u0159\u00edstup opustilo. Vym\u011bnily proroctv\u00ed za bl\u00edzkost moci. K\u0159\u00ed\u017e za vlajku.<\/span><\/p>\n<p><span dir=\"auto\">Jak p\u00ed\u0161e\u00a0Peter Wehner v\u00a0<\/span><em><span dir=\"auto\">den\u00edku The Atlantic :<\/span><\/em><\/p>\n<p><span dir=\"auto\">\u201eDonald\u016fv marketingov\u00fd g\u00e9nius spo\u010d\u00edv\u00e1 v tom, \u017ee se k\u0159es\u0165an\u016fm nikdy neprodal jako jeden z nich \u2013 zbo\u017en\u00fd, oddan\u00fd, milosrdn\u00fd, odpou\u0161t\u011bj\u00edc\u00ed, m\u00edrumilovn\u00fd, zb\u011bhl\u00fd v Bibli, v\u011brn\u00fd man\u017eel a otec, mu\u017e s vysok\u00fdmi mor\u00e1ln\u00edmi standardy. M\u00edsto toho se prodal jako jejich ochr\u00e1nce. Netajil se svou krutost\u00ed ani p\u0159esv\u011bd\u010den\u00edm, \u017ee c\u00edl sv\u011bt\u00ed prost\u0159edky\u2026 K\u0159es\u0165an\u016fm se prezentoval jako tvrd\u00fd, ba a\u017e nemilosrdn\u00fd bojovn\u00edk v jejich jm\u00e9nu. Fungovalo to. Vybudoval si obrovsk\u00e9, loaj\u00e1ln\u00ed a fanatick\u00e9 n\u00e1sledovn\u00edky\u2026 Velk\u00e1 \u010d\u00e1st dne\u0161n\u00edho evangelik\u00e1ln\u00edho sv\u011bta nevn\u00edm\u00e1 Trumpovu tvrdost jako ne\u0159est, ale jako ctnost, pokud je pou\u017e\u00edv\u00e1na proti t\u011bm, kter\u00e9 pova\u017euj\u00ed za sv\u00e9 nep\u0159\u00e1tele.\u201c<\/span><\/p>\n<p><span dir=\"auto\">T\u00edm, \u017ee modern\u00ed evangelik\u00e1ln\u00ed c\u00edrkev v Americe opustila radik\u00e1ln\u00edho a nepohodln\u00e9ho Je\u017e\u00ed\u0161e, ho nahradila hrub\u00fdm a mstiv\u00fdm politick\u00fdm spasitelem.<\/span><\/p>\n<p><span dir=\"auto\">V\u00fdsledkem je hlubok\u00fd rozpor mezi t\u00edm, \u010d\u00edm by k\u0159es\u0165anstv\u00ed m\u011blo b\u00fdt, a t\u00edm, \u010d\u00edm se stalo v americk\u00e9m policejn\u00edm st\u00e1t\u011b.<\/span><\/p>\n<p><span dir=\"auto\">Ti sam\u00ed k\u0159es\u0165an\u00e9, kte\u0159\u00ed podporuj\u00ed politick\u00e1 opat\u0159en\u00ed zalo\u017een\u00e1 na krutosti, podvodu a n\u00e1sil\u00ed, z\u00e1rove\u0148 hrd\u011b vystavuj\u00ed na odiv sv\u00e9 k\u0159\u00ed\u017ee a cituj\u00ed biblick\u00e9 ver\u0161e.<\/span><\/p>\n<p><span dir=\"auto\">Tento rozpor mluv\u00ed hlasit\u011bji ne\u017e jak\u00e9koli k\u00e1z\u00e1n\u00ed.<\/span><\/p>\n<p><span dir=\"auto\">Ukazuje sv\u011btu, \u017ee k\u0159es\u0165anstv\u00ed u\u017e nen\u00ed o n\u00e1sledov\u00e1n\u00ed Je\u017e\u00ed\u0161e \u2013 ale o moci.<\/span><\/p>\n<p><span dir=\"auto\">To nen\u00ed nic nov\u00e9ho.<\/span><\/p>\n<p><span dir=\"auto\">Moc se v\u017edy sna\u017eila kooptovat n\u00e1bo\u017eenstv\u00ed.<\/span><\/p>\n<p><span dir=\"auto\">Ale cena je vysok\u00e1. N\u00e1bo\u017eensk\u00e9 instituce ztr\u00e1cej\u00ed svou integritu, mor\u00e1ln\u00ed autoritu a sv\u00e9 poselstv\u00ed.<\/span><\/p>\n<p><span dir=\"auto\">Proto\u017ee skute\u010dn\u00fd Je\u017e\u00ed\u0161 je nebezpe\u010dn\u00fd pro ty, kte\u0159\u00ed jsou u moci.<\/span><\/p>\n<p><span dir=\"auto\">Nelichot\u00ed kr\u00e1l\u016fm. Konfrontuje je.<\/span><\/p>\n<p><span dir=\"auto\">Je\u017e\u00ed\u0161 nebyl uk\u0159i\u017eov\u00e1n proto, \u017ee byl hodn\u00fd. Byl popraven jako hrozba.<\/span><\/p>\n<p><span dir=\"auto\">A to vyvol\u00e1v\u00e1 nep\u0159\u00edjemnou ot\u00e1zku:<\/span><\/p>\n<p><span dir=\"auto\">Kdyby se Je\u017e\u00ed\u0161 dnes objevil v centrech moci \u2013 v Pentagonu, v B\u00edl\u00e9m dom\u011b, v Kongresu \u2013 byl by v\u00edt\u00e1n?<\/span><\/p>\n<p><span dir=\"auto\">Nebo monitorovat, uml\u010det a klasifikovat jako hrozbu?<\/span><\/p>\n<p><span dir=\"auto\">K\u0159es\u0165anstv\u00ed, kter\u00e9 se dnes \u0161\u00ed\u0159\u00ed, toti\u017e nen\u00ed v\u00edrou odporu \u2013 ale poslu\u0161nosti moci.<\/span><\/p>\n<p><span dir=\"auto\">Je\u017e\u00ed\u0161 ale nebyl na stran\u011b mocn\u00fdch.<\/span><\/p>\n<p><span dir=\"auto\">St\u00e1l na stran\u011b chud\u00fdch, marginalizovan\u00fdch, v\u011bz\u0148\u016f, cizinc\u016f.<\/span><\/p>\n<p><span dir=\"auto\">Dnes je v\u0161ak moc oslavov\u00e1na, bohatstv\u00ed posv\u011bcov\u00e1no a po\u017eadov\u00e1na loajalita ke st\u00e1tu \u2013 a tomu se \u0159\u00edk\u00e1 \u201ev\u00edra\u201c.<\/span><\/p>\n<p><span dir=\"auto\">Ale Je\u017e\u00ed\u0161 m\u011bl jasno:<\/span><\/p>\n<p><span dir=\"auto\">\u201eKdo se povy\u0161uje, bude pon\u00ed\u017een.\u201c<\/span><\/p>\n<p><span dir=\"auto\">&#8222;Blahoslaven\u00ed milosrdn\u00ed.&#8220;<\/span><\/p>\n<p><span dir=\"auto\">&#8222;Blahoslaven\u00ed ti, kdo tvo\u0159\u00ed pokoj.&#8220;<\/span><\/p>\n<p><span dir=\"auto\">Neexistuje \u017e\u00e1dn\u00e1 v\u00fdjimka \u201ev z\u00e1jmu n\u00e1rodn\u00ed bezpe\u010dnosti\u201c.<\/span><\/p>\n<p><span dir=\"auto\">Toto je mor\u00e1ln\u00ed krize na\u0161\u00ed doby.<\/span><\/p>\n<p><span dir=\"auto\">St\u00e1t nejen\u017ee vede nekone\u010dn\u00e9 v\u00e1lky \u2013 ale d\u011bl\u00e1 to ve jm\u00e9nu Boha.<\/span><\/p>\n<p><span dir=\"auto\">A \u017ee to slav\u00ed a\u017e p\u0159\u00edli\u0161 mnoho lid\u00ed.<\/span><\/p>\n<p><span dir=\"auto\">Ran\u00ed k\u0159es\u0165an\u00e9 ch\u00e1pali n\u011bco, co se dnes ztr\u00e1c\u00ed: jejich loajalita nepat\u0159ila \u0159\u00ed\u0161i.<\/span><\/p>\n<p><span dir=\"auto\">Odm\u00edtli se p\u0159izp\u016fsobit.<\/span><\/p>\n<p><span dir=\"auto\">Dnes se v\u0161ak velk\u00e1 \u010d\u00e1st C\u00edrkve p\u0159ibl\u00ed\u017eila k moci \u2013 a stala se j\u00ed podobnou.<\/span><\/p>\n<p><span dir=\"auto\">Je\u017e\u00ed\u0161ovo u\u010den\u00ed se ale nezm\u011bnilo.<\/span><\/p>\n<p><span dir=\"auto\">Neust\u00e1le n\u00e1s vyz\u00fdvaj\u00ed.<\/span><\/p>\n<p><span dir=\"auto\">A nemohou b\u00fdt zneu\u017eity k politick\u00fdm \u00fa\u010del\u016fm.<\/span><\/p>\n<p><span dir=\"auto\">Nakonec zb\u00fdv\u00e1 rozhodnut\u00ed:<\/span><\/p>\n<p><span dir=\"auto\">N\u00e1sledujeme Imp\u00e9rium \u2013 nebo Je\u017e\u00ed\u0161e?<\/span><\/p>\n<p><span dir=\"auto\">\u017dehn\u00e1me n\u00e1sil\u00ed \u2013 nebo \u017eijeme milosrdenstv\u00ed?<\/span><\/p>\n<p><span dir=\"auto\">P\u0159izp\u016fsob\u00edme se \u2013 nebo se br\u00e1n\u00edme?<\/span><\/p>\n<p><span dir=\"auto\">Proto\u017ee tyto cesty nejsou stejn\u00e9.<\/span><\/p>\n<p><span dir=\"auto\">A nikdy nebyli.<\/span><\/p>\n<p><span dir=\"auto\">\u201eJe\u017e\u00ed\u0161 plakal.\u201c<\/span><\/p>\n<p><span dir=\"auto\">Plakal pro sv\u011bt, kter\u00fd si plete moc se spravedlnost\u00ed.<\/span><\/p>\n<p><span dir=\"auto\">Plakal pro lid, kter\u00fd d\u00e1val p\u0159ednost vl\u00e1dnut\u00ed p\u0159ed l\u00e1skou.<\/span><\/p>\n<p><span dir=\"auto\">Plakal pro ty, kte\u0159\u00ed pou\u017e\u00edvaj\u00ed jeho jm\u00e9no, zat\u00edmco zrazuj\u00ed v\u0161e, za \u010d\u00edm st\u00e1l.<\/span><\/p>\n<p><span dir=\"auto\">A kdy\u017e se pod\u00edv\u00e1me pozorn\u011b \u2013 st\u00e1le pl\u00e1\u010de.<\/span><\/p>\n<p><strong><em><span dir=\"auto\">Od Johna a Nishy Whiteheadov\u00fdch<\/span><\/em><\/strong><\/p>\n<\/div>\n<\/div>\n<div class=\"elementor-element elementor-element-8c57238 quelle dc-has-condition dc-condition-empty elementor-widget elementor-widget-heading\" data-id=\"8c57238\" data-element_type=\"widget\" data-e-type=\"widget\" data-widget_type=\"heading.default\">\n<div class=\"elementor-widget-container\">\n<h3 class=\"elementor-heading-title elementor-size-default\"><span style=\"font-size: 10pt;\"><a href=\"https:\/\/www.lewrockwell.com\/2026\/04\/no_author\/hijacking-religion-how-the-pentagon-turned-the-sermon-on-the-mount-into-a-war-manual\/\" target=\"_blank\" rel=\"nofollow noopener\"><span dir=\"auto\">Zdroj<\/span><\/a><\/span><\/h3>\n<p>&nbsp;<\/p>\n<\/div>\n<\/div>\n","protected":false},"excerpt":{"rendered":"<p>\u201eBlahoslaven\u00ed milosrdn\u00ed, nebo\u0165 oni dojdou milosrdenstv\u00ed. Blahoslaven\u00ed \u010dist\u00e9ho srdce, nebo\u0165 oni uvid\u00ed Boha. Blahoslaven\u00ed ti,&#8230;<\/p>\n","protected":false},"author":2,"featured_media":103714,"comment_status":"closed","ping_status":"closed","sticky":false,"template":"","format":"standard","meta":[],"categories":[7],"tags":[1503,173,37,2024],"_links":{"self":[{"href":"https:\/\/www.infokuryr.cz\/n\/wp-json\/wp\/v2\/posts\/103713"}],"collection":[{"href":"https:\/\/www.infokuryr.cz\/n\/wp-json\/wp\/v2\/posts"}],"about":[{"href":"https:\/\/www.infokuryr.cz\/n\/wp-json\/wp\/v2\/types\/post"}],"author":[{"embeddable":true,"href":"https:\/\/www.infokuryr.cz\/n\/wp-json\/wp\/v2\/users\/2"}],"replies":[{"embeddable":true,"href":"https:\/\/www.infokuryr.cz\/n\/wp-json\/wp\/v2\/comments?post=103713"}],"version-history":[{"count":0,"href":"https:\/\/www.infokuryr.cz\/n\/wp-json\/wp\/v2\/posts\/103713\/revisions"}],"wp:featuredmedia":[{"embeddable":true,"href":"https:\/\/www.infokuryr.cz\/n\/wp-json\/wp\/v2\/media\/103714"}],"wp:attachment":[{"href":"https:\/\/www.infokuryr.cz\/n\/wp-json\/wp\/v2\/media?parent=103713"}],"wp:term":[{"taxonomy":"category","embeddable":true,"href":"https:\/\/www.infokuryr.cz\/n\/wp-json\/wp\/v2\/categories?post=103713"},{"taxonomy":"post_tag","embeddable":true,"href":"https:\/\/www.infokuryr.cz\/n\/wp-json\/wp\/v2\/tags?post=103713"}],"curies":[{"name":"wp","href":"https:\/\/api.w.org\/{rel}","templated":true}]}}