{"id":10370,"date":"2022-05-08T05:33:25","date_gmt":"2022-05-08T03:33:25","guid":{"rendered":"http:\/\/www.infokuryr.cz\/n\/?p=10370"},"modified":"2022-05-08T05:33:25","modified_gmt":"2022-05-08T03:33:25","slug":"zamerne-zvyhodnovani-ukrajincu-vuci-cechum-s-cilem-rozestvat-je-proti-sobe","status":"publish","type":"post","link":"https:\/\/www.infokuryr.cz\/n\/2022\/05\/08\/zamerne-zvyhodnovani-ukrajincu-vuci-cechum-s-cilem-rozestvat-je-proti-sobe\/","title":{"rendered":"Z\u00e1m\u011brn\u00e9 zv\u00fdhod\u0148ov\u00e1n\u00ed Ukrajinc\u016f v\u016f\u010di \u010cech\u016fm s c\u00edlem roze\u0161tvat je proti sob\u011b&#8230;"},"content":{"rendered":"<div id=\"fb-root\"><\/div>\n<h2 class=\"entry-title\">&#8230;a odv\u00e9st pozornost od pl\u00e1n\u016f nejstar\u0161\u00ed mafie sv\u011bta, kter\u00e1 usiluje o likvidac\u00ed b\u00edl\u00fdch n\u00e1rod\u016f<\/h2>\n<p>N<strong>al\u00e1k\u00e1n\u00ed v\u00edce ne\u017e 300 tis\u00edc ukrajinsk\u00fdch (v naprost\u00e9 v\u011bt\u0161in\u011b) ekonomick\u00fdch uprchl\u00edk\u016f do \u010ceska and jejich ostentativn\u00ed zv\u00fdhod\u0148ov\u00e1n\u00ed v\u016f\u010di dom\u00e1c\u00edmu obyvatelstvu vyvolalo mezi \u010deskou ve\u0159ejnost\u00ed velk\u00e9 pobou\u0159en\u00ed.\u00a0<\/strong>Ukrajinci dost\u00e1vaj\u00ed byty zdarma, zdravotn\u00ed p\u00e9\u010di zdarma, parkov\u00e1n\u00ed zdarma, kulturn\u00ed akce a dopravu zdarma a je\u0161t\u011b ka\u017ed\u00fd m\u011bs\u00edc 5 000 k\u010d na hlavu jako kapesn\u00e9. N\u011bkde dokonce dostanou hotov\u00e9 pen\u00edze na \u201erozjezd\u201c podnik\u00e1n\u00ed ve v\u00fd\u0161i 50 tis\u00edc K\u010d. <strong>Lid\u00e9 se proto roz\u010diluj\u00ed na \u201eukrajinskou\u201c (\u010deskou) vl\u00e1du P. Fialy z ODS, \u017ee na m\u00edstn\u00ed obyvatelstvo ka\u0161le a nech\u00e1v\u00e1 ho d\u00edky um\u011ble vyvolan\u00e9 energetick\u00e9 krizi spadnout do chudoby.<\/strong><\/p>\n<figure class=\"wp-block-image size-full\"><img decoding=\"async\" loading=\"lazy\" class=\"wp-image-12725\" src=\"https:\/\/ceskavec.com\/wp-content\/uploads\/2022\/04\/ovce.png\" sizes=\"(max-width: 768px) 100vw, 768px\" srcset=\"https:\/\/ceskavec.com\/wp-content\/uploads\/2022\/04\/ovce.png 768w, https:\/\/ceskavec.com\/wp-content\/uploads\/2022\/04\/ovce-300x298.png 300w, https:\/\/ceskavec.com\/wp-content\/uploads\/2022\/04\/ovce-150x150.png 150w\" alt=\"\" width=\"545\" height=\"541\" \/><\/figure>\n<p><strong>Bohu\u017eel v\u011bt\u0161ina lid\u00ed nech\u00e1pe, \u017ee to je tak nastaveno z\u00e1m\u011brn\u011b. Stoj\u00ed za t\u00edm nejstar\u0161\u00ed mafie sv\u011bta, kter\u00e1 chce um\u011bl\u00fdm roze\u0161tv\u00e1n\u00edm \u010cech\u016f proti Ukrajinc\u016fm dos\u00e1hnout toho, \u017ee se tyhle dv\u011b skupiny budou nen\u00e1vid\u011bt a nosat\u00fd mafi\u00e1n, kter\u00fd likviduje b\u00edl\u00e9 evropsk\u00e9 n\u00e1rody bude zat\u00edm skryt za oponou.\u00a0<\/strong>Je to ji\u017e stalet\u00ed po\u017e\u00edvan\u00e1 taktika a lid\u00e9 by si m\u011bli kone\u010dn\u011b uv\u011bdomit, \u017ee jejich\u00a0<strong>protivn\u00edkem nen\u00ed Ukrajinec, kter\u00fd sem byl um\u011ble nal\u00e1k\u00e1n. Jejich protivn\u00edkem je finan\u010dn\u00ed glob\u00e1ln\u00ed oligarchie a jej\u00ed m\u00edstn\u00ed p\u00e1t\u00e1 kolona. Ano, \u010ce\u0161i jsou ve v\u00e1lce! Nikoliv ale s Rusem. \u010ce\u0161i jsou ve v\u00e1lce s nejstar\u0161\u00ed mafi\u00ed sv\u011bta a tu v\u00e1lku \u010cech\u016fm vyhl\u00e1sila nestar\u0161\u00ed mafie sv\u011bta ji\u017e p\u0159ed mnoha lety. Je to boj na \u017eivot na smrt a agresor nezn\u00e1 slitov\u00e1n\u00ed<\/strong>. Bu\u010f zv\u00edt\u011bz\u00ed on,\u00a0<strong>nebo se \u010ce\u0161i postav\u00ed na rozhodn\u00fd odpor t\u00e9hle hyd\u0159e a vyhraj\u00ed tuhle jim vyhl\u00e1\u0161enou v\u00e1lkou jednou a prov\u017edy. Jinak budou zcela fyzicky zlikvidov\u00e1ni.<\/strong><\/p>\n<figure class=\"wp-block-image size-full\"><img decoding=\"async\" loading=\"lazy\" class=\"wp-image-12564\" src=\"https:\/\/ceskavec.com\/wp-content\/uploads\/2022\/03\/Ukrajinci.jpg\" sizes=\"(max-width: 760px) 100vw, 760px\" srcset=\"https:\/\/ceskavec.com\/wp-content\/uploads\/2022\/03\/Ukrajinci.jpg 760w, https:\/\/ceskavec.com\/wp-content\/uploads\/2022\/03\/Ukrajinci-300x150.jpg 300w\" alt=\"\" width=\"640\" height=\"320\" \/><figcaption>Ukrajinec nen\u00ed nep\u0159\u00edtel \u010cech\u016f, on je jen n\u00e1stroj nejstar\u0161\u00ed mafie sv\u011bta na vyvol\u00e1n\u00ed ob\u010dansk\u00e9 v\u00e1lky<\/figcaption><\/figure>\n<p><a href=\"https:\/\/ceskavec.com\/2022\/05\/zamerne-zvyhodnovani-nalakanych-ukrajincu-vuci-cechum-s-cilem-rozestvat-je-proti-sobe-a-odvest-pozornost-od-nejstarsi-mafie-sveta-ktera-stoji-za-likvidaci-bilych-narodu\">Joe Nowak, Chicago, USA<\/a><\/p>\n<p>&nbsp;<\/p>\n","protected":false},"excerpt":{"rendered":"<p>&#8230;a odv\u00e9st pozornost od pl\u00e1n\u016f nejstar\u0161\u00ed mafie sv\u011bta, kter\u00e1 usiluje o likvidac\u00ed b\u00edl\u00fdch n\u00e1rod\u016f Nal\u00e1k\u00e1n\u00ed&#8230;<\/p>\n","protected":false},"author":2,"featured_media":1419,"comment_status":"closed","ping_status":"closed","sticky":false,"template":"","format":"standard","meta":[],"categories":[6],"tags":[670,1497,192,1635,148],"_links":{"self":[{"href":"https:\/\/www.infokuryr.cz\/n\/wp-json\/wp\/v2\/posts\/10370"}],"collection":[{"href":"https:\/\/www.infokuryr.cz\/n\/wp-json\/wp\/v2\/posts"}],"about":[{"href":"https:\/\/www.infokuryr.cz\/n\/wp-json\/wp\/v2\/types\/post"}],"author":[{"embeddable":true,"href":"https:\/\/www.infokuryr.cz\/n\/wp-json\/wp\/v2\/users\/2"}],"replies":[{"embeddable":true,"href":"https:\/\/www.infokuryr.cz\/n\/wp-json\/wp\/v2\/comments?post=10370"}],"version-history":[{"count":0,"href":"https:\/\/www.infokuryr.cz\/n\/wp-json\/wp\/v2\/posts\/10370\/revisions"}],"wp:featuredmedia":[{"embeddable":true,"href":"https:\/\/www.infokuryr.cz\/n\/wp-json\/wp\/v2\/media\/1419"}],"wp:attachment":[{"href":"https:\/\/www.infokuryr.cz\/n\/wp-json\/wp\/v2\/media?parent=10370"}],"wp:term":[{"taxonomy":"category","embeddable":true,"href":"https:\/\/www.infokuryr.cz\/n\/wp-json\/wp\/v2\/categories?post=10370"},{"taxonomy":"post_tag","embeddable":true,"href":"https:\/\/www.infokuryr.cz\/n\/wp-json\/wp\/v2\/tags?post=10370"}],"curies":[{"name":"wp","href":"https:\/\/api.w.org\/{rel}","templated":true}]}}