{"id":103684,"date":"2026-04-03T00:33:40","date_gmt":"2026-04-02T22:33:40","guid":{"rendered":"https:\/\/www.infokuryr.cz\/n\/?p=103684"},"modified":"2026-04-02T17:09:49","modified_gmt":"2026-04-02T15:09:49","slug":"stanislav-novotny-chce-nas-usa-izrael-a-eu-vyhladovet","status":"publish","type":"post","link":"https:\/\/www.infokuryr.cz\/n\/2026\/04\/03\/stanislav-novotny-chce-nas-usa-izrael-a-eu-vyhladovet\/","title":{"rendered":"Stanislav Novotn\u00fd: Chce n\u00e1s USA, Izrael a EU vyhladov\u011bt?"},"content":{"rendered":"<div id=\"fb-root\"><\/div>\n<p>Bezd\u016fvodn\u00fd izraelsko-americk\u00fd \u00fatok na \u00cdr\u00e1n ni\u010d\u00ed v\u0161echny a v\u0161echno. P\u0159esta\u0148me slou\u017eit z\u00e1jm\u016fm americk\u00fdch oligarch\u016f a jejich evropsk\u00fdm struktur\u00e1m. Vytv\u00e1\u0159ej\u00ed chaos a cht\u011bj\u00ed n\u00e1s p\u0159inutit k otrock\u00e9 poslu\u0161nosti.<\/p>\n<p><iframe loading=\"lazy\" title=\"Stanislav Novotn\u00fd: Chce n\u00e1s USA, Izrael a EU vyhladov\u011bt?\" width=\"640\" height=\"360\" src=\"https:\/\/www.youtube.com\/embed\/kvdDjFpEVL0?start=1&#038;feature=oembed\" frameborder=\"0\" allow=\"accelerometer; autoplay; clipboard-write; encrypted-media; gyroscope; picture-in-picture; web-share\" referrerpolicy=\"strict-origin-when-cross-origin\" allowfullscreen><\/iframe><\/p>\n<h4>Stanislav Novotn\u00fd \/ O \u010dem se ml\u010d\u00ed<\/h4>\n<p>&nbsp;<\/p>\n","protected":false},"excerpt":{"rendered":"<p>Bezd\u016fvodn\u00fd izraelsko-americk\u00fd \u00fatok na \u00cdr\u00e1n ni\u010d\u00ed v\u0161echny a v\u0161echno. P\u0159esta\u0148me slou\u017eit z\u00e1jm\u016fm americk\u00fdch oligarch\u016f a&#8230;<\/p>\n","protected":false},"author":2,"featured_media":45361,"comment_status":"closed","ping_status":"closed","sticky":false,"template":"","format":"standard","meta":[],"categories":[6],"tags":[41,1941,107,1503,37,40,889],"_links":{"self":[{"href":"https:\/\/www.infokuryr.cz\/n\/wp-json\/wp\/v2\/posts\/103684"}],"collection":[{"href":"https:\/\/www.infokuryr.cz\/n\/wp-json\/wp\/v2\/posts"}],"about":[{"href":"https:\/\/www.infokuryr.cz\/n\/wp-json\/wp\/v2\/types\/post"}],"author":[{"embeddable":true,"href":"https:\/\/www.infokuryr.cz\/n\/wp-json\/wp\/v2\/users\/2"}],"replies":[{"embeddable":true,"href":"https:\/\/www.infokuryr.cz\/n\/wp-json\/wp\/v2\/comments?post=103684"}],"version-history":[{"count":0,"href":"https:\/\/www.infokuryr.cz\/n\/wp-json\/wp\/v2\/posts\/103684\/revisions"}],"wp:featuredmedia":[{"embeddable":true,"href":"https:\/\/www.infokuryr.cz\/n\/wp-json\/wp\/v2\/media\/45361"}],"wp:attachment":[{"href":"https:\/\/www.infokuryr.cz\/n\/wp-json\/wp\/v2\/media?parent=103684"}],"wp:term":[{"taxonomy":"category","embeddable":true,"href":"https:\/\/www.infokuryr.cz\/n\/wp-json\/wp\/v2\/categories?post=103684"},{"taxonomy":"post_tag","embeddable":true,"href":"https:\/\/www.infokuryr.cz\/n\/wp-json\/wp\/v2\/tags?post=103684"}],"curies":[{"name":"wp","href":"https:\/\/api.w.org\/{rel}","templated":true}]}}