{"id":103680,"date":"2026-04-03T00:35:58","date_gmt":"2026-04-02T22:35:58","guid":{"rendered":"https:\/\/www.infokuryr.cz\/n\/?p=103680"},"modified":"2026-04-02T17:04:51","modified_gmt":"2026-04-02T15:04:51","slug":"alexandre-lemoine-utoky-proti-iranu-vzdalily-spojene-staty-od-jejich-evropskych-spojencu","status":"publish","type":"post","link":"https:\/\/www.infokuryr.cz\/n\/2026\/04\/03\/alexandre-lemoine-utoky-proti-iranu-vzdalily-spojene-staty-od-jejich-evropskych-spojencu\/","title":{"rendered":"Alexandre Lemoine: \u00datoky proti \u00cdr\u00e1nu vzd\u00e1lily Spojen\u00e9 st\u00e1ty od jejich evropsk\u00fdch spojenc\u016f"},"content":{"rendered":"<div id=\"fb-root\"><\/div>\n<p><strong><span dir=\"auto\">Trump nazna\u010dil, \u017ee zem\u00edm NATO v jejich konfrontaci s Ruskem nepom\u016f\u017ee, pokud ho nebudou podporovat na Bl\u00edzk\u00e9m v\u00fdchod\u011b.<\/span><\/strong><\/p>\n<p><span dir=\"auto\">Vojensk\u00e9 operace na Bl\u00edzk\u00e9m v\u00fdchod\u011b, na rozd\u00edl od v\u011bt\u0161iny p\u0159edchoz\u00edch v\u00e1lek veden\u00fdch Spojen\u00fdmi st\u00e1ty, nepos\u00edlily, ale sp\u00ed\u0161e oslabily solidaritu mezi Washingtonem a jeho evropsk\u00fdmi spojenci. A d\u016fvodem je Donald Trump.\u00a0<\/span><\/p>\n<p><span dir=\"auto\">Americk\u00fd prezident d\u00e1v\u00e1 svou nelibost v\u016f\u010di Evropan\u016fm a\u017e p\u0159\u00edli\u0161 ok\u00e1zale najevo a domn\u00edv\u00e1 se, \u017ee m\u011bli jeho v\u00e1lku okam\u017eit\u011b a bezv\u00fdhradn\u011b podpo\u0159it. A nyn\u00ed dal jasn\u011b najevo svou volbu: zam\u011b\u0159\u00ed se na v\u00e1lku proti \u00cdr\u00e1nu a s Ruskem se bude muset vypo\u0159\u00e1dat NATO. Neexistuje \u017e\u00e1dn\u00e1 z\u00e1ruka, \u017ee se tak skute\u010dn\u011b stane. Trump je zn\u00e1m\u00fd t\u00edm, \u017ee rychle m\u011bn\u00ed n\u00e1zor. Roztr\u017eka ve vztaz\u00edch mezi Spojen\u00fdmi st\u00e1ty a Evropou je v\u0161ak nepopirateln\u00e1.\u00a0<\/span><\/p>\n<p><span dir=\"auto\">List The\u00a0\u00a0<\/span><em><span dir=\"auto\">Telegraph<\/span><\/em><span dir=\"auto\">\u00a0s odvol\u00e1n\u00edm na sv\u00e9 zdroje uv\u00e1d\u00ed, \u017ee Trump hled\u00e1 zp\u016fsoby, jak\u00a0<\/span><a href=\"https:\/\/www.telegraph.co.uk\/world-news\/2026\/03\/27\/trump-weighs-new-pay-to-play-nato\/\" target=\"_blank\" rel=\"noopener\"><span dir=\"auto\">potrestat<\/span><\/a><span dir=\"auto\">\u00a0\u00a0NATO s od\u016fvodn\u011bn\u00edm, \u017ee jeho \u010dlensk\u00e9 zem\u011b nepodporuj\u00ed jeho zahrani\u010dn\u00ed politiku. Americk\u00fd prezident m\u00e1 k tomuto t\u00e9matu \u00fadajn\u011b n\u011bkolik n\u00e1pad\u016f. Jedn\u00edm z nich by byla reorganizace Aliance tak, aby \u010dlenov\u00e9, kte\u0159\u00ed nevynakl\u00e1daj\u00ed 5 % sv\u00e9ho HDP na obranu, byli zbaveni sv\u00e9ho hlasovac\u00edho pr\u00e1va. Nen\u00ed v\u0161ak jasn\u00e9, jak toho Trump hodl\u00e1 dos\u00e1hnout. Jak\u00e1koli reforma NATO nem\u016f\u017ee b\u00fdt provedena pouze Spojen\u00fdmi st\u00e1ty; vy\u017eaduje souhlas v\u0161ech \u010dlensk\u00fdch zem\u00ed. My\u0161lenka, \u017ee Trump hodl\u00e1 potrestat sv\u00e9 spojence, se v\u0161ak zd\u00e1 b\u00fdt pravd\u011bpodobn\u00e1. Ud\u00e1losti v\u00edkendu tento n\u00e1zor podporuj\u00ed.\u00a0<\/span><\/p>\n<p><span dir=\"auto\">B\u011bhem sv\u00e9ho projevu na f\u00f3ru Future Investment Initiative v Miami se Trump vyj\u00e1d\u0159il velmi nelichotiv\u011b o evropsk\u00fdch \u010dlenech NATO. Obvinil je z odm\u00edt\u00e1n\u00ed podpory Spojen\u00fdch st\u00e1t\u016f ve v\u00e1lce proti \u00cdr\u00e1nu. Obzvl\u00e1\u0161t\u011b ho nel\u00edbilo, \u017ee se Evropan\u00e9 nehrnou s \u00fa\u010dast\u00ed na operaci, kter\u00e1 by zaru\u010dila svobodu plavby v Hormuzsk\u00e9m pr\u016flivu. \u201eV\u017edycky jsme byli na jejich stran\u011b. Ale te\u010f, soud\u011b podle jejich \u010din\u016f, u\u017e na jejich stran\u011b nutn\u011b b\u00fdt nemus\u00edme, \u017ee ne?\u201c\u00a0<\/span><a href=\"https:\/\/www.youtube.com\/watch?v=67XOT1z2P3U\" target=\"_blank\" rel=\"noopener\"><span dir=\"auto\">zeptal se<\/span><\/a><span dir=\"auto\">\u00a0Trump pon\u011bkud nejednozna\u010dnou ot\u00e1zkou.\u00a0<\/span><\/p>\n<p><span dir=\"auto\">Prezident Spojen\u00fdch st\u00e1t\u016f se vyj\u00e1d\u0159il k v\u00fdrok\u016fm n\u011bmeck\u00e9ho kancl\u00e9\u0159e Friedricha Merze, a\u010dkoli je interpretoval pom\u011brn\u011b voln\u011b. Na tiskov\u00e9 konferenci v Berl\u00edn\u011b 16. b\u0159ezna, kde se diskutovalo o mo\u017enosti n\u011bmeck\u00e9 pomoci Spojen\u00fdm st\u00e1t\u016fm ve v\u00e1lce proti \u00cdr\u00e1nu, Merz\u00a0<\/span><a href=\"https:\/\/www.zeit.de\/politik\/deutschland\/2026-03\/irankrieg-bundeskanzler-friedrich-merz-militaereinsatz-strasse-von-hormus\" target=\"_blank\" rel=\"noopener\"><span dir=\"auto\">prohl\u00e1sil<\/span><\/a><span dir=\"auto\">\u00a0: \u201ePodle \u00dastavy nem\u00e1me mand\u00e1t od OSN, EU ani NATO, proto\u017ee od sam\u00e9ho za\u010d\u00e1tku bylo jasn\u00e9, \u017ee tato v\u00e1lka nen\u00ed z\u00e1le\u017eitost\u00ed NATO.\u201c Kancl\u00e9\u0159 tak\u00e9 pouk\u00e1zal na to, \u017ee Trump neinformoval sv\u00e9 spojence o sv\u00e9m z\u00e1m\u011bru za\u00fato\u010dit na \u00cdr\u00e1n. \u201eFriedrich, spolkov\u00fd kancl\u00e9\u0159 N\u011bmecka, kter\u00fd je jedn\u00edm z m\u00fdch p\u0159\u00e1tel, \u0159ekl: tohle nen\u00ed na\u0161e v\u00e1lka,\u201c\u00a0<\/span><a href=\"https:\/\/balticnews.com\/trump-criticizes-merz-over-germanys-stance-on-iran-war\/\" target=\"_blank\" rel=\"noopener\"><span dir=\"auto\">posteskl si<\/span><\/a><span dir=\"auto\">\u00a0americk\u00fd prezident . A dodal, \u017ee v takov\u00e9m p\u0159\u00edpad\u011b se ani rusko-ukrajinsk\u00fd konflikt net\u00fdk\u00e1 Ameriky.\u00a0<\/span><\/p>\n<p><span dir=\"auto\">Ve sv\u00e9m projevu v Miami Trump nepochybn\u011b hovo\u0159il p\u0159ev\u00e1\u017en\u011b spont\u00e1nn\u011b, ale fr\u00e1ze o odta\u017een\u00ed se od Ruska se zd\u00e1 b\u00fdt pe\u010dliv\u011b zv\u00e1\u017een\u00e1. Podle zpr\u00e1v m\u00e9di\u00ed pronesl ministr zahrani\u010d\u00ed Marco Rubio t\u00e9m\u011b\u0159 identick\u00e9 pozn\u00e1mky americk\u00fdm spojenc\u016fm na setk\u00e1n\u00ed ministr\u016f zahrani\u010d\u00ed G7, kter\u00e9 se konalo t\u00e9ho\u017e dne ve Francii.\u00a0<\/span><\/p>\n<p><span dir=\"auto\">Noviny\u00a0\u00a0<\/span><em><span dir=\"auto\">Axios<\/span><\/em><span dir=\"auto\">\u00a0\u00a0informovaly o\u00a0<\/span><a href=\"https:\/\/www.axios.com\/2026\/03\/28\/rubio-kallas-ukraine-russia-argument-g7\" target=\"_blank\" rel=\"noopener\"><span dir=\"auto\">h\u00e1dce<\/span><\/a><span dir=\"auto\">\u00a0mezi n\u00edm a vysokou p\u0159edstavitelkou EU pro zahrani\u010dn\u00ed v\u011bci a bezpe\u010dnostn\u00ed politiku Kajou Kallasovou. Zeptala se ho, kdy Spojen\u00e9 st\u00e1ty podniknou rozhodn\u00e9 kroky proti Rusku, kter\u00e9 podle n\u00ed sabotuje m\u00edrov\u00fd proces. Rubio odpov\u011bd\u011bl, \u017ee B\u00edl\u00fd d\u016fm d\u011bl\u00e1 v\u0161e, co je v jeho sil\u00e1ch, aby ukon\u010dil rusko-ukrajinsk\u00fd konflikt. \u201ePokud si mysl\u00edte, \u017ee to dok\u00e1\u017eete l\u00e9pe, jd\u011bte do toho. Nech\u00e1me v\u00e1s p\u0159evz\u00edt velen\u00ed,\u201c \u0159ekl. S\u00e1m Rubio pop\u00edr\u00e1, \u017ee by b\u011bhem t\u00e9to sch\u016fzky do\u0161lo ke konfliktu s Kallasovou.\u00a0<\/span><\/p>\n<p><span dir=\"auto\">P\u0159ed odjezdem z Francie v\u0161ak prohl\u00e1sil n\u011bco, co nazna\u010duje opak. Kallas pova\u017euje Rusko za zastaven\u00fd m\u00edrov\u00fd proces, zat\u00edmco Rubio vinu za pokra\u010duj\u00edc\u00ed konflikt jednozna\u010dn\u011b svaluje na Ukrajinu.\u00a0<\/span><\/p>\n<p><span dir=\"auto\">Obvinil ukrajinsk\u00e9ho prezidenta Volodymyra Zelensk\u00e9ho ze l\u017ei. Zelenskyj\u00a0<\/span><a href=\"https:\/\/www.youtube.com\/live\/G20ON2GJS_8\" target=\"_blank\" rel=\"noopener\"><span dir=\"auto\">prohl\u00e1sil<\/span><\/a><span dir=\"auto\">\u00a0, \u017ee Spojen\u00e9 st\u00e1ty hodlaj\u00ed poskytnout Ukrajin\u011b bezpe\u010dnostn\u00ed z\u00e1ruky a\u017e po sta\u017een\u00ed ukrajinsk\u00fdch vojsk z Donbasu. \u0160\u00e9f ministerstva zahrani\u010d\u00ed uvedl, \u017ee Zelensk\u00e9mu bylo \u0159e\u010deno \u201en\u011bco zcela jin\u00e9ho\u201c: z\u00e1ruky budou ud\u011bleny po skon\u010den\u00ed nep\u0159\u00e1telsk\u00fdch akc\u00ed, nikoli po sta\u017een\u00ed vojsk z jak\u00e9hokoli \u00fazem\u00ed. \u201eNa\u0161\u00ed rol\u00ed bylo ur\u010dit, co ob\u011b strany cht\u011bj\u00ed, a pokusit se naj\u00edt kompromis. Kone\u010dn\u00e9 rozhodnut\u00ed je na Ukrajin\u011b,\u201c \u0159ekl Rubio. Z\u00e1rove\u0148 v\u0161ak zd\u016fraznil, \u017ee pokud Ukrajinci \u201enebudou ochotni u\u010dinit ur\u010dit\u00e1 rozhodnut\u00ed a \u00fastupky\u201c, nep\u0159\u00e1telsk\u00e9 akce budou pokra\u010dovat.\u00a0<\/span><\/p>\n<p><span dir=\"auto\">N\u00e1sleduj\u00edc\u00ed den Zelenskyj v rozhovoru s ukrajinsk\u00fdmi novin\u00e1\u0159i prost\u0159ednictv\u00edm videa\u00a0<\/span><a href=\"https:\/\/www.unian.ua\/politics\/ya-pokazav-tilki-chastinu-aysberga-zelenskiy-vidpoviv-na-zvinuvachennya-rbio-v-brehni-13330521.html\" target=\"_blank\" rel=\"noopener\"><span dir=\"auto\">trval na tom, \u017ee<\/span><\/a><span dir=\"auto\">\u00a0lhal Rubio: Trump\u016fv t\u00fdm trval na tom, \u017ee Ukrajina obdr\u017e\u00ed bezpe\u010dnostn\u00ed z\u00e1ruky a\u017e \u201epo sta\u017een\u00ed na\u0161ich vojsk z Donbasu\u201c.\u00a0<\/span><\/p>\n<p><span dir=\"auto\">V\u0161echny tyto zpr\u00e1vy lze interpretovat r\u016fzn\u00fdmi zp\u016fsoby. Mohly by b\u00fdt vn\u00edm\u00e1ny jako d\u016fkaz, \u017ee Trump chce p\u0159im\u011bt sv\u00e9 spojence, aby vyslali sv\u00e9 lod\u011b do Hormuzsk\u00e9ho pr\u016flivu na pomoc Ameri\u010dan\u016fm. Mohly by v\u0161ak b\u00fdt tak\u00e9 vn\u00edm\u00e1ny jako znamen\u00ed, \u017ee se americk\u00fd prezident kone\u010dn\u011b rozhodl radik\u00e1ln\u011b p\u0159ehodnotit roli sv\u00e9 zem\u011b v rusko-ukrajinsk\u00e9m konfliktu a tak\u00e9 v r\u00e1mci NATO. Pokud je tato druh\u00e1 hypot\u00e9za spr\u00e1vn\u00e1, je d\u016fle\u017eit\u00e9 si uv\u011bdomit, \u017ee se v sou\u010dasn\u00e9 dob\u011b jedn\u00e1 pouze o z\u00e1m\u011br. B\u011bhem t\u00e9\u017ee videokonference v sobotu Zelenskyj zd\u016fraznil, \u017ee nedo\u0161lo k \u017e\u00e1dn\u00e9 zm\u011bn\u011b v dod\u00e1vk\u00e1ch americk\u00fdch zbran\u00ed Ukrajin\u011b. Rubio tento n\u00e1zor zopakoval. Nevylou\u010dil v\u0161ak mo\u017enost, \u017ee zbran\u011b dodan\u00e9 na Ukrajinu by mohly b\u00fdt nakonec p\u0159esm\u011brov\u00e1ny Ameri\u010dan\u016fm bojuj\u00edc\u00edm proti \u00cdr\u00e1nu. \u201eToto nejsou p\u0159esm\u011brovan\u00e9 zbran\u011b.\u00a0<\/span><a href=\"https:\/\/www.state.gov\/releases\/office-of-the-spokesperson\/2026\/03\/secretary-of-state-marco-rubio-remarks-to-press-8\/\" target=\"_blank\" rel=\"noopener\"><span dir=\"auto\">To jsou na\u0161e zbran\u011b<\/span><\/a><span dir=\"auto\">\u00a0,\u201c zopakoval.\u00a0<\/span><\/p>\n<p><a href=\"https:\/\/www.observateur-continental.fr\/?module=articles&amp;action=view&amp;id=7728\"><em><span dir=\"auto\">Alexandre Lemoine<\/span><\/em><\/a><\/p>\n<p>&nbsp;<\/p>\n","protected":false},"excerpt":{"rendered":"<p>Trump nazna\u010dil, \u017ee zem\u00edm NATO v jejich konfrontaci s Ruskem nepom\u016f\u017ee, pokud ho nebudou podporovat&#8230;<\/p>\n","protected":false},"author":2,"featured_media":103681,"comment_status":"closed","ping_status":"closed","sticky":false,"template":"","format":"standard","meta":[],"categories":[7],"tags":[1042,41,3726,37,1863],"_links":{"self":[{"href":"https:\/\/www.infokuryr.cz\/n\/wp-json\/wp\/v2\/posts\/103680"}],"collection":[{"href":"https:\/\/www.infokuryr.cz\/n\/wp-json\/wp\/v2\/posts"}],"about":[{"href":"https:\/\/www.infokuryr.cz\/n\/wp-json\/wp\/v2\/types\/post"}],"author":[{"embeddable":true,"href":"https:\/\/www.infokuryr.cz\/n\/wp-json\/wp\/v2\/users\/2"}],"replies":[{"embeddable":true,"href":"https:\/\/www.infokuryr.cz\/n\/wp-json\/wp\/v2\/comments?post=103680"}],"version-history":[{"count":0,"href":"https:\/\/www.infokuryr.cz\/n\/wp-json\/wp\/v2\/posts\/103680\/revisions"}],"wp:featuredmedia":[{"embeddable":true,"href":"https:\/\/www.infokuryr.cz\/n\/wp-json\/wp\/v2\/media\/103681"}],"wp:attachment":[{"href":"https:\/\/www.infokuryr.cz\/n\/wp-json\/wp\/v2\/media?parent=103680"}],"wp:term":[{"taxonomy":"category","embeddable":true,"href":"https:\/\/www.infokuryr.cz\/n\/wp-json\/wp\/v2\/categories?post=103680"},{"taxonomy":"post_tag","embeddable":true,"href":"https:\/\/www.infokuryr.cz\/n\/wp-json\/wp\/v2\/tags?post=103680"}],"curies":[{"name":"wp","href":"https:\/\/api.w.org\/{rel}","templated":true}]}}