{"id":10368,"date":"2022-05-08T05:29:08","date_gmt":"2022-05-08T03:29:08","guid":{"rendered":"http:\/\/www.infokuryr.cz\/n\/?p=10368"},"modified":"2022-05-08T05:29:08","modified_gmt":"2022-05-08T03:29:08","slug":"otresne-video-uprchlik-bije-francouzskou-policistku-na-parizskem-predmesti-ktere-vypada-jako-afrika","status":"publish","type":"post","link":"https:\/\/www.infokuryr.cz\/n\/2022\/05\/08\/otresne-video-uprchlik-bije-francouzskou-policistku-na-parizskem-predmesti-ktere-vypada-jako-afrika\/","title":{"rendered":"Ot\u0159esn\u00e9 video. Uprchl\u00edk bije francouzskou policistku na pa\u0159\u00ed\u017esk\u00e9m p\u0159edm\u011bst\u00ed, kter\u00e9 vypad\u00e1 jako Afrika"},"content":{"rendered":"<div id=\"fb-root\"><\/div>\n<p>Na soci\u00e1ln\u00edch s\u00edt\u00edch se objevilo ot\u0159esn\u00e9<a href=\"https:\/\/rmx.news\/article\/video-illegal-immigrant-smashes-french-female-police-officers-head-into-parked-car-in-paris\/\">\u00a0video z pa\u0159\u00ed\u017esk\u00e9ho 18. okrsku<\/a>,\u00a0<strong>kde \u010dern\u00fd uprchl\u00edk napadne z\u00e1ke\u0159n\u011b blon\u010fatou francouzskou policistku, kter\u00e1 pom\u00e1h\u00e1 kolegovi p\u0159i zat\u010den\u00ed jin\u00e9ho uprchl\u00edka. Uprchl\u00edk \u017eenu z\u00e1kona chytne a pra\u0161t\u00ed j\u00ed hlavou o auto, n\u00e1sledn\u011b j\u00ed napadne p\u011bstmi. P\u016fvodn\u011b pron\u00e1sledovan\u00fd uprchl\u00edk se pak za podpory okol\u00ed d\u00e1 na \u00fat\u011bk.<\/strong><\/p>\n<p>Ze z\u00e1b\u011bru je patrn\u00e9, \u017ee se jedn\u00e1 o jednu z mnoha no go z\u00f3n ze z\u00e1padn\u00ed Evropy (Francie), kde ji\u017e nem\u00e1 francouzsk\u00fd st\u00e1t \u017e\u00e1dn\u00fd vliv.\u00a0<strong>Co je je\u0161t\u011b smutn\u011bj\u0161\u00ed, jen pohled na okol\u00ed. To p\u0159ipom\u00edn\u00e1 africk\u00e1 velkom\u011bsta. V\u0161ude nepo\u0159\u00e1dek a pouze \u010derno\u0161i a muslimov\u00e9.<\/strong><\/p>\n<p>Tohle je ten z\u00e1pad, kam cht\u011bj\u00ed \u201e\u010desk\u00e9\u201c elity pat\u0159it?<\/p>\n<p><a href=\"https:\/\/ceskavec.com\/2022\/05\/otresne-video-uprchlik-bije-francouzskou-policistku-na-parizskem-predmesti-ktere-vypada-jako-afrika\">\u010cesk\u00e1 v\u011bc<\/a><\/p>\n<p>&nbsp;<\/p>\n","protected":false},"excerpt":{"rendered":"<p>Na soci\u00e1ln\u00edch s\u00edt\u00edch se objevilo ot\u0159esn\u00e9\u00a0video z pa\u0159\u00ed\u017esk\u00e9ho 18. okrsku,\u00a0kde \u010dern\u00fd uprchl\u00edk napadne z\u00e1ke\u0159n\u011b blon\u010fatou&#8230;<\/p>\n","protected":false},"author":2,"featured_media":10369,"comment_status":"closed","ping_status":"closed","sticky":false,"template":"","format":"standard","meta":[],"categories":[7],"tags":[130,551,239,86],"_links":{"self":[{"href":"https:\/\/www.infokuryr.cz\/n\/wp-json\/wp\/v2\/posts\/10368"}],"collection":[{"href":"https:\/\/www.infokuryr.cz\/n\/wp-json\/wp\/v2\/posts"}],"about":[{"href":"https:\/\/www.infokuryr.cz\/n\/wp-json\/wp\/v2\/types\/post"}],"author":[{"embeddable":true,"href":"https:\/\/www.infokuryr.cz\/n\/wp-json\/wp\/v2\/users\/2"}],"replies":[{"embeddable":true,"href":"https:\/\/www.infokuryr.cz\/n\/wp-json\/wp\/v2\/comments?post=10368"}],"version-history":[{"count":0,"href":"https:\/\/www.infokuryr.cz\/n\/wp-json\/wp\/v2\/posts\/10368\/revisions"}],"wp:featuredmedia":[{"embeddable":true,"href":"https:\/\/www.infokuryr.cz\/n\/wp-json\/wp\/v2\/media\/10369"}],"wp:attachment":[{"href":"https:\/\/www.infokuryr.cz\/n\/wp-json\/wp\/v2\/media?parent=10368"}],"wp:term":[{"taxonomy":"category","embeddable":true,"href":"https:\/\/www.infokuryr.cz\/n\/wp-json\/wp\/v2\/categories?post=10368"},{"taxonomy":"post_tag","embeddable":true,"href":"https:\/\/www.infokuryr.cz\/n\/wp-json\/wp\/v2\/tags?post=10368"}],"curies":[{"name":"wp","href":"https:\/\/api.w.org\/{rel}","templated":true}]}}