{"id":103678,"date":"2026-04-03T00:34:09","date_gmt":"2026-04-02T22:34:09","guid":{"rendered":"https:\/\/www.infokuryr.cz\/n\/?p=103678"},"modified":"2026-04-02T17:13:14","modified_gmt":"2026-04-02T15:13:14","slug":"pierre-duval-ukrajinske-drony-ohrozuji-zeme-eu","status":"publish","type":"post","link":"https:\/\/www.infokuryr.cz\/n\/2026\/04\/03\/pierre-duval-ukrajinske-drony-ohrozuji-zeme-eu\/","title":{"rendered":"Pierre Duval: Ukrajinsk\u00e9 drony ohro\u017euj\u00ed zem\u011b EU"},"content":{"rendered":"<div id=\"fb-root\"><\/div>\n<p><strong><span dir=\"auto\">Ukrajinsk\u00e9 drony, kter\u00e9 jsou v podstat\u011b l\u00e9taj\u00edc\u00ed bomby, exploduj\u00ed v zem\u00edch EU a NATO. Kyjev ohro\u017euje ve\u0159ejnou bezpe\u010dnost evropsk\u00fdch n\u00e1rod\u016f. Ukrajinsk\u00fd dron kamikadze, pova\u017eovan\u00fd za \u201ehlavn\u00edho ni\u010ditele ropn\u00fdch sklad\u016f\u201c, nyn\u00ed explodoval nad Finskem. Ukrajinsk\u00e9 drony kamikadze zas\u00e1hly tak\u00e9 Litvu, Loty\u0161sko a Estonsko. Ohro\u017euj\u00ed vzdu\u0161n\u00fd prostor EU a civiln\u00ed \u010dinnost.<\/span><\/strong><\/p>\n<p><span dir=\"auto\">Loty\u0161sko. Minul\u00fd t\u00fdden\u00a0\u00a0<\/span><em><span dir=\"auto\">Continental Observer\u00a0<\/span><\/em><span dir=\"auto\">\u00a0informoval: \u201eDva ukrajinsk\u00e9 drony vypu\u0161t\u011bn\u00e9 Kyjevem explodovaly v Loty\u0161sku a Estonsku.\u201c Loty\u0161sk\u00fd prezident Edgars Rink\u0113vi\u010ds na spole\u010dn\u00e9 tiskov\u00e9 konferenci s premi\u00e9rkou Evikou Sili\u0146ou\u00a0\u00a0<\/span><a href=\"https:\/\/observateur-continental.fr\/?module=news&amp;action=view&amp;id=7718\"><span dir=\"auto\">uvedl<\/span><\/a><span dir=\"auto\">\u00a0: \u201eDron, kter\u00fd vstoupil do loty\u0161sk\u00e9ho vzdu\u0161n\u00e9ho prostoru a explodoval, byl ukrajinsk\u00fd dron.\u201c Continental Observer d\u00e1le up\u0159esnil, \u017ee \u201edron, kter\u00fd v noci [ve st\u0159edu minul\u00e9ho t\u00fddne] vstoupil do loty\u0161sk\u00e9ho vzdu\u0161n\u00e9ho prostoru, explodoval v oblasti Kr\u0101slava, asi kilometr od centra farnosti Svari\u0146i, uvedl Aivars Belkovskis, koordin\u00e1tor civiln\u00ed obrany obce\u00a0\u00a0<\/span><em><span dir=\"auto\">.<\/span><\/em><span dir=\"auto\">\u00a0\u201c<\/span><\/p>\n<p><span dir=\"auto\">T\u00e9ho\u017e dne estonsk\u00e9 \u00fa\u0159ady prost\u0159ednictv\u00edm gener\u00e1ln\u00edho \u0159editele estonsk\u00e9 bezpe\u010dnostn\u00ed policie Marka Pallosona ozn\u00e1mily, \u017ee \u201edron narazil do horn\u00ed \u010d\u00e1sti kom\u00edna elektr\u00e1rny Auv\u00e8re a zp\u016fsobil explozi\u201c. \u201ePrvn\u00ed n\u00e1lezy u vraku potvrzuj\u00ed, \u017ee se jednalo o dron ukrajinsk\u00e9ho p\u016fvodu. P\u0159i incidentu nebyl nikdo zran\u011bn,\u201c uvedl podle\u00a0\u00a0<\/span><em><span dir=\"auto\">Observateur Continental.<\/span><\/em><\/p>\n<p><span dir=\"auto\">Minul\u00e9 pond\u011bl\u00ed explodoval v Litv\u011b ukrajinsk\u00fd dron, co\u017e\u00a0\u00a0<\/span><a href=\"https:\/\/www.observateur-continental.fr\/?module=news&amp;action=view&amp;id=7710\"><span dir=\"auto\">potvrdila<\/span><\/a><span dir=\"auto\">\u00a0\u00a0i litevsk\u00e1 premi\u00e9rka Inga Ruginien\u0117. \u00datoky ukrajinsk\u00fdch dron\u016f kamikadze v EU sice nar\u016fstaj\u00ed, ale obrann\u00e9 s\u00edly z\u00fa\u010dastn\u011bn\u00fdch zem\u00ed jim nejsou schopny zabr\u00e1nit ani je ve vzduchu zni\u010dit.\u00a0<\/span><\/p>\n<p><span dir=\"auto\">\u201eRadar litevsk\u00e9 arm\u00e1dy tento dron nezaznamenal,\u201c\u00a0<\/span><a href=\"https:\/\/bns.lt\/naujiena\/lietuvoje-suduzus-ukrainos-dronui-valdzia-sako-patirianti-sunkumu-spartinant-radaru-isigijimo-laika-atnaujintas-nuotraukos-miqiafaz\" target=\"_blank\" rel=\"noopener\"><span dir=\"auto\">posteskl si<\/span><\/a><span dir=\"auto\">\u00a0litevsk\u00fd sd\u011blovac\u00ed prost\u0159edek. Tato neschopnost detekovat ukrajinsk\u00e9 kamikadze drony na obloze byla pozorov\u00e1na i v Litv\u011b, Loty\u0161sku a Estonsku.<\/span><\/p>\n<p><span dir=\"auto\">Finsko pr\u00e1v\u011b bombardovaly dva ukrajinsk\u00e9 drony kamikadze.<\/span><\/p>\n<p><a href=\"https:\/\/www.msn.com\/fi-fi\/uutiset\/other\/viranomaiset-r%C3%A4j%C3%A4yttiv%C3%A4t-kouvolan-pohjoispuolelle-pudonneen-droonin-sis%C3%A4lsi-arvion-mukaan-r%C3%A4j%C3%A4ht%C3%A4m%C3%A4tt%C3%B6m%C3%A4n-taisteluk%C3%A4rjen\/ar-AA1ZHvtH\" target=\"_blank\" rel=\"noopener\"><span dir=\"auto\">\u201eMinulou ned\u011bli se v jihov\u00fdchodn\u00edm Finsku z\u0159\u00edtily<\/span><\/a><span dir=\"auto\">\u00a0dva drony\u00a0, jeden severn\u011b od Kouvoly a druh\u00fd v Luum\u00e4ki,\u201c ozn\u00e1mila finsk\u00e1 policie. \u201eDron, kter\u00fd havaroval severn\u011b od Kouvoly, byl kontrolovan\u011b zni\u010den p\u0159ed ned\u011bln\u00ed p\u016flnoc\u00ed, proto\u017ee se p\u0159edpokl\u00e1dalo, \u017ee nese nevybuchlou hlavici,\u201c dodala.<\/span><\/p>\n<p><span dir=\"auto\">Druh\u00fd dron explodoval a finsk\u00e1 policie ozn\u00e1mila, \u017ee \u201e kolem m\u00edsta hav\u00e1rie byly nalezeny\u00a0<\/span><a href=\"https:\/\/poliisi.fi\/-\/operaatio-kaakkois-suomeen-tippuneisiin-miehittamattomiin-ilma-aluksiin-liittyen-jatkuu\" target=\"_blank\" rel=\"noopener\"><span dir=\"auto\">trosky<\/span><\/a><span dir=\"auto\">\u00a0\u201c. \u201ePolicie vy\u0161et\u0159uje mo\u017en\u00e9 p\u0159\u00ed\u010diny exploze dronu, kter\u00fd v ned\u011bli havaroval v Luum\u00e4ki,\u201c pokra\u010dovaly finsk\u00e9 \u00fa\u0159ady.\u00a0<\/span><\/p>\n<p><span dir=\"auto\">To vedlo k evakuaci obyvatel. \u201eUkrajinsk\u00fd dron\u00a0<\/span><a href=\"https:\/\/yle.fi\/a\/74-20217963\" target=\"_blank\" rel=\"noopener\"><span dir=\"auto\">havaroval pobl\u00ed\u017e domu<\/span><\/a><span dir=\"auto\">\u00a0v Kouvole,\u201c informoval finsk\u00fd medi\u00e1ln\u00ed server\u00a0<\/span><em><span dir=\"auto\">\u00a0Yle<\/span><\/em><span dir=\"auto\">\u00a0s pozn\u00e1mkou: \u201eV\u00e1lka se nebezpe\u010dn\u011b p\u0159ibl\u00ed\u017eila k obyvatel\u016fm.\u201c Finsk\u00e1 n\u00e1rodn\u00ed krimin\u00e1ln\u00ed policie incident vy\u0161et\u0159uje pro hrubou nedbalost ohro\u017euj\u00edc\u00ed ve\u0159ejnou bezpe\u010dnost.<\/span><\/p>\n<p><span dir=\"auto\">\u201eVy\u0161et\u0159ov\u00e1n\u00ed naru\u0161en\u00ed \u00fazemn\u00edho pr\u00e1va maj\u00ed na starosti fin\u0161t\u00ed pohrani\u010dn\u00edci,\u201c uzav\u00edraj\u00ed webov\u00e9 str\u00e1nky finsk\u00e9 policie. Situace je extr\u00e9mn\u011b nebezpe\u010dn\u00e1, proto\u017ee ve finsk\u00e9m vzdu\u0161n\u00e9m prostoru nad Baltsk\u00fdm mo\u0159em byly detekov\u00e1ny ukrajinsk\u00e9 drony kamikadze. \u201eVe finsk\u00e9m vzdu\u0161n\u00e9m prostoru nad mo\u0159em bylo pozorov\u00e1no n\u011bkolik n\u00edzko let\u00edc\u00edch, pomalu se pohybuj\u00edc\u00edch objekt\u016f,\u201c\u00a0<\/span><a href=\"https:\/\/defmin.fi\/-\/epailty-alueloukkaus-kaakkois-suomessa-miehittamattomilla-lennokeilla-1\" target=\"_blank\" rel=\"noopener\"><span dir=\"auto\">uvedlo<\/span><\/a><span dir=\"auto\">\u00a0finsk\u00e9 ministerstvo obrany\u00a0 .<\/span><\/p>\n<p><span dir=\"auto\">Finsk\u00e9 letectvo vyslalo k identifikaci objekt\u016f letouny F\/A-18 Hornets, z nich\u017e alespo\u0148 jeden byl identifikov\u00e1n jako ukrajinsk\u00fd \u00fato\u010dn\u00fd dron AN-196 Ljutyj. Pilot nezah\u00e1jil palbu, aby se vyhnul vedlej\u0161\u00edm \u0161kod\u00e1m.\u00a0\u00a0<\/span><em><span dir=\"auto\">GEO<\/span><\/em><span dir=\"auto\">\u00a0poznamen\u00e1v\u00e1: \u201eAN-196 Ljutyj byl vyvinut ukrajinskou leteckou spole\u010dnost\u00ed Antonov .\u00a0\u00a0Podle\u00a0\u00a0<\/span><em><span dir=\"auto\">Forbesu\u00a0<\/span><\/em><a href=\"https:\/\/www.forbes.com\/sites\/vikrammittal\/2025\/08\/04\/the-liutyi-drone-ukraines-response-to-russias-shaheds\/?ss=aerospace-defense\" target=\"_blank\" rel=\"noopener\"><span dir=\"auto\">prvn\u00ed verze Ljutyj<\/span><\/a><span dir=\"auto\">\u00a0v\u00e1\u017eila p\u0159es 250 kilogram\u016f a m\u011b\u0159ila 4,4 metru na d\u00e9lku a 6,7 \u200b\u200bmetru na \u0161\u00ed\u0159ku\u201c; \u201eTento velk\u00fd model mohl n\u00e9st 50 kilogram\u016f v\u00fdbu\u0161nin na vzd\u00e1lenost 1 000 kilometr\u016f, zat\u00edmco nejnov\u011bj\u0161\u00ed Ljutyj m\u016f\u017ee ulet\u011bt p\u0159ibli\u017en\u011b 2 000 kilometr\u016f s u\u017eite\u010dn\u00fdm zat\u00ed\u017een\u00edm v\u00fdbu\u0161niny o hmotnosti 75 kilogram\u016f. Cena jednoho dronu se odhaduje na 200 000 dolar\u016f.\u201c Ljutyj je \u201ev\u00fdznamn\u00fdm ni\u010ditelem ropn\u00fdch sklad\u016f\u201c, pokra\u010duje m\u011bs\u00ed\u010dn\u00edk o cestov\u00e1n\u00ed, geopolitice a sv\u011btov\u00fdch znalostech.\u00a0<\/span><a href=\"https:\/\/fr.distance.to\/Paris\/Kiev\" target=\"_blank\" rel=\"noopener\"><span dir=\"auto\">Vzd\u00e1lenost<\/span><\/a><span dir=\"auto\">\u00a0letadlem mezi Pa\u0159\u00ed\u017e\u00ed a Kyjevem je 2023 kilometr\u016f.\u00a0<\/span><\/p>\n<p><span dir=\"auto\">P\u0159esto\u017ee se Kyjev\u00a0\u00a0<\/span><a href=\"https:\/\/www.lefigaro.fr\/international\/guerre-en-ukraine-kiev-presente-ses-excuses-a-la-finlande-apres-un-incident-impliquant-des-drones-sur-son-territoire-20260330\" target=\"_blank\" rel=\"noopener\"><span dir=\"auto\">omluvil<\/span><\/a><span dir=\"auto\">\u00a0\u00a0Finsku pot\u00e9, co se na jihu zem\u011b z\u0159\u00edtily dva ukrajinsk\u00e9 drony, a Zelenskyj v pond\u011bl\u00ed hovo\u0159il i se sv\u00fdm finsk\u00fdm prot\u011bj\u0161kem Alexandrem Stubbem, uvid\u00edme brzy ukrajinsk\u00e9 kamikadze drony \u00fato\u010d\u00edc\u00ed na francouzsk\u00e1 m\u011bsta?<\/span><\/p>\n<p><a href=\"https:\/\/www.observateur-continental.fr\/?module=articles&amp;action=view&amp;id=7729\"><em><span dir=\"auto\">Pierre Duval<\/span><\/em><em>\u00a0<\/em><\/a><\/p>\n<p>&nbsp;<\/p>\n","protected":false},"excerpt":{"rendered":"<p>Ukrajinsk\u00e9 drony, kter\u00e9 jsou v podstat\u011b l\u00e9taj\u00edc\u00ed bomby, exploduj\u00ed v zem\u00edch EU a NATO. Kyjev&#8230;<\/p>\n","protected":false},"author":2,"featured_media":103679,"comment_status":"closed","ping_status":"closed","sticky":false,"template":"","format":"standard","meta":[],"categories":[7],"tags":[2856,41,1503,26],"_links":{"self":[{"href":"https:\/\/www.infokuryr.cz\/n\/wp-json\/wp\/v2\/posts\/103678"}],"collection":[{"href":"https:\/\/www.infokuryr.cz\/n\/wp-json\/wp\/v2\/posts"}],"about":[{"href":"https:\/\/www.infokuryr.cz\/n\/wp-json\/wp\/v2\/types\/post"}],"author":[{"embeddable":true,"href":"https:\/\/www.infokuryr.cz\/n\/wp-json\/wp\/v2\/users\/2"}],"replies":[{"embeddable":true,"href":"https:\/\/www.infokuryr.cz\/n\/wp-json\/wp\/v2\/comments?post=103678"}],"version-history":[{"count":0,"href":"https:\/\/www.infokuryr.cz\/n\/wp-json\/wp\/v2\/posts\/103678\/revisions"}],"wp:featuredmedia":[{"embeddable":true,"href":"https:\/\/www.infokuryr.cz\/n\/wp-json\/wp\/v2\/media\/103679"}],"wp:attachment":[{"href":"https:\/\/www.infokuryr.cz\/n\/wp-json\/wp\/v2\/media?parent=103678"}],"wp:term":[{"taxonomy":"category","embeddable":true,"href":"https:\/\/www.infokuryr.cz\/n\/wp-json\/wp\/v2\/categories?post=103678"},{"taxonomy":"post_tag","embeddable":true,"href":"https:\/\/www.infokuryr.cz\/n\/wp-json\/wp\/v2\/tags?post=103678"}],"curies":[{"name":"wp","href":"https:\/\/api.w.org\/{rel}","templated":true}]}}