{"id":10367,"date":"2022-05-08T05:20:57","date_gmt":"2022-05-08T03:20:57","guid":{"rendered":"http:\/\/www.infokuryr.cz\/n\/?p=10367"},"modified":"2022-05-08T05:20:57","modified_gmt":"2022-05-08T03:20:57","slug":"svatopluk-otava-kdyz-vrazdi-sebevrazi-byva-to-vzdy-ve-velkem","status":"publish","type":"post","link":"https:\/\/www.infokuryr.cz\/n\/2022\/05\/08\/svatopluk-otava-kdyz-vrazdi-sebevrazi-byva-to-vzdy-ve-velkem\/","title":{"rendered":"Svatopluk Otava: Kdy\u017e vra\u017ed\u00ed sebevrazi, b\u00fdv\u00e1 to v\u017edy ve velk\u00e9m."},"content":{"rendered":"<div id=\"fb-root\"><\/div>\n<p><strong>\u010cesk\u00e1 vl\u00e1da nen\u00ed ani n\u00e1rodn\u00ed ani suver\u00e9nn\u00ed. Politick\u00fd diletantismus se ned\u00e1 jen tak prost\u011b sv\u00e9st na nezku\u0161enost, dosazov\u00e1n\u00ed ryz\u00edch amat\u00e9r\u016f do kl\u00ed\u010dov\u00fdch pozic nelze nazvat jednodu\u0161e p\u0159ehmatem.<\/strong><\/p>\n<p><span style=\"font-size: 18pt;\"><strong>Voli\u010d \u2013 nevoli\u010d, v\u0161ichni neseme odpov\u011bdnost! I za idioty\u2026.<\/strong><\/span><\/p>\n<p>Po\u010d\u00edn\u00e1n\u00ed fialov\u00e9 bandy kormidluj\u00edc\u00ed chatrnou lodi\u010dku \u010desk\u00e9 st\u00e1tnosti p\u0159\u00edmo do v\u00edru ekonomick\u00e9 a v\u00e1le\u010dn\u00e9 bou\u0159e, kter\u00e1 propuk\u00e1 v\u00a0Evrop\u011b, je cestou do nicoty. Ned\u00e1 se p\u0159itom rozhodn\u011b tvrdit, \u017ee kabinet tup\u00fdch loutek je zcela bez inteligence. Jak\u00e1si mozkov\u00e1 kapacita mus\u00ed p\u0159ece dl\u00edt i v\u00a0kolaborantsk\u00fdch lebk\u00e1ch politika\u0159\u00edc\u00edch lezc\u016f za pochybnou popularitou, co \u201ezapomn\u011bli\u201c sv\u00fdm voli\u010d\u016fm sd\u011blit programovou demont\u00e1\u017e st\u00e1tu a n\u00e1roda, jak pr\u00e1v\u011b prov\u00e1d\u011bj\u00ed v\u00a0praxi.<\/p>\n<p>T\u00edm m\u00e1 b\u00fdt \u0159e\u010deno, \u017ee i otitulovan\u00e1 palice politologa n\u011bjakou absorb\u010dn\u00ed schopnost p\u0159ij\u00edmat informace mus\u00ed m\u00edt. Jinak by se v\u00a0n\u00ed nepodr\u017eely ani p\u0159\u00edkazy glob\u00e1ln\u00edch loutkovodi\u010d\u016f. Stejn\u011b tak i zfanatizovan\u00e1 protin\u00e1rodn\u00ed sufra\u017eetka nen\u00ed \u00fapln\u011b dementn\u00ed, aby nech\u00e1pala, jak\u00fdch nepravost\u00ed, h\u0159\u00edch\u016f a vlastizrady se kolektivn\u011b dopou\u0161t\u00ed i na t\u011bch, co je zm\u00e1men\u011b volili d\u00edky ne\u00fasp\u011b\u0161n\u00e9 kolaboraci p\u0159edchoz\u00edho kabinetu.<\/p>\n<p>A tak je t\u0159eba u\u017e jen zd\u016fraznit, \u017ee jeliko\u017e jak\u00e9si schopnosti s\u00a0pohybem na soci\u00e1ln\u00edch s\u00edt\u00edch\u00a0 u t\u011bchto lid\u00ed jsou, jeliko\u017e jist\u00e1 suma z\u00e1kladn\u00edch \u0161koln\u00edch znalost\u00ed jim poskytnuta byla, bude jednou jen jim a nikomu dal\u0161\u00edmu spo\u010d\u00edt\u00e1na vina za vlastizr\u00e1dn\u00e9 rozb\u00edjen\u00ed st\u00e1tu a \u010desk\u00e9 n\u00e1rodn\u00ed identity. Nelze se jist\u011b domn\u00edvat, \u017ee klaman\u00fd a \u010dasem proz\u0159ev\u0161\u00ed n\u00e1rod bude snad k\u00a0takov\u00fdm lidsk\u00fdm hyen\u00e1m shov\u00edvav\u00fd a \u017ee snad i ty nejtvrd\u0161\u00ed tresty za vlastizradu budou jaksi p\u0159\u00edsn\u00e9. Nebudou, proto\u017ee koneckonc\u016f sebevrazi p\u00e1chaj\u00ed sice sami sebevra\u017edu, jen\u017ee si na cest\u011b k\u00a0vytou\u017een\u00e9 neexistenci cht\u011bj\u00ed vz\u00edt i lid t\u00e9to zem\u011b kompletn\u011b sebou. Nebo\u0165 takov\u00e9 je p\u0159\u00e1n\u00ed \u201esv\u011bta hodnot\u201c a \u201ejejich zp\u016fsobu \u017eivota\u201c.<\/p>\n<p><span style=\"font-size: 18pt;\"><strong>Kdy u\u017e n\u00e1m dojde, \u017ee Z\u00e1pad zaj\u00edmaj\u00ed \u010cechy a Morava, ale bez \u010cech\u016f?!<\/strong><\/span><\/p>\n<p>Z\u00e1pad m\u00e1 z\u00e1jem o tento prostor ve st\u0159edu Evropy, pon\u011bvad\u017e je strategicky v\u00fdznamn\u00fd. Mus\u00ed b\u00fdt opanov\u00e1n, aby se t\u00edmto uzlem mohly valit kohorty ukl\u00edze\u010d\u016f a \u010disti\u010d\u016f, a\u017e dle jejich p\u0159edstav budou zdej\u0161\u00ed prostory posety zkrvav\u011bl\u00fdmi lebkami slovansk\u00e9ho \u017eivlu, jeho\u017e bratrovra\u017eednou bitku anglosa\u0161t\u00ed a sionisti\u010dt\u00ed bankste\u0159i um\u011ble vyprovokovali, p\u0159i\u017eivovali a znovu zapalovali. Jen proto, aby si zata\u017een\u00e9 kohouty rusk\u00fdch surovin mohli sami znovu pustit tak, aby ve\u0161ker\u00fd profit ji\u017e n\u00e1le\u017eel jen \u201epr\u00e1voplatn\u00fdm\u201c majitel\u016fm sv\u011bta.<\/p>\n<p>Ned\u00e1 se v\u0161ak \u0159\u00edci, \u017ee by N\u011bmc\u016fm, Ameri\u010dan\u016fm nebo t\u0159eba Angli\u010dan\u016fm \u010di Francouz\u016fm byli \u010ce\u0161i lhostejn\u00ed. Kdepak! Lhostejn\u00ed jim nejsme, pr\u00e1v\u011b naopak! Vad\u00edme tu! A kolaborantsk\u00e9 poh\u016fnky ovl\u00e1daj\u00edc\u00ed jist\u00fd po\u010det dom\u00e1c\u00edch pandur\u016f pot\u0159ebuj\u00ed k\u00a0uskute\u010dn\u011bn\u00ed \u0159\u00edzen\u00e9 \u201esebevra\u017edy\u201c n\u00e1roda. Podobn\u011b jako na Slovensku, stejn\u011b skv\u011ble i v\u00a0Polsku, kde se jim mimo\u0159\u00e1dn\u011b da\u0159\u00ed. Roli kanonenfutru zat\u00edm pln\u00edme za vl\u00e1dy fialov\u00fdch v\u00fdborn\u011b.<\/p>\n<p>Pl\u00e1nem je asistovat choromysln\u00e9mu velik\u00e1\u0161i a zakomplexovan\u00e9mu Kaczynsk\u00e9mu p\u0159i pln\u011bn\u00ed jeho sn\u016f o Velkopolsku, pl\u00e1nem je prosit Rusko nen\u00e1vistn\u011b o vypnut\u00ed energovod\u016f a vymrznut\u00ed a vyhladov\u011bn\u00ed na\u0161eho lidu op\u00edjen\u00e9ho rohl\u00edkem zelen\u00fdch viz\u00ed v\u00a0kontrastu se slibovan\u00fdmi dod\u00e1vkami energi\u00ed. Jednou n\u00e1m pr\u00fd \u201epomohou\u201c absolutisti\u010dt\u00ed \u0161ejkov\u00e9 z\u00a0Kataru, jindy zase \u201ehodn\u00ed\u201c str\u00fd\u010dkov\u00e9 samov\u00e9 z\u00a0Ameriky.<\/p>\n<p><span style=\"font-size: 18pt;\"><strong>Jsme opovr\u017een\u00edhodn\u00ed a k sm\u00edchu, zkr\u00e1tka podle \u201ereprezentace\u201c<\/strong><\/span><\/p>\n<p>Jisto je, \u017ee dnes se zat\u00edm sm\u011bj\u00ed prvn\u011b jmenovan\u00ed i ti druz\u00ed, jisto tak\u00e9 je, \u017ee \u010de\u0161t\u00ed honi\u010di \u010darod\u011bjnic fialov\u00e9 provenience jsou ob\u011bma k\u00a0sm\u00edchu a nekone\u010dn\u011b jimi opovrhuj\u00ed. Pon\u011bvad\u017e si logicky \u0159\u00edkaj\u00ed, \u017ee jen absolutn\u011b blb\u00fd n\u00e1rod si zvol\u00ed do \u010dela tak k\u0159iv\u00e9, tup\u00e9 a v\u0161ehoschopn\u00e9 blbce.<\/p>\n<p>Jak se jim to d\u00e1 vyvr\u00e1tit? Jak \u201esv\u011bt hodnot\u201c p\u0159esv\u011bd\u010dit, \u017ee i oby\u010dejn\u00fd \u010desk\u00fd sedl\u00e1k v\u00ed, \u017ee dov\u00e1\u017een\u00fd p\u0159edra\u017een\u00fd potravin\u00e1\u0159sk\u00fd odpad je jednodu\u0161e podvod? A je mu jasn\u00e9 nad slunce, \u017ee bez na\u0161eho kolaborantsk\u00e9ho politik\u00e1\u0159sk\u00e9ho spektra, by likvidace potravinov\u00e9 sob\u011bsta\u010dnosti nebyla mo\u017en\u00e1? Jak vtlouci do hlav t\u011bm \u201eodpov\u011bdn\u00fdm\u201c, \u017ee neexistuje \u017e\u00e1dn\u00fd z\u00e1zra\u010dn\u00fd americk\u00fd plyna\u0159 a katarsk\u00fd petrolej\u00e1\u0159, co by n\u00e1m bez ekonomick\u00e9ho kolapsu dodal z\u00e1kladn\u00ed porci energi\u00ed, abychom si mohli rozsv\u00edtit a zah\u0159\u00e1t sv\u00e9 rodiny?<\/p>\n<p>Jak? No, asi jim to vtlouci do hlav, jinak to nep\u016fjde. A \u0159\u00edkat v\u0161em a v\u0161ude, \u017ee nejdeme do v\u00e1lky s\u00a0Ruskem! A pamatovat si, \u017ee Rus\u016fm dlu\u017e\u00edme a to nejen omluvu za na\u0161e idiotsk\u00e9 v\u00e1le\u010dn\u00e9 \u0161tv\u00e1\u010de, ric\u00ednov\u00e9 \u201ehrdiny\u201c \u010di psychopatick\u00e9 stavitele vlasovovsk\u00fdch pomn\u00edk\u016f. A d\u00e1vat rovn\u011b\u017e vlastn\u011b najevo, \u017ee Ukrajin\u011b nedlu\u017e\u00edme nic, ale je to naopak.<\/p>\n<p>Zkr\u00e1tka, \u017ee sebevrah\u016fm z\u00a0\u0159ad politick\u00fdch hoch\u0161tapler\u016f jsme nikdo nedali mand\u00e1t doprov\u00e1zet je k\u00a0jejich sebevra\u017eedn\u00fdm ide\u00e1l\u016fm. Je snad na tom n\u011bco nejasn\u00e9ho?<\/p>\n<p><strong>Svatopluk Otava<\/strong><\/p>\n<p>&nbsp;<\/p>\n","protected":false},"excerpt":{"rendered":"<p>\u010cesk\u00e1 vl\u00e1da nen\u00ed ani n\u00e1rodn\u00ed ani suver\u00e9nn\u00ed. Politick\u00fd diletantismus se ned\u00e1 jen tak prost\u011b sv\u00e9st&#8230;<\/p>\n","protected":false},"author":2,"featured_media":6914,"comment_status":"closed","ping_status":"closed","sticky":false,"template":"","format":"standard","meta":[],"categories":[6],"tags":[409,29,230,40,305,365],"_links":{"self":[{"href":"https:\/\/www.infokuryr.cz\/n\/wp-json\/wp\/v2\/posts\/10367"}],"collection":[{"href":"https:\/\/www.infokuryr.cz\/n\/wp-json\/wp\/v2\/posts"}],"about":[{"href":"https:\/\/www.infokuryr.cz\/n\/wp-json\/wp\/v2\/types\/post"}],"author":[{"embeddable":true,"href":"https:\/\/www.infokuryr.cz\/n\/wp-json\/wp\/v2\/users\/2"}],"replies":[{"embeddable":true,"href":"https:\/\/www.infokuryr.cz\/n\/wp-json\/wp\/v2\/comments?post=10367"}],"version-history":[{"count":0,"href":"https:\/\/www.infokuryr.cz\/n\/wp-json\/wp\/v2\/posts\/10367\/revisions"}],"wp:featuredmedia":[{"embeddable":true,"href":"https:\/\/www.infokuryr.cz\/n\/wp-json\/wp\/v2\/media\/6914"}],"wp:attachment":[{"href":"https:\/\/www.infokuryr.cz\/n\/wp-json\/wp\/v2\/media?parent=10367"}],"wp:term":[{"taxonomy":"category","embeddable":true,"href":"https:\/\/www.infokuryr.cz\/n\/wp-json\/wp\/v2\/categories?post=10367"},{"taxonomy":"post_tag","embeddable":true,"href":"https:\/\/www.infokuryr.cz\/n\/wp-json\/wp\/v2\/tags?post=10367"}],"curies":[{"name":"wp","href":"https:\/\/api.w.org\/{rel}","templated":true}]}}