{"id":103668,"date":"2026-04-03T00:27:30","date_gmt":"2026-04-02T22:27:30","guid":{"rendered":"https:\/\/www.infokuryr.cz\/n\/?p=103668"},"modified":"2026-04-02T16:52:02","modified_gmt":"2026-04-02T14:52:02","slug":"ali-riza-tasdelen-eu-nema-spolecnou-reakci-na-energetickou-krizi-cast-i","status":"publish","type":"post","link":"https:\/\/www.infokuryr.cz\/n\/2026\/04\/03\/ali-riza-tasdelen-eu-nema-spolecnou-reakci-na-energetickou-krizi-cast-i\/","title":{"rendered":"Ali R\u0131za Ta\u015fdelen: EU nem\u00e1 spole\u010dnou reakci na energetickou krizi (\u010d\u00e1st I)"},"content":{"rendered":"<div id=\"fb-root\"><\/div>\n<p><strong><span dir=\"auto\">K\u00e1men, kter\u00fd bandit\u00e9 Trumpa a Netanjahua zvedli \u00fatokem na \u00cdr\u00e1n, nespadl jen na jejich vlastn\u00ed nohy, ale i na nohy cel\u00e9ho sv\u011bta, a zejm\u00e9na na nohy Evropy.<\/span><\/strong><\/p>\n<p><span dir=\"auto\">Agreso\u0159i, kte\u0159\u00ed o\u010dek\u00e1vali, \u017ee \u00cdr\u00e1n dobyj\u00ed b\u011bhem t\u0159\u00ed a\u017e p\u011bti dn\u016f, nyn\u00ed \u010del\u00ed hlubok\u00e9mu zklam\u00e1n\u00ed a pocitu por\u00e1\u017eky. V\u00e1lka vstoupila do sv\u00e9ho prvn\u00edho m\u011bs\u00edce. Americko-izraelsk\u00e9 \u00fatoky zdecimovaly nejcenn\u011bj\u0161\u00ed \u00edr\u00e1nsk\u00e9 v\u016fdce a person\u00e1l, p\u0159esto zem\u011b nad\u00e1le odol\u00e1v\u00e1 a izraelsk\u00e1 m\u011bsta dost\u00e1v\u00e1 do stavu zk\u00e1zy a destrukce, jak\u00fd v historii nem\u00e1 obdoby. Spojen\u00e9 st\u00e1ty ztratily sv\u00e9 vojensk\u00e9 z\u00e1kladny, centra CIA a p\u0159\u00edstavy v st\u00e1tech Persk\u00e9ho z\u00e1livu.<\/span><\/p>\n<p><span dir=\"auto\">A co je nejd\u016fle\u017eit\u011bj\u0161\u00ed, ropn\u00e9 a plynov\u00e9 rafinerie v Persk\u00e9m z\u00e1livu se ocitly v situaci, kdy nebyly schopny ropu vyr\u00e1b\u011bt. Skute\u010dnost, \u017ee Hormuzsk\u00fd pr\u016fliv byl pod \u00edr\u00e1nskou kontrolou, vedla k tomu, \u017ee tankery p\u0159epravuj\u00edc\u00ed plyn a ropu do proamerick\u00fdch a proizraelsk\u00fdch zem\u00ed uv\u00edzly v Persk\u00e9m z\u00e1livu a nebyly schopny proplout Hormuzsk\u00fdm pr\u016flivem, co\u017e vyvolalo bezprecedentn\u00ed glob\u00e1ln\u00ed energetickou krizi.<\/span><\/p>\n<p><span dir=\"auto\">Glob\u00e1ln\u00ed ekonomika \u010del\u00ed velk\u00e9 hrozb\u011b. Podle\u00a0\u00a0<\/span><em><span dir=\"auto\">den\u00edku Le Parisien<\/span><\/em><span dir=\"auto\">\u00a0\u0161\u00e9f Mezin\u00e1rodn\u00ed energetick\u00e9 agentury (IEA) Fatih Birol\u00a0<\/span><a href=\"https:\/\/www.leparisien.fr\/international\/aucun-pays-ne-sera-immunise-le-directeur-de-laie-tire-la-sonnette-dalarme-sur-une-crise-mondiale-de-lenergie-23-03-2026-XVQIZDB2V5DNVA5Z4JIKWQJIZE.php\" target=\"_blank\" rel=\"noopener\"><span dir=\"auto\">prohl\u00e1sil<\/span><\/a><span dir=\"auto\">\u00a0\u00a0, \u017ee tato ropn\u00e1 v\u00e1lka by mohla v\u00e9st k nejhor\u0161\u00ed energetick\u00e9 krizi, jakou sv\u011bt za\u017eil za posledn\u00ed desetilet\u00ed, a zd\u016fraznil, \u017ee p\u0159edstavuje \u201evelkou hrozbu\u201c pro glob\u00e1ln\u00ed ekonomiku s odkazem na krize ze 70. let: \u201eDo dne\u0161n\u00edho dne jsme ztr\u00e1celi 11 milion\u016f barel\u016f denn\u011b, co\u017e je \u010d\u00edslo p\u0159evy\u0161uj\u00edc\u00ed sou\u010det dvou velk\u00fdch ropn\u00fdch kriz\u00ed.\u201c Podle Birola bylo v dev\u00edti zem\u00edch regionu \u201ev\u00e1\u017en\u011b nebo velmi v\u00e1\u017en\u011b po\u0161kozeno\u201c nejm\u00e9n\u011b 40 energetick\u00fdch infrastruktur.<\/span><\/p>\n<p><span dir=\"auto\">Birol dodal: \u201ePokud tato krize takto bude pokra\u010dovat, \u017e\u00e1dn\u00e1 zem\u011b nebude u\u0161et\u0159ena jej\u00edch dopad\u016f.\u201c Odhadl, \u017ee tato krize byla hor\u0161\u00ed ne\u017e dva ropn\u00e9 \u0161oky v 70. letech a dopad v\u00e1lky mezi Ruskem a Ukrajinou o plyn. A dodal: \u201eZ\u00e1sadn\u00edm \u0159e\u0161en\u00edm tohoto probl\u00e9mu je znovuotev\u0159en\u00ed Hormuzsk\u00e9ho pr\u016flivu.\u201c<\/span><\/p>\n<p><span dir=\"auto\">EU: \u201eToto nen\u00ed na\u0161e v\u00e1lka.\u201c \u00cdr\u00e1n je i nad\u00e1le odhodl\u00e1n udr\u017eet Hormuzsk\u00fd pr\u016fliv uzav\u0159en\u00fd pro imperialistick\u00e9 agresory a jejich kolaboranty. Americk\u00fd prezident Trump, uv\u011bzn\u011bn\u00fd v pr\u016flivu, neobdr\u017eel \u017e\u00e1dnou odpov\u011b\u010f na sv\u00e9 \u017e\u00e1dosti o pomoc adresovan\u00e9 evropsk\u00fdm \u201espojenc\u016fm\u201c a NATO. Evrop\u0161t\u00ed l\u00edd\u0159i prohl\u00e1sili, \u017ee \u00cdr\u00e1nu na pomoc nep\u0159ijdou, a prohl\u00e1sili:\u00a0\u00a0<\/span><a href=\"https:\/\/www.letemps.ch\/opinions\/editoriaux\/l-europe-cette-poupee-qui-dit-enfin-non-a-donald-trump\" target=\"_blank\" rel=\"noopener\"><span dir=\"auto\">\u201eToto nen\u00ed na\u0161e v\u00e1lka<\/span><\/a><span dir=\"auto\">\u00a0.\u201c Na druhou stranu je dopad krize na jejich ekonomiky zna\u010dn\u00fd a cht\u011bj\u00ed, aby v\u00e1lka skon\u010dila. Uvedli, \u017ee by mohli vyslat lod\u011b, kter\u00e9 by pomohly s op\u011btovn\u00fdm otev\u0159en\u00edm pr\u016flivu, za p\u0159edpokladu, \u017ee se situace uklidn\u00ed a bude uzav\u0159eno p\u0159\u00edm\u011b\u0159\u00ed.<\/span><\/p>\n<p><span dir=\"auto\">Energetick\u00e1 krize tvrd\u011b zasahuje evropsk\u00e9 ekonomiky. Cena barelu ropy p\u0159ekro\u010dila 120 dolar\u016f a analytici varuj\u00ed, \u017ee pokud se intenzita a d\u00e9lka konfliktu zv\u00fd\u0161\u00ed, ceny by mohly klesnout na 150 a\u017e 200 dolar\u016f. Tato situace znepokojuje Evropany. Ceny pohonn\u00fdch hmot p\u0159ekro\u010dily dv\u011b eura. Ceny plynu mezit\u00edm vzrostly o 60 %. Evropsk\u00e9 zem\u011b, kter\u00e9 uvalily na Rusko sankce a z\u00e1rove\u0148 prosazovaly politiku zam\u011b\u0159enou na tla\u010den\u00ed Ukrajiny proti Rusku a podn\u011bcov\u00e1n\u00ed konfrontace, ji\u017e \u010delily tot\u00e1ln\u00ed energetick\u00e9 krizi kv\u016fli ztr\u00e1t\u011b p\u0159\u00edstupu k levn\u00e9mu rusk\u00e9mu plynu.<\/span><\/p>\n<p><span dir=\"auto\">V d\u016fsledku toho rostouc\u00ed n\u00e1klady sn\u00ed\u017eily konkurenceschopnost Evropy v\u016f\u010di Spojen\u00fdm st\u00e1t\u016fm a \u010c\u00edn\u011b. Energetick\u00e1 krize a rostouc\u00ed ceny v kombinaci s v\u00e1lkou v \u00cdr\u00e1nu vedly ke zv\u00fd\u0161en\u00ed n\u00e1klad\u016f na dopravu, sn\u00ed\u017een\u00ed ziskov\u00fdch mar\u017e\u00ed v\u00fdrobc\u016f, oslaben\u00ed konkurenceschopnosti a sn\u00ed\u017een\u00ed kupn\u00ed s\u00edly spot\u0159ebitel\u016f.<\/span><\/p>\n<p><span dir=\"auto\">Pro Evropu p\u0159edstavuje riziko, kter\u00e9 p\u0159edstavuje Hormuzsk\u00fd pr\u016fliv, v\u00edce ne\u017e jen ropu a plyn. Jak\u00e9koli dlouhodob\u00e9 naru\u0161en\u00ed provozu v Persk\u00e9m z\u00e1livu by mohlo ovlivnit i dal\u0161\u00ed suroviny a vstupy strategick\u00e9ho v\u00fdznamu pro evropsk\u00fd pr\u016fmysl. Pat\u0159\u00ed mezi n\u011b hnojiva, chemik\u00e1lie, petrochemick\u00e9 v\u00fdrobky, plasty a r\u016fzn\u00e9 meziprodukty nezbytn\u00e9 pro v\u00fdrobn\u00ed \u0159et\u011bzce. V d\u016fsledku toho jsou posti\u017eeny jak chemick\u00fd, petrochemick\u00fd, cement\u00e1\u0159sk\u00fd, skl\u00e1\u0159sk\u00fd, keramick\u00fd a pap\u00edrensk\u00fd pr\u016fmysl, kter\u00e9 jsou energeticky n\u00e1ro\u010dn\u00e9 nebo siln\u011b z\u00e1visl\u00e9 na dov\u00e1\u017een\u00fdch vstupech, tak i potravin\u00e1\u0159sk\u00fd a zem\u011bd\u011blsk\u00fd sektor, kter\u00e9 poci\u0165uj\u00ed rostouc\u00ed n\u00e1klady na hnojiva a dopravu.<\/span><\/p>\n<p><span dir=\"auto\">R\u016fst cen se p\u0159en\u00e1\u0161\u00ed na spot\u0159ebitele a nevyhnuteln\u011b vede k inflaci. I bez \u00fapln\u00e9ho uzav\u0159en\u00ed Hormuzsk\u00e9ho pr\u016flivu by sebemen\u0161\u00ed naru\u0161en\u00ed ovlivnilo trhy.<\/span><\/p>\n<p><em><span dir=\"auto\">Ali R\u0131za Ta\u015fdelen , sociolog, koment\u00e1tor zahrani\u010dn\u00ed politiky pro noviny Ayd\u0131nl\u0131k<\/span><\/em><\/p>\n<p><a href=\"https:\/\/www.aydinlik.com.tr\/koseyazisi\/abnin-enerji-krizine-ortak-yaniti-yok-571702\" target=\"_blank\" rel=\"noopener\"><em><span dir=\"auto\">Zdroj<\/span><\/em><\/a>\u00a0\u00a0<em>\u00a0<\/em><\/p>\n<p>&nbsp;<\/p>\n","protected":false},"excerpt":{"rendered":"<p>K\u00e1men, kter\u00fd bandit\u00e9 Trumpa a Netanjahua zvedli \u00fatokem na \u00cdr\u00e1n, nespadl jen na jejich vlastn\u00ed&#8230;<\/p>\n","protected":false},"author":2,"featured_media":103669,"comment_status":"closed","ping_status":"closed","sticky":false,"template":"","format":"standard","meta":[],"categories":[7],"tags":[283,1503,371],"_links":{"self":[{"href":"https:\/\/www.infokuryr.cz\/n\/wp-json\/wp\/v2\/posts\/103668"}],"collection":[{"href":"https:\/\/www.infokuryr.cz\/n\/wp-json\/wp\/v2\/posts"}],"about":[{"href":"https:\/\/www.infokuryr.cz\/n\/wp-json\/wp\/v2\/types\/post"}],"author":[{"embeddable":true,"href":"https:\/\/www.infokuryr.cz\/n\/wp-json\/wp\/v2\/users\/2"}],"replies":[{"embeddable":true,"href":"https:\/\/www.infokuryr.cz\/n\/wp-json\/wp\/v2\/comments?post=103668"}],"version-history":[{"count":0,"href":"https:\/\/www.infokuryr.cz\/n\/wp-json\/wp\/v2\/posts\/103668\/revisions"}],"wp:featuredmedia":[{"embeddable":true,"href":"https:\/\/www.infokuryr.cz\/n\/wp-json\/wp\/v2\/media\/103669"}],"wp:attachment":[{"href":"https:\/\/www.infokuryr.cz\/n\/wp-json\/wp\/v2\/media?parent=103668"}],"wp:term":[{"taxonomy":"category","embeddable":true,"href":"https:\/\/www.infokuryr.cz\/n\/wp-json\/wp\/v2\/categories?post=103668"},{"taxonomy":"post_tag","embeddable":true,"href":"https:\/\/www.infokuryr.cz\/n\/wp-json\/wp\/v2\/tags?post=103668"}],"curies":[{"name":"wp","href":"https:\/\/api.w.org\/{rel}","templated":true}]}}