{"id":103661,"date":"2026-04-03T00:22:16","date_gmt":"2026-04-02T22:22:16","guid":{"rendered":"https:\/\/www.infokuryr.cz\/n\/?p=103661"},"modified":"2026-04-02T12:55:33","modified_gmt":"2026-04-02T10:55:33","slug":"prosim-poslechnete-si-odvazna-slova-jakuba-vagnera-ktery-narozdil-od-tech-kteri-nenavidi-kohokoliv-od-pocitace-do-iranu-a-jinam-osobne-jezdi","status":"publish","type":"post","link":"https:\/\/www.infokuryr.cz\/n\/2026\/04\/03\/prosim-poslechnete-si-odvazna-slova-jakuba-vagnera-ktery-narozdil-od-tech-kteri-nenavidi-kohokoliv-od-pocitace-do-iranu-a-jinam-osobne-jezdi\/","title":{"rendered":"Pros\u00edm, poslechn\u011bte si odv\u00e1\u017en\u00e1 slova Jakuba V\u00e1gnera, kter\u00fd narozd\u00edl od t\u011bch, kte\u0159\u00ed nen\u00e1vid\u00ed kohokoliv od po\u010d\u00edta\u010de, do Ir\u00e1nu a jinam osobn\u011b jezd\u00ed"},"content":{"rendered":"<div id=\"fb-root\"><\/div>\n<p><strong>A tot\u00e9\u017e potvrd\u00ed r\u016fzn\u00ed &#8222;egyptologov\u00e9 a arabist\u00e9&#8220;, tot\u00e9\u017e vid\u00ed ti, kte\u0159\u00ed tam skute\u010dn\u011b jezd\u00ed. Dokonce i mnoho oby\u010dejn\u00fdch lid\u00ed l\u00e9t\u00e1 do muslimsk\u00fdch, isl\u00e1msk\u00fdch st\u00e1t\u016f, a kolik \u010cech\u016f a Slov\u00e1k\u016f bylo zavra\u017ed\u011bno v Tunisku, Maroku&#8230; Ale na p\u0159\u00edkaz Izraele je mus\u00edme zab\u00edjet?\u00a0<\/strong><\/p>\n<div style=\"width: 640px;\" class=\"wp-video\"><!--[if lt IE 9]><script>document.createElement('video');<\/script><![endif]-->\n<video class=\"wp-video-shortcode\" id=\"video-103661-1\" width=\"640\" height=\"352\" preload=\"metadata\" controls=\"controls\"><source type=\"video\/mp4\" src=\"http:\/\/www.infokuryr.cz\/n\/wp-content\/uploads\/2026\/04\/3079.mp4?_=1\" \/><a href=\"http:\/\/www.infokuryr.cz\/n\/wp-content\/uploads\/2026\/04\/3079.mp4\">http:\/\/www.infokuryr.cz\/n\/wp-content\/uploads\/2026\/04\/3079.mp4<\/a><\/video><\/div>\n<p>xxx<br \/>\nTen p\u0159\u00edkaz p\u0159iznal i nyn\u00ed prezident Trump, \u017ee se nechal Netanjahuem nachytat a MOSAD ho vman\u00e9vroval do v\u00e1lky. U n\u00e1s mus\u00edme povinn\u011b j\u00e1sat nad zab\u00edjen\u00edm d\u011bt\u00ed v Ir\u00e1nu, Ir\u00e1ku, Libyi, Palestin\u011b, proto\u017ee mus\u00edme podporovat Velk\u00fd Izrael a jejich nad\u0159azenost sv\u011btu, co je jejich z\u00e1kladn\u00edm kamenem modlen\u00ed a \u017eit\u00ed.<\/p>\n<div class=\"explanation wholeWidth\">\n<div class=\"explanationTitle\">\n<p><span style=\"color: #0000ff;\">D\u016eLE\u017dIT\u00c9<\/span><\/p>\n<\/div>\n<div class=\"explanationContent\">\n<p><span style=\"color: #0000ff;\">Nespojujte to, co se d\u011bje od n\u00e1s na z\u00e1pad, kdy exodus z muslimsk\u00fdch zem\u00ed \u010di Afriky je zlo. Je, ale z d\u016fvodu, \u017ee na\u0161e kultura a jejich kultura je v dennodenn\u00edm \u017eit\u00ed neslu\u010diteln\u00e1. Tomu mus\u00edme zabr\u00e1nit stejn\u011b jako Izraeli a USA, aby Araby, muslimy, a kdov\u00ed jak se jejich n\u00e1bo\u017eenstv\u00ed a \u017eit\u00ed jmenuj\u00ed (n\u00e1zvy znaj\u00ed skute\u010dn\u00ed odborn\u00edci), aby je bombardov\u00e1n\u00edm nah\u00e1n\u011bli k n\u00e1m. Arabsk\u00e1 pohostinnost u nich je \u00fa\u017easn\u00e1 a ka\u017ed\u00fd, kdo tam vycestuje, to potvrd\u00ed.<\/span><\/p>\n<p>Tak\u017ee nepl\u00e9st br\u00e1n\u011bn\u00ed exodu od nich k n\u00e1m, do na\u0161\u00ed kultury, a \u017eit\u00ed v pokoji vedle sebe, oni tam a my tady. Izrael a USA jdou po p\u016fd\u011b, rop\u011b, zlatu, diamantech, pen\u011bz\u00edch a majetku a vra\u017ed\u00ed v\u0161ude tam, kde to mohou ukr\u00e1st. A k tomu maj\u00ed mohutn\u00e9 arm\u00e1dy po cel\u00e9m sv\u011bt\u011b a banky!<\/p>\n<\/div>\n<\/div>\n<p>Izrael chce vytvo\u0159\u00ed &#8222;Velk\u00fd Izrael&#8220; a sv\u011bt mu k tomu mus\u00ed poslou\u017eit!<\/p>\n<p>Kolik \u010cech\u016f a Slov\u00e1k\u016f l\u00e9t\u00e1 do Tuniska, kter\u00e9 m\u00e1me na p\u0159\u00edkaz Izraele nen\u00e1vid\u011bt? Kolik lid\u00ed od n\u00e1s Tunisan\u00e9 zabili a oloupili?<\/p>\n<h2><strong>NULA<br \/>\n<\/strong><span style=\"font-size: 16px;\">_________________<\/span><\/h2>\n<div class=\"info_box cela_sirka jpalert\">\n<div class=\"explanationContent\">\n<p><span style=\"color: #993366;\">Tunisko je p\u0159ev\u00e1\u017en\u011b muslimsk\u00e1 zem\u011b: cca 99 % populace jsou sunnit\u0161t\u00ed muslimov\u00e9) s isl\u00e1mskou kulturou. Tunisko pat\u0159\u00ed mezi nejobl\u00edben\u011bj\u0161\u00ed destinace \u010desk\u00fdch turist\u016f a v posledn\u00edch letech se \u010ce\u0161i \u0159ad\u00ed na p\u0159edn\u00ed m\u00edsta v po\u010dtu n\u00e1v\u0161t\u011bvn\u00edk\u016f v p\u0159epo\u010dtu na obyvatele.<\/span><span style=\"color: #993366;\">Podle aktu\u00e1ln\u00edch informac\u00ed z dubna 2025 jsou \u010ce\u0161i v Tunisku turist\u00e9 \u010d\u00edslo 2 v p\u0159epo\u010dtu na obyvatele. A kolik \u010cech\u016f a Slov\u00e1k\u016f zmasakrovali? A kdy\u017e tam chod\u00ed voj\u00e1ci se samopaly? D\u016fvod je, \u017ee se boj\u00ed \u00fatok\u016f a terorismu z Izraele. Nebo snad m\u00e1 n\u011bkdo tragick\u00fd z\u00e1\u017eitek z dovolen\u00e9 v Tunisku?<\/span><\/p>\n<\/div>\n<\/div>\n<p>_________________<\/p>\n<p>S\u00fdrie byla excelentn\u00ed, sekul\u00e1rn\u00ed st\u00e1t, kde d\u00edvky dokonce v\u011bt\u0161inov\u011b studovaly na vysok\u00fdch \u0161kol\u00e1ch. Pak tak \u0161li USA a Izrael vytvo\u0159it &#8222;\u017eidovsko-k\u0159es\u0165anskou svobodu. V\u00fdsledek je zn\u00e1m.<\/p>\n<p>Libye. Bohat\u00fd st\u00e1t a pak po k\u0159es\u0165ansk\u00e9 pomoci USA a r\u00e1dc\u016f je z n\u011bj zoufal\u00e1 enkl\u00e1va zabij\u00e1k\u016f.<\/p>\n<p>Ir\u00e1k a co tam je dnes.<\/p>\n<p>A dalo by se ps\u00e1t st\u00e1t po st\u00e1tu po cel\u00e9m sv\u011bt\u011b, kdo koho otro\u010dil, oloupil, vyvra\u017edil jako ve Vietnamu v roce 1968 v\u010detn\u011b zn\u00e1siln\u011bn\u00fdch mal\u00fdch hol\u010di\u010dek a pak up\u00e1len\u00fdch. (My Lai.)<\/p>\n<p><strong>Jsme schopni se pod\u00edvat pravd\u011b do o\u010d\u00ed? To je snad \u017eidovsko-k\u0159es\u0165ansk\u00e1 kultura: vra\u017edy, zab\u00edjen\u00ed, genocida pro ropu, plyn, zlato a pochybn\u00e9 dolary? V\u00e1\u017en\u011b k t\u00e9to kultu\u0159e pat\u0159\u00edme?\u00a0<\/strong><\/p>\n<p>Jakube Vagnere, d\u011bkujeme, \u017ee jste tak odv\u00e1\u017en\u00fd a nen\u00ed to poprv\u00e9, co jdete proti proudu. V\u00e1\u017e\u00edme si V\u00e1s!<\/p>\n<p><a href=\"https:\/\/www.skrytapravda.cz\/z-domova\/3079-prosim-poslechnete-si-odvazna-slova-jakuba-vagnera-ktery-narozdil-od-tech-kteri-nenavidi-kohokoliv-od-pocitace-do-iranu-a-jinam-osobne-jezdi\">Petr Pokorn\u00fd<\/a><\/p>\n<p>&nbsp;<\/p>\n","protected":false},"excerpt":{"rendered":"<p>A tot\u00e9\u017e potvrd\u00ed r\u016fzn\u00ed &#8222;egyptologov\u00e9 a arabist\u00e9&#8220;, tot\u00e9\u017e vid\u00ed ti, kte\u0159\u00ed tam skute\u010dn\u011b jezd\u00ed. Dokonce&#8230;<\/p>\n","protected":false},"author":2,"featured_media":103663,"comment_status":"closed","ping_status":"closed","sticky":false,"template":"","format":"standard","meta":[],"categories":[6],"tags":[107,1503,37,889,934,92],"_links":{"self":[{"href":"https:\/\/www.infokuryr.cz\/n\/wp-json\/wp\/v2\/posts\/103661"}],"collection":[{"href":"https:\/\/www.infokuryr.cz\/n\/wp-json\/wp\/v2\/posts"}],"about":[{"href":"https:\/\/www.infokuryr.cz\/n\/wp-json\/wp\/v2\/types\/post"}],"author":[{"embeddable":true,"href":"https:\/\/www.infokuryr.cz\/n\/wp-json\/wp\/v2\/users\/2"}],"replies":[{"embeddable":true,"href":"https:\/\/www.infokuryr.cz\/n\/wp-json\/wp\/v2\/comments?post=103661"}],"version-history":[{"count":1,"href":"https:\/\/www.infokuryr.cz\/n\/wp-json\/wp\/v2\/posts\/103661\/revisions"}],"predecessor-version":[{"id":103664,"href":"https:\/\/www.infokuryr.cz\/n\/wp-json\/wp\/v2\/posts\/103661\/revisions\/103664"}],"wp:featuredmedia":[{"embeddable":true,"href":"https:\/\/www.infokuryr.cz\/n\/wp-json\/wp\/v2\/media\/103663"}],"wp:attachment":[{"href":"https:\/\/www.infokuryr.cz\/n\/wp-json\/wp\/v2\/media?parent=103661"}],"wp:term":[{"taxonomy":"category","embeddable":true,"href":"https:\/\/www.infokuryr.cz\/n\/wp-json\/wp\/v2\/categories?post=103661"},{"taxonomy":"post_tag","embeddable":true,"href":"https:\/\/www.infokuryr.cz\/n\/wp-json\/wp\/v2\/tags?post=103661"}],"curies":[{"name":"wp","href":"https:\/\/api.w.org\/{rel}","templated":true}]}}