{"id":103657,"date":"2026-04-03T00:25:59","date_gmt":"2026-04-02T22:25:59","guid":{"rendered":"https:\/\/www.infokuryr.cz\/n\/?p=103657"},"modified":"2026-04-02T12:58:54","modified_gmt":"2026-04-02T10:58:54","slug":"erik-best-stinovy-americky-velvyslanec","status":"publish","type":"post","link":"https:\/\/www.infokuryr.cz\/n\/2026\/04\/03\/erik-best-stinovy-americky-velvyslanec\/","title":{"rendered":"Erik Best: St\u00ednov\u00fd americk\u00fd velvyslanec"},"content":{"rendered":"<div id=\"fb-root\"><\/div>\n<p>Na dne\u0161n\u00ed \u201e<a href=\"https:\/\/www.denik.cz\/z_domova\/petr-macinka-motoriste-debata.html\" target=\"_blank\" rel=\"noopener\">v\u00e1le\u010dn\u00e9 porad\u011b<\/a>\u201c v\u00a0Praze ohledn\u011b Hormuzsk\u00e9ho pr\u016flivu se z\u0159ejm\u011b budou vicepremi\u00e9r\u00a0<a href=\"https:\/\/www.fsfinalword.cz\/?page=archive&amp;show=1&amp;day=2026-3-2\" target=\"_blank\" rel=\"noopener\">Karel Havl\u00ed\u010dek<\/a>\u00a0s\u00a0ministrem zahrani\u010d\u00ed Petrem Macinkou p\u0159etahovat o\u00a0roli \u201epudla\u201c Donalda Trumpa, nebo alespo\u0148 \u201epudla\u201c americk\u00e9ho velvyslance Nicholase Merricka.<\/p>\n<p>Jestli\u017ee Tonyho Blaira naz\u00fdvali \u201eBushov\u00fdm pudlem\u201c kv\u016fli jeho neochv\u011bjn\u00e9 podpo\u0159e nepopul\u00e1rn\u00ed invaze Bushe ml. do Ir\u00e1ku v\u00a0roce 2003, pak si onu novou p\u0159ezd\u00edvku zaslou\u017e\u00ed Havl\u00ed\u010dek \u010di Macinka za schvalov\u00e1n\u00ed Trumpova bl\u00edzkov\u00fdchodn\u00edho dobrodru\u017estv\u00ed. A\u00a0tady se nask\u00fdt\u00e1 p\u0159\u00edle\u017eitost pro Petra Fialu, kter\u00fd st\u00e1le hled\u00e1 svoji roli ve sv\u00e9m osam\u011bl\u00e9m posmrtn\u00e9m politick\u00e9m \u017eivot\u011b.<\/p>\n<p>Kdy\u017e se Havl\u00ed\u010dek na za\u010d\u00e1tku b\u0159ezna chlubil\u00a0<a href=\"https:\/\/www.youtube.com\/live\/953zc44NUsk?t=3664s\" target=\"_blank\" rel=\"noopener\">nadstandardn\u00edmi vztahy<\/a>\u00a0se Spojen\u00fdmi st\u00e1ty, Fiala odv\u011btil, \u017ee i\u00a0jeho vl\u00e1da m\u011bla s\u00a0Amerikou nadstandardn\u00ed vztahy. Ano, ale to bylo v\u00a0dob\u011b, kdy byl prezidentem Joe Biden a\u00a0americk\u00fd prezident nehrozil\u00a0<a href=\"https:\/\/x.com\/P_Fiala\/status\/2039298120706671034\" target=\"_blank\" rel=\"noopener\">odchodem z\u00a0NATO<\/a>.<\/p>\n<p>V\u00a0Praze samoz\u0159ejm\u011b u\u017e americk\u00fd velvyslanec je, ale Merrick zastupuje pouze Trumpovu Ameriku. Ne tu druhou Ameriku. Fiala je ide\u00e1ln\u00ed osobou, kter\u00e1 by tuto mezeru mohla zaplnit. M\u016f\u017ee b\u00fdt vn\u00edm\u00e1n jako jak\u00fdsi st\u00ednov\u00fd americk\u00fd velvyslanec.<\/p>\n<p><a href=\"https:\/\/www.fsfinalword.cz\/?page=archive&amp;day=2026-04-02&amp;utm_source=utm_source%3Dnewsletter&amp;utm_medium=utm_medium%3De-mail&amp;utm_campaign=utm_campaign%3Dfinal_word_2.4.2026\">Erik Best<\/a><\/p>\n<p><img decoding=\"async\" loading=\"lazy\" class=\"alignnone wp-image-1179\" src=\"http:\/\/www.infokuryr.cz\/n\/wp-content\/uploads\/2021\/04\/erik-best.jpg\" alt=\"\" width=\"109\" height=\"123\" \/><\/p>\n<p>&nbsp;<\/p>\n","protected":false},"excerpt":{"rendered":"<p>Na dne\u0161n\u00ed \u201ev\u00e1le\u010dn\u00e9 porad\u011b\u201c v\u00a0Praze ohledn\u011b Hormuzsk\u00e9ho pr\u016flivu se z\u0159ejm\u011b budou vicepremi\u00e9r\u00a0Karel Havl\u00ed\u010dek\u00a0s\u00a0ministrem zahrani\u010d\u00ed Petrem&#8230;<\/p>\n","protected":false},"author":2,"featured_media":66928,"comment_status":"closed","ping_status":"closed","sticky":false,"template":"","format":"standard","meta":[],"categories":[6],"tags":[7414,1503,10377,10831,452,977],"_links":{"self":[{"href":"https:\/\/www.infokuryr.cz\/n\/wp-json\/wp\/v2\/posts\/103657"}],"collection":[{"href":"https:\/\/www.infokuryr.cz\/n\/wp-json\/wp\/v2\/posts"}],"about":[{"href":"https:\/\/www.infokuryr.cz\/n\/wp-json\/wp\/v2\/types\/post"}],"author":[{"embeddable":true,"href":"https:\/\/www.infokuryr.cz\/n\/wp-json\/wp\/v2\/users\/2"}],"replies":[{"embeddable":true,"href":"https:\/\/www.infokuryr.cz\/n\/wp-json\/wp\/v2\/comments?post=103657"}],"version-history":[{"count":0,"href":"https:\/\/www.infokuryr.cz\/n\/wp-json\/wp\/v2\/posts\/103657\/revisions"}],"wp:featuredmedia":[{"embeddable":true,"href":"https:\/\/www.infokuryr.cz\/n\/wp-json\/wp\/v2\/media\/66928"}],"wp:attachment":[{"href":"https:\/\/www.infokuryr.cz\/n\/wp-json\/wp\/v2\/media?parent=103657"}],"wp:term":[{"taxonomy":"category","embeddable":true,"href":"https:\/\/www.infokuryr.cz\/n\/wp-json\/wp\/v2\/categories?post=103657"},{"taxonomy":"post_tag","embeddable":true,"href":"https:\/\/www.infokuryr.cz\/n\/wp-json\/wp\/v2\/tags?post=103657"}],"curies":[{"name":"wp","href":"https:\/\/api.w.org\/{rel}","templated":true}]}}