{"id":103650,"date":"2026-04-03T00:24:20","date_gmt":"2026-04-02T22:24:20","guid":{"rendered":"https:\/\/www.infokuryr.cz\/n\/?p=103650"},"modified":"2026-04-02T11:04:49","modified_gmt":"2026-04-02T09:04:49","slug":"rekord-zeme-eu-prodavaji-12-milionu-pasu-za-extremne-nizke-ceny-nemecko-je-v-tomto-ohledu-na-prvnim-miste","status":"publish","type":"post","link":"https:\/\/www.infokuryr.cz\/n\/2026\/04\/03\/rekord-zeme-eu-prodavaji-12-milionu-pasu-za-extremne-nizke-ceny-nemecko-je-v-tomto-ohledu-na-prvnim-miste\/","title":{"rendered":"Rekord: Zem\u011b EU prod\u00e1vaj\u00ed 1,2 milionu pas\u016f za extr\u00e9mn\u011b n\u00edzk\u00e9 ceny \u2013 N\u011bmecko je v tomto ohledu na prvn\u00edm m\u00edst\u011b"},"content":{"rendered":"<div id=\"fb-root\"><\/div>\n<p><strong><span dir=\"auto\">B\u011bhem pouh\u00e9ho jednoho roku bylo v Evropsk\u00e9 unii prakticky rozd\u00e1no 1,2 milionu ob\u010danstv\u00ed. V\u00edce ne\u017e kdykoli p\u0159edt\u00edm. A kdo je na vrcholu tohoto evropsk\u00e9ho pasov\u00e9ho \u0161\u00edlenstv\u00ed? N\u011bmecko, samoz\u0159ejm\u011b.<\/span><\/strong><\/p>\n<p><span dir=\"auto\">Ofici\u00e1ln\u00ed statistiky Eurostatu zn\u011bj\u00ed jako prohl\u00e1\u0161en\u00ed o kapitulaci evropsk\u00e9 migra\u010dn\u00ed politiky. Z 762 000 v roce 2014 se po\u010det naturalizac\u00ed\u00a0<\/span><a href=\"https:\/\/de.euronews.com\/my-europe\/2026\/04\/01\/eu-einbuergerung-pass-staatsbuergerschaft\"><span dir=\"auto\">prudce zv\u00fd\u0161il<\/span><\/a><span dir=\"auto\"> na neuv\u011b\u0159iteln\u00fdch 1,2 milionu v roce 2024. To je n\u00e1r\u016fst o 54 procent za pouh\u00e9 desetilet\u00ed! Ka\u017ed\u00fd, kdo si mysl\u00ed, \u017ee to p\u0159edstavuje zn\u00e1mku bratrstv\u00ed evropsk\u00fdch soused\u016f, se hluboce m\u00fdl\u00ed: ohromuj\u00edc\u00edch 88 procent dr\u017eitel\u016f nov\u00fdch pas\u016f poch\u00e1z\u00ed ze zem\u00ed mimo EU.<\/span><\/p>\n<figure class=\"wp-block-embed is-type-rich is-provider-twitter wp-block-embed-twitter\">\n<div class=\"wp-block-embed__wrapper\">\n<div class=\"twitter-tweet twitter-tweet-rendered\"><iframe id=\"twitter-widget-0\" class=\"\" title=\"X P\u0159\u00edsp\u011bvek\" src=\"https:\/\/platform.twitter.com\/embed\/Tweet.html?dnt=true&amp;embedId=twitter-widget-0&amp;features=eyJ0ZndfdGltZWxpbmVfbGlzdCI6eyJidWNrZXQiOltdLCJ2ZXJzaW9uIjpudWxsfSwidGZ3X2ZvbGxvd2VyX2NvdW50X3N1bnNldCI6eyJidWNrZXQiOnRydWUsInZlcnNpb24iOm51bGx9LCJ0ZndfdHdlZXRfZWRpdF9iYWNrZW5kIjp7ImJ1Y2tldCI6Im9uIiwidmVyc2lvbiI6bnVsbH0sInRmd19yZWZzcmNfc2Vzc2lvbiI6eyJidWNrZXQiOiJvbiIsInZlcnNpb24iOm51bGx9LCJ0ZndfZm9zbnJfc29mdF9pbnRlcnZlbnRpb25zX2VuYWJsZWQiOnsiYnVja2V0Ijoib24iLCJ2ZXJzaW9uIjpudWxsfSwidGZ3X21peGVkX21lZGlhXzE1ODk3Ijp7ImJ1Y2tldCI6InRyZWF0bWVudCIsInZlcnNpb24iOm51bGx9LCJ0ZndfZXhwZXJpbWVudHNfY29va2llX2V4cGlyYXRpb24iOnsiYnVja2V0IjoxMjA5NjAwLCJ2ZXJzaW9uIjpudWxsfSwidGZ3X3Nob3dfYmlyZHdhdGNoX3Bpdm90c19lbmFibGVkIjp7ImJ1Y2tldCI6Im9uIiwidmVyc2lvbiI6bnVsbH0sInRmd19kdXBsaWNhdGVfc2NyaWJlc190b19zZXR0aW5ncyI6eyJidWNrZXQiOiJvbiIsInZlcnNpb24iOm51bGx9LCJ0ZndfdXNlX3Byb2ZpbGVfaW1hZ2Vfc2hhcGVfZW5hYmxlZCI6eyJidWNrZXQiOiJvbiIsInZlcnNpb24iOm51bGx9LCJ0ZndfdmlkZW9faGxzX2R5bmFtaWNfbWFuaWZlc3RzXzE1MDgyIjp7ImJ1Y2tldCI6InRydWVfYml0cmF0ZSIsInZlcnNpb24iOm51bGx9LCJ0ZndfbGVnYWN5X3RpbWVsaW5lX3N1bnNldCI6eyJidWNrZXQiOnRydWUsInZlcnNpb24iOm51bGx9LCJ0ZndfdHdlZXRfZWRpdF9mcm9udGVuZCI6eyJidWNrZXQiOiJvbiIsInZlcnNpb24iOm51bGx9fQ%3D%3D&amp;frame=false&amp;hideCard=false&amp;hideThread=false&amp;id=2037471780143603736&amp;lang=cs&amp;origin=https%3A%2F%2Freport24.news%2Frekord-eu-staaten-verramschen-12-millionen-paesse-deutschland-ist-spitzenreiter%2F&amp;sessionId=7c46e7b95da3d2c618d59de3876249a4c7c610a3&amp;theme=light&amp;widgetsVersion=2615f7e52b7e0%3A1702314776716&amp;width=550px\" frameborder=\"0\" scrolling=\"no\" allowfullscreen=\"allowfullscreen\" data-tweet-id=\"2037471780143603736\" data-mce-fragment=\"1\"><\/iframe><\/div>\n<\/div>\n<\/figure>\n<p><span dir=\"auto\">Pokud jde o prodej vlastn\u00edho ob\u010danstv\u00ed, nikdo n\u00e1s neoklame. S t\u00e9m\u011b\u0159 300 000 naturalizacemi v roce 2024 p\u0159edstavuje N\u011bmecko \u010dtvrtinu v\u0161ech nov\u00fdch ob\u010dan\u016f EU. Pochybn\u00fd rekord! Na druh\u00e9m a t\u0159et\u00edm m\u00edst\u011b n\u00e1sleduj\u00ed \u0160pan\u011blsko (250 000) a It\u00e1lie (217 000). P\u0159i pohledu na m\u00edru naturalizace se \u0161v\u00e9dsk\u00e1 trag\u00e9die st\u00e1v\u00e1 z\u0159ejmou: zem\u011b su\u017eovan\u00e1 gangsterskou kriminalitou a migra\u010dn\u00edmi probl\u00e9my vede v \u017eeb\u0159\u00ed\u010dku se 7,5 naturalizac\u00ed na 100 cizinc\u016f. N\u00e1sleduje It\u00e1lie se 4,1, pot\u00e9 \u0160pan\u011blsko a Nizozemsko (v obou p\u0159\u00edpadech 3,9). \u017de v\u011bci mohou b\u00fdt jin\u00e9, dokazuj\u00ed zem\u011b jako Litva, Bulharsko a Estonsko, kter\u00e9 maj\u00ed nejni\u017e\u0161\u00ed m\u00edru v EU.<\/span><\/p>\n<p><span dir=\"auto\">\u010c\u00edsla jasn\u011b ukazuj\u00ed, kdo z opravdov\u00e9 z\u00e1plavy pas\u016f nejv\u00edce t\u011b\u017e\u00ed: Sy\u0159an\u00e9 (rovn\u011b\u017e v d\u016fsledku masov\u00e9 imigrace od roku 2015) tvo\u0159\u00ed zdaleka nejv\u011bt\u0161\u00ed skupinu s v\u00edce ne\u017e 110 000 vydan\u00fdmi pasy. T\u011bsn\u011b za nimi n\u00e1sleduj\u00ed Maro\u010dan\u00e9 (97 000), Alb\u00e1nci (48 000) a Turci (n\u011bco p\u0159es 40 000). Ob\u010dan\u00e9 EU se objevuj\u00ed a\u017e na p\u00e1t\u00e9m m\u00edst\u011b s Rumuny (40 000). N\u00e1sleduj\u00ed je Venezuelan\u00e9, Ukrajinci, Indov\u00e9, Rusov\u00e9 a Brazilci.<\/span><\/p>\n<p><span dir=\"auto\">Jak levn\u011b lze z\u00edskat pas EU, do zna\u010dn\u00e9 m\u00edry z\u00e1vis\u00ed na zemi. Zat\u00edmco ve \u0160pan\u011blsku se obvykle \u010dek\u00e1 \u00famorn\u00fdch deset let (s v\u00fdjimkou Latinskoameri\u010dan\u016f a n\u011bkter\u00fdch dal\u0161\u00edch skupin, kter\u00e9 jej obdr\u017e\u00ed ji\u017e po dvou letech), ekonomicky prosperuj\u00edc\u00ed Polsko l\u00e1k\u00e1 \u017eadatele t\u0159\u00edletou \u010dekac\u00ed dobou \u2013 i kdy\u017e vy\u017eaduje stabiln\u00ed p\u0159\u00edjem. Malta prod\u00e1v\u00e1 sv\u00e9 pasy p\u0159\u00edmo superbohat\u00fdm za 600 000 eur s \u010dekac\u00ed dobou pouh\u00fdch 14 m\u011bs\u00edc\u016f.<\/span><\/p>\n<p><span dir=\"auto\">V N\u011bmecku se ned\u00e1vno oz\u00fdvaj\u00ed chlouby \u00fadajn\u011b \u201ep\u0159\u00edsn\u011bj\u0161\u00edmi\u201c pravidly, p\u0159esto se n\u011bmeck\u00fd pas st\u00e1le st\u00e1v\u00e1 levn\u00fdm zbo\u017e\u00edm. I kdy\u017e byla takzvan\u00e1 \u201eturbo naturalizace\u201c zru\u0161ena v \u0159\u00edjnu 2025, ve skute\u010dnosti se toho zm\u011bnilo jen m\u00e1lo: standardn\u00ed po\u017eadavek se zmen\u0161il na uboh\u00fdch p\u011bt let pobytu. K z\u00edsk\u00e1n\u00ed plnohodnotn\u00e9ho ob\u010danstv\u00ed sta\u010d\u00ed trocha n\u011bm\u010diny na \u00farovni B1, jednoduch\u00fd naturaliza\u010dn\u00ed test a \u00fadajn\u00e9 dolo\u017een\u00ed finan\u010dn\u00ed stability. Rekordn\u00edch 300 000 naturalizac\u00ed dokazuje, \u017ee o \u017e\u00e1dn\u00e9 skute\u010dn\u00e9 p\u0159\u00edsnosti se nejedn\u00e1.<\/span><\/p>\n<p><span dir=\"auto\">Pohled do zahrani\u010d\u00ed ukazuje, jak se daj\u00ed v\u011bci d\u011blat l\u00e9pe: Spojen\u00e9 kr\u00e1lovstv\u00ed vy\u017eaduje p\u0159\u00edsn\u00e9 testy z britsk\u00e9 historie, kultury a pr\u00e1va (\u201e\u017divot ve Spojen\u00e9m kr\u00e1lovstv\u00ed\u201c) \u2013 a vl\u00e1da ji\u017e zva\u017euje zdvojn\u00e1soben\u00ed \u010dekac\u00ed doby z p\u011bti na deset let. V It\u00e1lii mus\u00ed ob\u010dan\u00e9 zem\u00ed mimo EU obvykle \u010dekat deset let a pot\u00e9 dal\u0161\u00ed t\u0159i roky na zpracov\u00e1n\u00ed sv\u00e9 \u017e\u00e1dosti. Pouze v N\u011bmecku se zd\u00e1, \u017ee \u00fa\u0159ady pracuj\u00ed z\u00e1vratnou rychlost\u00ed, aby se pasy dostaly k lidem co nejrychleji.<\/span><\/p>\n<p><img decoding=\"async\" loading=\"lazy\" class=\"alignnone size-full wp-image-1185\" src=\"http:\/\/www.infokuryr.cz\/n\/wp-content\/uploads\/2021\/04\/kuryr-podpis.png\" alt=\"\" width=\"84\" height=\"24\" \/><\/p>\n<p>&nbsp;<\/p>\n","protected":false},"excerpt":{"rendered":"<p>B\u011bhem pouh\u00e9ho jednoho roku bylo v Evropsk\u00e9 unii prakticky rozd\u00e1no 1,2 milionu ob\u010danstv\u00ed. V\u00edce ne\u017e&#8230;<\/p>\n","protected":false},"author":2,"featured_media":103651,"comment_status":"closed","ping_status":"closed","sticky":false,"template":"","format":"standard","meta":[],"categories":[7],"tags":[41,119,1011,2813],"_links":{"self":[{"href":"https:\/\/www.infokuryr.cz\/n\/wp-json\/wp\/v2\/posts\/103650"}],"collection":[{"href":"https:\/\/www.infokuryr.cz\/n\/wp-json\/wp\/v2\/posts"}],"about":[{"href":"https:\/\/www.infokuryr.cz\/n\/wp-json\/wp\/v2\/types\/post"}],"author":[{"embeddable":true,"href":"https:\/\/www.infokuryr.cz\/n\/wp-json\/wp\/v2\/users\/2"}],"replies":[{"embeddable":true,"href":"https:\/\/www.infokuryr.cz\/n\/wp-json\/wp\/v2\/comments?post=103650"}],"version-history":[{"count":0,"href":"https:\/\/www.infokuryr.cz\/n\/wp-json\/wp\/v2\/posts\/103650\/revisions"}],"wp:featuredmedia":[{"embeddable":true,"href":"https:\/\/www.infokuryr.cz\/n\/wp-json\/wp\/v2\/media\/103651"}],"wp:attachment":[{"href":"https:\/\/www.infokuryr.cz\/n\/wp-json\/wp\/v2\/media?parent=103650"}],"wp:term":[{"taxonomy":"category","embeddable":true,"href":"https:\/\/www.infokuryr.cz\/n\/wp-json\/wp\/v2\/categories?post=103650"},{"taxonomy":"post_tag","embeddable":true,"href":"https:\/\/www.infokuryr.cz\/n\/wp-json\/wp\/v2\/tags?post=103650"}],"curies":[{"name":"wp","href":"https:\/\/api.w.org\/{rel}","templated":true}]}}