{"id":103645,"date":"2026-04-03T00:20:51","date_gmt":"2026-04-02T22:20:51","guid":{"rendered":"https:\/\/www.infokuryr.cz\/n\/?p=103645"},"modified":"2026-04-02T10:54:45","modified_gmt":"2026-04-02T08:54:45","slug":"sokujici-zprava-ze-svycarska-injekce-proti-covidu-neposkytuje-ostatnim-zadnou-ochranu-narativ-o-koronaviru-je-otresen","status":"publish","type":"post","link":"https:\/\/www.infokuryr.cz\/n\/2026\/04\/03\/sokujici-zprava-ze-svycarska-injekce-proti-covidu-neposkytuje-ostatnim-zadnou-ochranu-narativ-o-koronaviru-je-otresen\/","title":{"rendered":"\u0160okuj\u00edc\u00ed zpr\u00e1va ze \u0160v\u00fdcarska: Injekce proti covidu neposkytuje ostatn\u00edm \u017e\u00e1dnou ochranu \u2013 narativ o koronaviru je ot\u0159esen"},"content":{"rendered":"<div id=\"fb-root\"><\/div>\n<div class=\"elementor-element elementor-element-1fb4c2c elementor-widget elementor-widget-theme-post-content\" data-id=\"1fb4c2c\" data-element_type=\"widget\" data-e-type=\"widget\" data-widget_type=\"theme-post-content.default\">\n<div class=\"elementor-widget-container\">\n<p><span dir=\"auto\">Kontroverzn\u00ed\u00a0<\/span><a href=\"https:\/\/massvoll.swiss\/wer-sind-wir\/medienmitteilungen\/\" target=\"_blank\" rel=\"noreferrer noopener\" data-type=\"link\" data-id=\"https:\/\/massvoll.swiss\/wer-sind-wir\/medienmitteilungen\/\"><span dir=\"auto\">tiskov\u00e1 zpr\u00e1va hnut\u00ed MASS-VOLL! z 1. dubna 2026<\/span><\/a><span dir=\"auto\">\u00a0vyvol\u00e1v\u00e1 politick\u00fd rozruch: \u0160v\u00fdcarsk\u00fd \u00fa\u0159ad pro regulaci l\u00e9\u010div Swissmedic v pr\u016fb\u011bhu \u0159\u00edzen\u00ed fakticky p\u0159iznal, \u017ee o\u010dkov\u00e1n\u00ed proti covidu-19 neposkytuje zaru\u010denou ochranu ostatn\u00edm \u2013 tento argument po l\u00e9ta slou\u017eil jako \u00fast\u0159edn\u00ed ospravedln\u011bn\u00ed vl\u00e1dn\u00edch opat\u0159en\u00ed.<\/span><\/p>\n<p><span dir=\"auto\">Spou\u0161t\u011b\u010dem byla reklamn\u00ed kampa\u0148 l\u00e9k\u00e1ren Coop Vitality se sloganem \u201eChra\u0148te sebe i ostatn\u00ed\u201c. MASS-VOLL! proti tomu podnikl pr\u00e1vn\u00ed kroky \u2013 a \u00fasp\u011b\u0161n\u011b. \u00da\u0159ady potvrdily ukon\u010den\u00ed \u0159\u00edzen\u00ed a z\u00fa\u010dastn\u011bn\u00e9 spole\u010dnosti dostaly pokuty.<\/span><\/p>\n<p><span dir=\"auto\">To vystavuje tlak na \u00fast\u0159edn\u00ed argument pandemick\u00e9 politiky: Podpora\u00a0<\/span><strong><span dir=\"auto\">injekce mRNA proti koronaviru<\/span><\/strong><span dir=\"auto\">\u00a0byla od\u016fvodn\u011bna ochranou t\u0159et\u00edch stran \u2013 pokud tato ochrana nen\u00ed zaru\u010dena, je diskutabiln\u00ed i z\u00e1klad pro odpov\u00eddaj\u00edc\u00ed opat\u0159en\u00ed.<\/span><\/p>\n<p><span dir=\"auto\">Pro kritiky p\u0159edstavuje tento p\u0159\u00edpad zlomov\u00fd bod: hovo\u0159\u00ed o zhroucen\u00ed narativu formovan\u00e9ho po l\u00e9ta. Samotn\u00e1 organizace MASS-VOLL! popisuje tento v\u00fdvoj jako historick\u00fd \u00fasp\u011bch a vyz\u00fdv\u00e1 ke komplexn\u00ed revizi politiky t\u00fdkaj\u00edc\u00ed se koronaviru.<\/span><\/p>\n<p><span dir=\"auto\">Debata se tak znovu rozpoutala \u2013 a mohla by m\u00edt dopad daleko za hranicemi \u0160v\u00fdcarska.<\/span><\/p>\n<div class=\"twitter-tweet twitter-tweet-rendered\"><iframe id=\"twitter-widget-0\" class=\"\" title=\"X Post\" src=\"https:\/\/platform.twitter.com\/embed\/Tweet.html?dnt=false&amp;embedId=twitter-widget-0&amp;features=eyJ0ZndfdGltZWxpbmVfbGlzdCI6eyJidWNrZXQiOltdLCJ2ZXJzaW9uIjpudWxsfSwidGZ3X2ZvbGxvd2VyX2NvdW50X3N1bnNldCI6eyJidWNrZXQiOnRydWUsInZlcnNpb24iOm51bGx9LCJ0ZndfdHdlZXRfZWRpdF9iYWNrZW5kIjp7ImJ1Y2tldCI6Im9uIiwidmVyc2lvbiI6bnVsbH0sInRmd19yZWZzcmNfc2Vzc2lvbiI6eyJidWNrZXQiOiJvbiIsInZlcnNpb24iOm51bGx9LCJ0ZndfZm9zbnJfc29mdF9pbnRlcnZlbnRpb25zX2VuYWJsZWQiOnsiYnVja2V0Ijoib24iLCJ2ZXJzaW9uIjpudWxsfSwidGZ3X21peGVkX21lZGlhXzE1ODk3Ijp7ImJ1Y2tldCI6InRyZWF0bWVudCIsInZlcnNpb24iOm51bGx9LCJ0ZndfZXhwZXJpbWVudHNfY29va2llX2V4cGlyYXRpb24iOnsiYnVja2V0IjoxMjA5NjAwLCJ2ZXJzaW9uIjpudWxsfSwidGZ3X3Nob3dfYmlyZHdhdGNoX3Bpdm90c19lbmFibGVkIjp7ImJ1Y2tldCI6Im9uIiwidmVyc2lvbiI6bnVsbH0sInRmd19kdXBsaWNhdGVfc2NyaWJlc190b19zZXR0aW5ncyI6eyJidWNrZXQiOiJvbiIsInZlcnNpb24iOm51bGx9LCJ0ZndfdXNlX3Byb2ZpbGVfaW1hZ2Vfc2hhcGVfZW5hYmxlZCI6eyJidWNrZXQiOiJvbiIsInZlcnNpb24iOm51bGx9LCJ0ZndfdmlkZW9faGxzX2R5bmFtaWNfbWFuaWZlc3RzXzE1MDgyIjp7ImJ1Y2tldCI6InRydWVfYml0cmF0ZSIsInZlcnNpb24iOm51bGx9LCJ0ZndfbGVnYWN5X3RpbWVsaW5lX3N1bnNldCI6eyJidWNrZXQiOnRydWUsInZlcnNpb24iOm51bGx9LCJ0ZndfdHdlZXRfZWRpdF9mcm9udGVuZCI6eyJidWNrZXQiOiJvbiIsInZlcnNpb24iOm51bGx9fQ%3D%3D&amp;frame=false&amp;hideCard=false&amp;hideThread=false&amp;id=2039379149521825795&amp;lang=cs&amp;origin=https%3A%2F%2Funcutnews.ch%2Fpaukenschlag-aus-der-schweiz-covid-injektion-bietet-keinen-fremdschutz-corona-narrativ-geraet-ins-wanken%2F&amp;sessionId=f624dfb22e4ad062c397d42d145587e83fa54e03&amp;theme=light&amp;widgetsVersion=2615f7e52b7e0%3A1702314776716&amp;width=550px\" frameborder=\"0\" scrolling=\"no\" allowfullscreen=\"allowfullscreen\" data-tweet-id=\"2039379149521825795\" data-mce-fragment=\"1\"><\/iframe><\/div>\n<\/div>\n<\/div>\n<div class=\"elementor-element elementor-element-8c57238 quelle dc-has-condition dc-condition-empty elementor-widget elementor-widget-heading\" data-id=\"8c57238\" data-element_type=\"widget\" data-e-type=\"widget\" data-widget_type=\"heading.default\">\n<div class=\"elementor-widget-container\">\n<h3 class=\"elementor-heading-title elementor-size-default\"><span style=\"font-size: 10pt;\"><a href=\"https:\/\/massvoll.swiss\/wp-content\/uploads\/2026\/04\/260401-MM-Swissmedic-gesteht_-Corona-Impfung-garantiert-keinen-Fremdschutz.pdf\" target=\"_blank\" rel=\"nofollow noopener\"><span dir=\"auto\">Zdroj<\/span><\/a><\/span><\/h3>\n<p>&nbsp;<\/p>\n<\/div>\n<\/div>\n","protected":false},"excerpt":{"rendered":"<p>Kontroverzn\u00ed\u00a0tiskov\u00e1 zpr\u00e1va hnut\u00ed MASS-VOLL! z 1. dubna 2026\u00a0vyvol\u00e1v\u00e1 politick\u00fd rozruch: \u0160v\u00fdcarsk\u00fd \u00fa\u0159ad pro regulaci l\u00e9\u010div&#8230;<\/p>\n","protected":false},"author":2,"featured_media":85885,"comment_status":"closed","ping_status":"closed","sticky":false,"template":"","format":"standard","meta":[],"categories":[7],"tags":[23,1788,467,651,724],"_links":{"self":[{"href":"https:\/\/www.infokuryr.cz\/n\/wp-json\/wp\/v2\/posts\/103645"}],"collection":[{"href":"https:\/\/www.infokuryr.cz\/n\/wp-json\/wp\/v2\/posts"}],"about":[{"href":"https:\/\/www.infokuryr.cz\/n\/wp-json\/wp\/v2\/types\/post"}],"author":[{"embeddable":true,"href":"https:\/\/www.infokuryr.cz\/n\/wp-json\/wp\/v2\/users\/2"}],"replies":[{"embeddable":true,"href":"https:\/\/www.infokuryr.cz\/n\/wp-json\/wp\/v2\/comments?post=103645"}],"version-history":[{"count":0,"href":"https:\/\/www.infokuryr.cz\/n\/wp-json\/wp\/v2\/posts\/103645\/revisions"}],"wp:featuredmedia":[{"embeddable":true,"href":"https:\/\/www.infokuryr.cz\/n\/wp-json\/wp\/v2\/media\/85885"}],"wp:attachment":[{"href":"https:\/\/www.infokuryr.cz\/n\/wp-json\/wp\/v2\/media?parent=103645"}],"wp:term":[{"taxonomy":"category","embeddable":true,"href":"https:\/\/www.infokuryr.cz\/n\/wp-json\/wp\/v2\/categories?post=103645"},{"taxonomy":"post_tag","embeddable":true,"href":"https:\/\/www.infokuryr.cz\/n\/wp-json\/wp\/v2\/tags?post=103645"}],"curies":[{"name":"wp","href":"https:\/\/api.w.org\/{rel}","templated":true}]}}