{"id":103641,"date":"2026-04-03T00:18:55","date_gmt":"2026-04-02T22:18:55","guid":{"rendered":"https:\/\/www.infokuryr.cz\/n\/?p=103641"},"modified":"2026-04-02T10:50:40","modified_gmt":"2026-04-02T08:50:40","slug":"studie-zastavena-pfizer-a-biontech-selhaly-duvera-ve-vakcinu-proti-covidu-je-pryc","status":"publish","type":"post","link":"https:\/\/www.infokuryr.cz\/n\/2026\/04\/03\/studie-zastavena-pfizer-a-biontech-selhaly-duvera-ve-vakcinu-proti-covidu-je-pryc\/","title":{"rendered":"Studie zastavena: Pfizer a BioNTech selhaly \u2013 d\u016fv\u011bra ve vakc\u00ednu proti Covidu je pry\u010d"},"content":{"rendered":"<div id=\"fb-root\"><\/div>\n<p><span dir=\"auto\">To, co bylo l\u00e9ta prod\u00e1v\u00e1no jako bez alternativy, nyn\u00ed viditeln\u011b selh\u00e1v\u00e1: Pfizer a BioNTech musely v USA opustit rozs\u00e1hlou studii vakc\u00edny proti covidu \u2013 ne kv\u016fli zdravotn\u00edm probl\u00e9m\u016fm, ale jednodu\u0161e proto, \u017ee se j\u00ed u\u017e necht\u011blo \u00fa\u010dastnit dostatek lid\u00ed.<\/span><\/p>\n<p><a href=\"https:\/\/www.reuters.com\/business\/healthcare-pharmaceuticals\/pfizer-biontech-halt-us-covid-vaccine-study-after-recruitment-struggles-2026-04-01\/?utm_medium=Social&amp;utm_source=twitter\" target=\"_blank\" rel=\"noreferrer noopener\" data-type=\"link\" data-id=\"https:\/\/www.reuters.com\/business\/healthcare-pharmaceuticals\/pfizer-biontech-halt-us-covid-vaccine-study-after-recruitment-struggles-2026-04-01\/?utm_medium=Social&amp;utm_source=twitter\"><span dir=\"auto\">Podle agentury Reuters<\/span><\/a><span dir=\"auto\">\u00a0projekt selhal kv\u016fli masivn\u00edm probl\u00e9m\u016fm s n\u00e1borem. P\u0159\u00edli\u0161 m\u00e1lo dobrovoln\u00edk\u016f, p\u0159\u00edli\u0161 mnoho odm\u00edtnut\u00ed \u2013 a p\u0159edev\u0161\u00edm: p\u0159\u00edli\u0161 mal\u00fd z\u00e1jem. Tich\u00fd, ale jasn\u00fd sign\u00e1l.<\/span><\/p>\n<p><span dir=\"auto\">Proto\u017ee za \u010d\u00edsly se skr\u00fdv\u00e1 nep\u0159\u00edjemn\u00e1 realita: Ochota ve\u0159ejnosti pokra\u010dovat v pod\u00e1v\u00e1n\u00ed injekc\u00ed nebo \u00fa\u010dastnit se \u201estudi\u00ed\u201c drasticky poklesla. M\u00edra posilovac\u00edch d\u00e1vek z\u016fst\u00e1v\u00e1 n\u00edzk\u00e1 a motivace se hrout\u00ed.<\/span><\/p>\n<p><span dir=\"auto\">Ofici\u00e1ln\u011b se uv\u00e1d\u00ed vysv\u011btlen\u00ed \u201epraktick\u00e9 obt\u00ed\u017ee\u201c. Ve skute\u010dnosti to ale odhaluje struktur\u00e1ln\u00ed probl\u00e9m: bez d\u016fv\u011bry neexistuj\u00ed \u00fa\u010dastn\u00edci \u2013 bez \u00fa\u010dastn\u00edk\u016f neexistuj\u00ed studie \u2013 bez studi\u00ed neexistuj\u00ed nov\u00e1 schv\u00e1len\u00ed.<\/span><\/p>\n<p><span dir=\"auto\">P\u0159etrv\u00e1v\u00e1 rostouc\u00ed ned\u016fv\u011bra. Mnoho lid\u00ed si nyn\u00ed klade ot\u00e1zky, o kter\u00fdch se dlouho ve\u0159ejn\u011b jen z\u0159\u00eddka diskutovalo: Jak \u00fa\u010dinn\u00e9 jsou vakc\u00edny z dlouhodob\u00e9ho hlediska? Kter\u00e9 vedlej\u0161\u00ed \u00fa\u010dinky byly podce\u0148ov\u00e1ny? A pro\u010d byly kritick\u00e9 hlasy tak dlouho marginalizov\u00e1ny?<\/span><\/p>\n<p><span dir=\"auto\">M\u00edra p\u0159ed\u010dasn\u00e9ho ukon\u010den\u00ed studia se tak jev\u00ed jako p\u0159\u00edznak v\u011bt\u0161\u00edho posunu. Neselhala v\u011bda \u2013 ale sp\u00ed\u0161e d\u016fv\u011bra ve farmaceutick\u00e9 firmy, kter\u00e9 ji reprezentuj\u00ed.<\/span><\/p>\n<p><span dir=\"auto\">To je pro v\u00fdrobce nebezpe\u010dn\u00fd v\u00fdvoj. Proto\u017ee produkt, kter\u00fd se spol\u00e9h\u00e1 na opakovan\u00e9 pou\u017e\u00edv\u00e1n\u00ed, nezbytn\u011b pot\u0159ebuje jednu v\u011bc: p\u0159ijet\u00ed.<\/span><\/p>\n<p><span dir=\"auto\">A pr\u00e1v\u011b tato vlastnost, jak se zd\u00e1, miz\u00ed.<\/span><\/p>\n<p><img decoding=\"async\" loading=\"lazy\" class=\"alignnone size-full wp-image-1185\" src=\"http:\/\/www.infokuryr.cz\/n\/wp-content\/uploads\/2021\/04\/kuryr-podpis.png\" alt=\"\" width=\"84\" height=\"24\" \/><\/p>\n<p>&nbsp;<\/p>\n","protected":false},"excerpt":{"rendered":"<p>To, co bylo l\u00e9ta prod\u00e1v\u00e1no jako bez alternativy, nyn\u00ed viditeln\u011b selh\u00e1v\u00e1: Pfizer a BioNTech musely&#8230;<\/p>\n","protected":false},"author":2,"featured_media":103642,"comment_status":"closed","ping_status":"closed","sticky":false,"template":"","format":"standard","meta":[],"categories":[7],"tags":[315,2810,839,651,1156],"_links":{"self":[{"href":"https:\/\/www.infokuryr.cz\/n\/wp-json\/wp\/v2\/posts\/103641"}],"collection":[{"href":"https:\/\/www.infokuryr.cz\/n\/wp-json\/wp\/v2\/posts"}],"about":[{"href":"https:\/\/www.infokuryr.cz\/n\/wp-json\/wp\/v2\/types\/post"}],"author":[{"embeddable":true,"href":"https:\/\/www.infokuryr.cz\/n\/wp-json\/wp\/v2\/users\/2"}],"replies":[{"embeddable":true,"href":"https:\/\/www.infokuryr.cz\/n\/wp-json\/wp\/v2\/comments?post=103641"}],"version-history":[{"count":0,"href":"https:\/\/www.infokuryr.cz\/n\/wp-json\/wp\/v2\/posts\/103641\/revisions"}],"wp:featuredmedia":[{"embeddable":true,"href":"https:\/\/www.infokuryr.cz\/n\/wp-json\/wp\/v2\/media\/103642"}],"wp:attachment":[{"href":"https:\/\/www.infokuryr.cz\/n\/wp-json\/wp\/v2\/media?parent=103641"}],"wp:term":[{"taxonomy":"category","embeddable":true,"href":"https:\/\/www.infokuryr.cz\/n\/wp-json\/wp\/v2\/categories?post=103641"},{"taxonomy":"post_tag","embeddable":true,"href":"https:\/\/www.infokuryr.cz\/n\/wp-json\/wp\/v2\/tags?post=103641"}],"curies":[{"name":"wp","href":"https:\/\/api.w.org\/{rel}","templated":true}]}}