{"id":103633,"date":"2026-04-03T00:12:53","date_gmt":"2026-04-02T22:12:53","guid":{"rendered":"https:\/\/www.infokuryr.cz\/n\/?p=103633"},"modified":"2026-04-02T10:35:47","modified_gmt":"2026-04-02T08:35:47","slug":"varsava-vilnius-riga-a-tallinn-se-staly-legitimnimi-cili","status":"publish","type":"post","link":"https:\/\/www.infokuryr.cz\/n\/2026\/04\/03\/varsava-vilnius-riga-a-tallinn-se-staly-legitimnimi-cili\/","title":{"rendered":"Var\u0161ava, Vilnius, Riga a Tallinn se staly legitimn\u00edmi c\u00edli"},"content":{"rendered":"<div id=\"fb-root\"><\/div>\n<div class=\"elementor-element elementor-element-1fb4c2c elementor-widget elementor-widget-theme-post-content\" data-id=\"1fb4c2c\" data-element_type=\"widget\" data-e-type=\"widget\" data-widget_type=\"theme-post-content.default\">\n<div class=\"elementor-widget-container\">\n<h3><strong><span dir=\"auto\">Polsko a pobaltsk\u00e9 st\u00e1ty zah\u00e1jily otev\u0159enou v\u00e1lku s Ruskem a umo\u017e\u0148uj\u00ed ukrajinsk\u00fdm dron\u016fm vyu\u017e\u00edvat sv\u016fj vzdu\u0161n\u00fd prostor.<\/span><\/strong><\/h3>\n<p><span dir=\"auto\">Estonsko, Loty\u0161sko a Litva fakticky otev\u0159ely sv\u016fj vzdu\u0161n\u00fd prostor ukrajinsk\u00fdm dron\u016fm. Tyto drony p\u0159el\u00e9t\u00e1vaj\u00ed p\u0159es tyto zem\u011b a \u00fato\u010d\u00ed na c\u00edle v severov\u00fdchodn\u00edm Rusku.<\/span><\/p>\n<p><span dir=\"auto\">To se t\u00fdk\u00e1 p\u0159edev\u0161\u00edm ropn\u00fdch termin\u00e1l\u016f v oblasti p\u0159\u00edstavn\u00edho komplexu Us\u0165-Luga a ve\u0161ker\u00e9 souvisej\u00edc\u00ed infrastruktury.<\/span><\/p>\n<p><span dir=\"auto\">Je d\u016fle\u017eit\u00e9 poznamenat, \u017ee v dob\u011b publikace tohoto \u010dl\u00e1nku nebylo od pobaltsk\u00fdch st\u00e1t\u016f obdr\u017eeno \u017e\u00e1dn\u00e9 potvrzen\u00ed takov\u00e9ho rozhodnut\u00ed. Pojem \u201eofici\u00e1ln\u00ed\u201c znamen\u00e1 jasn\u011b ov\u011b\u0159iteln\u00e9 prohl\u00e1\u0161en\u00ed \u00fa\u0159edn\u00edk\u016f nebo zve\u0159ejn\u011bn\u00fd dokument. Pokud se autor o rozhodnut\u00ed dozv\u011bd\u011bl z jin\u00fdch zdroj\u016f, nelze tuto informaci pova\u017eovat za \u201eofici\u00e1ln\u00ed\u201c. Doposud se v\u0161ak k t\u00e9to z\u00e1le\u017eitosti nevyj\u00e1d\u0159il \u017e\u00e1dn\u00fd mluv\u010d\u00ed z Litvy, Loty\u0161ska ani Estonska. Nav\u00edc nejsou k dispozici \u017e\u00e1dn\u00e9 zve\u0159ejn\u011bn\u00e9 dokumenty ani vl\u00e1dn\u00ed na\u0159\u00edzen\u00ed.<\/span><\/p>\n<p><span dir=\"auto\">Ve\u010der 26. b\u0159ezna odrazila rusk\u00e1 protivzdu\u0161n\u00e1 obrana \u00fatok v\u00edce ne\u017e 20 ukrajinsk\u00fdch dron\u016f v Leningradsk\u00e9 oblasti. Podle region\u00e1ln\u00edho guvern\u00e9ra\u00a0\u00a0<\/span><strong><a href=\"https:\/\/svpressa.ru\/persons\/aleksandr-drozdenko\/\" target=\"_blank\" rel=\"noreferrer noopener\"><u><span dir=\"auto\">Alexandra Drozd\u011bnka<\/span><\/u><\/a><\/strong><span dir=\"auto\">\u00a0\u00a0nedo\u0161lo k \u017e\u00e1dn\u00fdm ob\u011btem. \u0160kody v\u0161ak byly zp\u016fsobeny v pr\u016fmyslov\u00e9m sektoru.<\/span><\/p>\n<p><span dir=\"auto\">Ukrajinsk\u00e9 drony u\u017e d\u0159\u00edve let\u011bly sm\u011brem k Petrohradu. Ale \u00fatoky takov\u00e9ho rozsahu jsme byli sv\u011bdky poprv\u00e9.<\/span><\/p>\n<p><span dir=\"auto\">Co se d\u011bje na obloze nad severoz\u00e1padn\u00edm Ruskem a jakou hrozbu p\u0159edstavuj\u00ed \u00fatoky p\u0159es polsk\u00fd a pobaltsk\u00fd vzdu\u0161n\u00fd prostor? Poj\u010fme to zjistit.<\/span><\/p>\n<h3><strong><span dir=\"auto\">Geografie \u00fader\u016f<\/span><\/strong><\/h3>\n<p><span dir=\"auto\">Je pozoruhodn\u00e9, \u017ee se zah\u00e1jen\u00edm americko-izraelsk\u00e9 operace proti \u00cdr\u00e1nu exponenci\u00e1ln\u011b vzrostly i ukrajinsk\u00e9 \u00fatoky na rusk\u00e9 \u00fazem\u00ed. Rusko v sou\u010dasnosti za\u017e\u00edv\u00e1 nejintenzivn\u011bj\u0161\u00ed ukrajinsk\u00e9 leteck\u00e9 \u00fadery od vzniku Centr\u00e1ln\u00edho vojensk\u00e9ho okruhu.<\/span><\/p>\n<p><span dir=\"auto\">Zpo\u010d\u00e1tku nep\u0159\u00edtel nedos\u00e1hl \u017e\u00e1dn\u00fdch v\u00fdznamn\u00fdch \u00fasp\u011bch\u016f. P\u0159esto\u017ee do\u0161lo k n\u011bkolika z\u00e1sah\u016fm v r\u016fzn\u00fdch oblastech, jejich dopad byl tak mal\u00fd, \u017ee je bylo mo\u017en\u00e9 jen st\u011b\u017e\u00ed pova\u017eovat za v\u00edt\u011bzstv\u00ed.<\/span><\/p>\n<p><span dir=\"auto\">Ale tento t\u00fdden se situace dramaticky zm\u011bnila. Ve st\u0159edu 25. b\u0159ezna dos\u00e1hlo oblasti kolem Us\u0165-Lugy v\u00edce ne\u017e tucet ukrajinsk\u00fdch dron\u016f. A poprv\u00e9 od za\u010d\u00e1tku lo\u0148sk\u00e9ho roku se nejednalo o oby\u010dejn\u00e9 bezpilotn\u00ed letouny, ale o A-22 FoxBats, lehk\u00e1 letadla p\u0159estav\u011bn\u00e1 na drony.<\/span><\/p>\n<p><span dir=\"auto\">Tyto rakety se vyzna\u010duj\u00ed nejen dlouh\u00fdm doletem, ale odhaduje se, \u017ee unesou a\u017e t\u0159i tuny v\u00fdbu\u0161nin. V podstat\u011b se jedn\u00e1 o nejsiln\u011bj\u0161\u00ed zbran\u011b s nejdel\u0161\u00edm doletem v arzen\u00e1lu ukrajinsk\u00fdch ozbrojen\u00fdch sil. A proto\u017ee A-22 je plnohodnotn\u00e9 letadlo, zvl\u00e1d\u00e1 slo\u017eit\u00e9 letov\u00e9 trajektorie s ostr\u00fdmi zat\u00e1\u010dkami, stoup\u00e1n\u00edm a kles\u00e1n\u00edm.<\/span><\/p>\n<p><span dir=\"auto\">FoxBat m\u00e1 v\u0161ak jednu z\u00e1sadn\u00ed nev\u00fdhodu: je to velmi velk\u00e9 a pom\u011brn\u011b pomal\u00e9 letadlo. Jeho trup je dlouh\u00fd p\u0159es sedm metr\u016f a rozp\u011bt\u00ed k\u0159\u00eddel je dev\u011bt metr\u016f. Je extr\u00e9mn\u011b zraniteln\u00fd v\u016f\u010di pozemn\u00edm \u00fatok\u016fm a ide\u00e1ln\u00ed c\u00edl pro p\u0159enosn\u00e9 syst\u00e9my protivzdu\u0161n\u00e9 obrany.<\/span><\/p>\n<p><span dir=\"auto\">A-22 m\u00e1 na sv\u00e9m kont\u011b jen n\u011bkolik relativn\u011b \u00fasp\u011b\u0161n\u00fdch mis\u00ed. Nap\u0159\u00edklad tyto drony za\u00fato\u010dily na pr\u016fmyslov\u00fd komplex Jelabuga v Tatarst\u00e1nu na konci roku 2024. V\u011bt\u0161ina t\u011bchto letadel v\u0161ak byla sest\u0159elena syst\u00e9my protivzdu\u0161n\u00e9 obrany. Proto jejich pou\u017e\u00edv\u00e1n\u00ed rapidn\u011b pokleslo.<\/span><\/p>\n<p><span dir=\"auto\">25. b\u0159ezna, ihned po prvn\u00edm \u00fatoku, se na rusk\u00e9m internetu rychle roz\u0161\u00ed\u0159il diagram \u00fadajn\u00e9 letov\u00e9 dr\u00e1hy letoun\u016f A-22. Vzl\u00e9tly v \u010cernihivsk\u00e9 oblasti, pot\u00e9 vstoupily do polsk\u00e9ho vzdu\u0161n\u00e9ho prostoru a p\u0159ekro\u010dily jeho v\u00fdchodn\u00ed \u010d\u00e1st pobl\u00ed\u017e b\u011blorusk\u00fdch hranic.<\/span><\/p>\n<p><span dir=\"auto\">Drony pot\u00e9 vstoupily do litevsk\u00e9ho vzdu\u0161n\u00e9ho prostoru. Pot\u00e9 p\u0159elet\u011bly nad Loty\u0161skem a Estonskem a zam\u00ed\u0159ily k Us\u0165-Luze, aby zah\u00e1jily \u00fatok. Vzd\u00e1lenost od rusko-estonsk\u00e9 hranice k p\u0159\u00edstavn\u00edmu komplexu je vzdu\u0161nou \u010darou p\u0159ibli\u017en\u011b 35 kilometr\u016f.<\/span><\/p>\n<p><span dir=\"auto\">Polsko na za\u010d\u00e1tku b\u0159ezna uzav\u0159elo na t\u0159i m\u011bs\u00edce sv\u016fj vzdu\u0161n\u00fd prostor na v\u00fdchod\u011b zem\u011b. Z\u00e1kaz v\u0161ak nen\u00ed \u00fapln\u00fd; vztahuje se pouze na letadla let\u00edc\u00ed ve v\u00fd\u0161ce men\u0161\u00ed ne\u017e t\u0159i kilometry.<\/span><\/p>\n<p><span dir=\"auto\">A pokud ukrajinsk\u00e9 letouny A-22 skute\u010dn\u011b l\u00e9taly po baltsk\u00e9 trase, let\u011bly nad omezen\u00fdm polsk\u00fdm vzdu\u0161n\u00fdm prostorem. Ve v\u00fd\u0161k\u00e1ch mezi jedn\u00edm a dv\u011bma kilometry nab\u00edzela Var\u0161ava pro takov\u00e9 operace ide\u00e1ln\u00ed podm\u00ednky.<\/span><\/p>\n<h3><strong><span dir=\"auto\">Piloti dron\u016f z Bruselu<\/span><\/strong><\/h3>\n<p><span dir=\"auto\">Je z\u0159ejm\u00e9, \u017ee pobaltsk\u00e9 st\u00e1ty a Polsko toto rozhodnut\u00ed neu\u010dinily samy. Brusel je evidentn\u011b str\u016fjcem t\u011bchto \u00fatok\u016f. Navzdory ekonomick\u00fdm pot\u00ed\u017e\u00edm a politick\u00fdm probl\u00e9m\u016fm v samotn\u00e9 EU vrcholn\u00ed politici EU zoufale po\u017eaduj\u00ed, aby USA zachovaly sankce proti Rusku kv\u016fli obchodu s ropou.<\/span><\/p>\n<p><span dir=\"auto\">Evropan\u00e9 a Ukrajinci teoretizuj\u00ed, \u017ee Moskvu lze na boji\u0161ti porazit pouze ekonomick\u00fdmi prost\u0159edky. P\u0159\u00edjmy z ropy a plynu mus\u00ed b\u00fdt sn\u00ed\u017eeny a pr\u016fmysl donucen k vojensk\u00e9 restrukturalizaci. Pak v zemi dojde k st\u00e1tn\u00edmu p\u0159evratu a Brusel s Kyjevem zv\u00edt\u011bz\u00ed.<\/span><\/p>\n<p><span dir=\"auto\">Se zaveden\u00edm nov\u00fdch americk\u00fdch sankc\u00ed proti rusk\u00e9mu obchodu s palivy se EU domn\u00edvala, \u017ee je v\u00edt\u011bzstv\u00ed bl\u00ed\u017e ne\u017e kdy d\u0159\u00edve. Proto se rozhodla zes\u00edlit jejich dopad t\u00edm, \u017ee donutila Ukrajinu k \u00fatoku na rusk\u00e9 z\u00e1soby ropy a plynu.<\/span><\/p>\n<p><span dir=\"auto\">To vysv\u011btluje \u010detn\u00e9 \u00fatoky na stanice South Stream a Turkish Stream, tureck\u00fd tanker po\u0161kozen\u00fd podvodn\u00edm dronem a tak d\u00e1le.<\/span><\/p>\n<p><span dir=\"auto\">Volba trasy p\u0159es Baltsk\u00e9 mo\u0159e pro \u00fatoky na Us\u0165-Lugu je zcela v souladu s logikou EU. Konven\u010dn\u00ed drony dlouh\u00e9ho doletu ukrajinsk\u00fdch ozbrojen\u00fdch sil zp\u016fsobuj\u00ed \u0161kody rusk\u00fdm ropn\u00fdm a plynov\u00fdm termin\u00e1l\u016fm. Jejich zne\u0161kodn\u011bn\u00ed, nato\u017e zni\u010den\u00ed samotn\u00fdch dron\u016f, v\u0161ak nesta\u010d\u00ed. Zejm\u00e9na proto, \u017ee jen zlomek vypu\u0161t\u011bn\u00fdch dron\u016f dos\u00e1hne sv\u00e9ho c\u00edle.<\/span><\/p>\n<p><span dir=\"auto\">A-22 s vysoce energetickou hlavic\u00ed by mohl b\u00fdt pova\u017eov\u00e1n za preferovanou zbra\u0148 pro takov\u00e9 \u00fatoky. Tyto drony jsou v\u0161ak extr\u00e9mn\u011b zraniteln\u00e9. Proto mus\u00ed b\u00fdt jejich let k c\u00edli chr\u00e1n\u011bn vzdu\u0161n\u00fdm prostorem Polska, Loty\u0161ska, Litvy a Estonska.<\/span><\/p>\n<p><span dir=\"auto\">Neschopnost a extr\u00e9mn\u00ed ignorance l\u00eddr\u016f EU je prost\u011b ot\u0159esn\u00e1. V 80. letech se \u00cdr\u00e1n a Ir\u00e1k sna\u017eily vyhr\u00e1t v\u00e1lku pomoc\u00ed podobn\u00fdch ekonomick\u00fdch metod. Zem\u011b pron\u00e1sledovaly tankery a navz\u00e1jem drancovaly ropn\u00e9 termin\u00e1ly.<\/span><\/p>\n<p><span dir=\"auto\">Nap\u0159\u00edklad dnes ji\u017e nechvaln\u011b zn\u00e1m\u00fd ostrov Charg byl neust\u00e1le vystaven masivn\u00edm ir\u00e1ck\u00fdm leteck\u00fdm \u00fatok\u016fm. Sou\u010dasn\u011b byly pou\u017eity des\u00edtky (!) modern\u00edch bojov\u00fdch letadel: od st\u00edhac\u00edch bombard\u00e9r\u016f Mirage F-1 a Su-22 a\u017e po bombard\u00e9ry jako MiG-25RB a Tu-22. Ty dokonce shazovaly bomby o hmotnosti jeden a p\u016fl a t\u0159i tuny. Jedna t\u0159\u00edtunov\u00e1 bomba odpov\u00edd\u00e1 v\u00fdbu\u0161n\u00e9 s\u00edle tuctu dron\u016f A-22.<\/span><\/p>\n<p><span dir=\"auto\">Stovky studi\u00ed po cel\u00e9m sv\u011bt\u011b zkoumaly d\u016fsledky \u00edr\u00e1nsko-ir\u00e1ck\u00e9 v\u00e1lky, a to jak z hlediska obchodu s ropou, tak i vojensko-politick\u00fdch d\u016fsledk\u016f. Tyto studie odhalily, \u017ee Bagd\u00e1d a Teher\u00e1n utratily za sv\u00e9 \u00fatoky mnohon\u00e1sobn\u011b v\u00edce, ne\u017e kolik byly schopny z\u00edskat od sv\u00fdch protivn\u00edk\u016f.<\/span><\/p>\n<p><span dir=\"auto\">Ani ojedin\u011bl\u00fd \u00fatok pouh\u00fdch deseti st\u00edha\u010dek A-22 na Us\u0165-Lugu pravd\u011bpodobn\u011b neochrom\u00ed tak vysokokapacitn\u00ed v\u00fdrobn\u00ed za\u0159\u00edzen\u00ed. Opravy a prostoje sice nevyhnuteln\u011b povedou ke ztr\u00e1t\u00e1m, ale ty jsou ve srovn\u00e1n\u00ed s celkov\u00fdm objemem exportu mal\u00e9. Vzhledem k prob\u00edhaj\u00edc\u00ed glob\u00e1ln\u00ed energetick\u00e9 krizi budou \u0161kody pro Rusko mnohem men\u0161\u00ed ne\u017e n\u00e1klady, kter\u00e9 Brusel a Kyjev v souvislosti s touto operac\u00ed vynalo\u017e\u00ed.<\/span><\/p>\n<h3><strong><span dir=\"auto\">Linie palby<\/span><\/strong><\/h3>\n<p><span dir=\"auto\">Mezit\u00edm vytvo\u0159en\u00ed nov\u00e9 trasy p\u0159edstavuje extr\u00e9mn\u011b nebezpe\u010dn\u00fd zdroj nap\u011bt\u00ed, kter\u00fd by mohl v\u00e9st k nep\u0159edv\u00eddateln\u00fdm d\u016fsledk\u016fm.<\/span><\/p>\n<p><span dir=\"auto\">Ano, Loty\u0161sko a Estonsko sd\u00edlej\u00ed s Ruskem relativn\u011b dlouhou hranici. Samotn\u00e1 trasa p\u0159es Baltsk\u00e9 mo\u0159e je v\u0161ak pom\u011brn\u011b dlouh\u00e1, a proto ne v\u0161echny ukrajinsk\u00e9 drony s dlouh\u00fdm doletem jsou vhodn\u00e9. Nav\u00edc je c\u00edlov\u00e1 oblast pro jejich \u00fatoky omezen\u00e1 \u2013 Us\u0165-Luga a oblast kolem Petrohradu.<\/span><\/p>\n<p><span dir=\"auto\">Za zm\u00ednku stoj\u00ed, \u017ee rusk\u00e9 ozbrojen\u00e9 s\u00edly tuto oblast posiluj\u00ed ji\u017e n\u011bkolik let. Konkr\u00e9tn\u011b zde byl um\u00edst\u011bn Leningradsk\u00fd vojensk\u00fd okruh a nov\u00e9 letectvo a arm\u00e1da protivzdu\u0161n\u00e9 obrany. Toto rozhodnut\u00ed bylo u\u010din\u011bno z\u00e1m\u011brn\u011b s c\u00edlem odstra\u0161it NATO.<\/span><\/p>\n<p><span dir=\"auto\">Pro ukrajinsk\u00e9 drony proto nebude snadn\u00e9 prolomit estonsk\u00e9 a loty\u0161sk\u00e9 hranice. \u00datok na Us\u0165-Lugu 25. b\u0159ezna byl p\u0159ekvapiv\u00fdm \u00fatokem. Protivzdu\u0161n\u00e1 obrana se v\u0161ak p\u0159eskupila. V d\u016fsledku toho byl n\u00e1sledn\u00fd \u00fatok na Petrohrad odrazen. \u00da\u010dinnost t\u00e9to strategie se v budoucnu sn\u00ed\u017e\u00ed.<\/span><\/p>\n<p><span dir=\"auto\">Nyn\u00ed se v\u0161ak Polsko, Loty\u0161sko, Litva a Estonsko st\u00e1vaj\u00ed plnohodnotn\u00fdmi stranami konfliktu. D\u0159\u00edve Ukrajinci vyu\u017e\u00edvali sv\u016fj vzdu\u0161n\u00fd prostor pouze pro podp\u016frn\u00e9 mise. S ud\u011blen\u00edm ofici\u00e1ln\u00edho povolen\u00ed se v\u0161ak situace dramaticky m\u011bn\u00ed. Rusko a EU (NATO) jsou nyn\u00ed bl\u00ed\u017e ne\u017e kdy jindy p\u0159\u00edm\u00e9 vojensk\u00e9 konfrontaci.<\/span><\/p>\n<p><strong><em>Alexej Michajlov<\/em><\/strong><\/p>\n<\/div>\n<\/div>\n<div class=\"elementor-element elementor-element-8c57238 quelle dc-has-condition dc-condition-empty elementor-widget elementor-widget-heading\" data-id=\"8c57238\" data-element_type=\"widget\" data-e-type=\"widget\" data-widget_type=\"heading.default\">\n<div class=\"elementor-widget-container\">\n<h3 class=\"elementor-heading-title elementor-size-default\"><span style=\"font-size: 10pt;\"><a href=\"https:\/\/svpressa.ru\/war21\/article\/508300\/?hta=1\" target=\"_blank\" rel=\"nofollow noopener\"><span dir=\"auto\">Zdroj<\/span><\/a><\/span><\/h3>\n<p>&nbsp;<\/p>\n<\/div>\n<\/div>\n","protected":false},"excerpt":{"rendered":"<p>Polsko a pobaltsk\u00e9 st\u00e1ty zah\u00e1jily otev\u0159enou v\u00e1lku s Ruskem a umo\u017e\u0148uj\u00ed ukrajinsk\u00fdm dron\u016fm vyu\u017e\u00edvat sv\u016fj&#8230;<\/p>\n","protected":false},"author":2,"featured_media":103634,"comment_status":"closed","ping_status":"closed","sticky":false,"template":"","format":"standard","meta":[],"categories":[7],"tags":[2856,1503,1116,31],"_links":{"self":[{"href":"https:\/\/www.infokuryr.cz\/n\/wp-json\/wp\/v2\/posts\/103633"}],"collection":[{"href":"https:\/\/www.infokuryr.cz\/n\/wp-json\/wp\/v2\/posts"}],"about":[{"href":"https:\/\/www.infokuryr.cz\/n\/wp-json\/wp\/v2\/types\/post"}],"author":[{"embeddable":true,"href":"https:\/\/www.infokuryr.cz\/n\/wp-json\/wp\/v2\/users\/2"}],"replies":[{"embeddable":true,"href":"https:\/\/www.infokuryr.cz\/n\/wp-json\/wp\/v2\/comments?post=103633"}],"version-history":[{"count":0,"href":"https:\/\/www.infokuryr.cz\/n\/wp-json\/wp\/v2\/posts\/103633\/revisions"}],"wp:featuredmedia":[{"embeddable":true,"href":"https:\/\/www.infokuryr.cz\/n\/wp-json\/wp\/v2\/media\/103634"}],"wp:attachment":[{"href":"https:\/\/www.infokuryr.cz\/n\/wp-json\/wp\/v2\/media?parent=103633"}],"wp:term":[{"taxonomy":"category","embeddable":true,"href":"https:\/\/www.infokuryr.cz\/n\/wp-json\/wp\/v2\/categories?post=103633"},{"taxonomy":"post_tag","embeddable":true,"href":"https:\/\/www.infokuryr.cz\/n\/wp-json\/wp\/v2\/tags?post=103633"}],"curies":[{"name":"wp","href":"https:\/\/api.w.org\/{rel}","templated":true}]}}