{"id":103610,"date":"2026-04-02T06:03:54","date_gmt":"2026-04-02T04:03:54","guid":{"rendered":"https:\/\/www.infokuryr.cz\/n\/?p=103610"},"modified":"2026-04-02T06:04:22","modified_gmt":"2026-04-02T04:04:22","slug":"michael-svatos-trump-dnes-ve-3-rano-valka-potrva-ceny-ropy-ihned-vzrostly-o-5","status":"publish","type":"post","link":"https:\/\/www.infokuryr.cz\/n\/2026\/04\/02\/michael-svatos-trump-dnes-ve-3-rano-valka-potrva-ceny-ropy-ihned-vzrostly-o-5\/","title":{"rendered":"Michael Svato\u0161: Trump dnes ve 3 r\u00e1no \u2013 v\u00e1lka potrv\u00e1! Ceny ropy ihned vzrostly o 5%"},"content":{"rendered":"<div id=\"fb-root\"><\/div>\n<p>Ve 3 r\u00e1no \u010desk\u00e9ho \u010dasu americk\u00fd prezident Donald Trump p\u0159ednesl d\u016fle\u017eit\u00fd projev. Evropsk\u00fd mainstream, kter\u00fd od v\u010derej\u0161\u00edho odpoledne zasv\u011bcen\u011b tvrdil, \u017ee se v projevu o\u010dek\u00e1v\u00e1 vyhl\u00e1\u0161en\u00ed americk\u00e9ho v\u00edt\u011bzstv\u00ed a rychl\u00e9 ukon\u010den\u00ed v\u00e1lky s Ir\u00e1nem, byl zase vedle. Trump prohl\u00e1sil, \u017ee spole\u010dn\u011b s Izraelem dos\u00e1hne nad ir\u00e1nsk\u00fdmi Ajatoll\u00e1hy rozhodn\u00e9ho v\u00edt\u011bzstv\u00ed, a potvrdil, \u017ee bude Ir\u00e1n dal\u0161\u00ed dva-t\u0159i t\u00fddny bombardovat. Analytici nav\u00edc p\u0159edpokl\u00e1daj\u00ed, \u017ee Trump si dnes r\u00e1no sv\u00fdm bojovn\u00fdm projevem nen\u00e1padn\u011b nachystal pozici pro mnohem del\u0161\u00ed v\u00e1lku, ne\u017e na n\u011bjak\u00e9 dva-t\u0159i t\u00fddny. Ceny ropy ihned po Trumpov\u011b projevu vzrostly o 5%. Analytici a burzi\u00e1ni se tedy shoduj\u00ed \u2013 v\u00e1lka proti Ajatoll\u00e1h\u016fm bude pokra\u010dovat, dokud nebudou \u00fapln\u011b pora\u017eeni.<\/p>\n<p>Trump se v projevu n\u011bkolikr\u00e1t d\u016frazn\u011b op\u0159el do p\u0159edchoz\u00edch administrativ Obamy i Bidena, a obvinil je, \u017ee svou chybnou politikou umo\u017enily, aby se Ir\u00e1n d\u016fkladn\u011b vyzbrojil, a m\u00e1lem i z\u00edskal jadern\u00e9 zbran\u011b. Tyto chyby se u\u017e nebudou opakovat, sl\u00edbil Trump.<\/p>\n<p>Trump v projevu zd\u016fraznil, \u017ee USA u\u017e nejsou na dod\u00e1vk\u00e1ch ropy a plynu ze zem\u00ed okolo Persk\u00e9ho z\u00e1livu nijak z\u00e1visl\u00e9, a navrhoval zem\u00edm, kter\u00e9 na t\u011bchto dod\u00e1vk\u00e1ch z\u00e1visl\u00e9 jsou, aby uzav\u0159en\u00fd Hormuzsk\u00fd pr\u016fliv spole\u010dn\u011b s Ameri\u010dany odblokovaly. \u0160lo o p\u0159\u00edm\u00fd \u00fatok proti bruselsk\u00fdm Eurokrat\u016fm, nebo\u0165 ti se vzp\u011b\u010duj\u00ed Ameri\u010dan\u016fm proti Ir\u00e1nu pomoci, a jejich zem\u011b jsou p\u0159itom na importech ropy a plynu z t\u00e9to oblasti sv\u011bta kriticky z\u00e1visl\u00e9, zejm\u00e9na od doby, kdy do\u0161lo d\u00edky v\u00e1lce Ukrajiny proti Rusku k tak\u0159ka \u00fapln\u00e9 destrukci t\u011bchto levn\u00fdch a spolehliv\u00fdch rusk\u00fdch import\u016f.<\/p>\n<p>It\u00e1lie v reakci na sou\u010dasnou Hormuzskou energetickou krizi u\u017e rozhodla, \u017ee nejm\u00e9n\u011b o n\u011bkolik let prodlou\u017e\u00ed \u017eivotnost sv\u00fdm uheln\u00fdm elektr\u00e1rn\u00e1m, kter\u00e9 j\u00ed Brusel v minulosti v d\u016fsledku politiky Green Deal na\u0159\u00eddil letos a v p\u0159\u00ed\u0161t\u00edch p\u00e1r letech zav\u0159\u00edt. Obdobn\u00fdm razantn\u00ed zp\u016fsobem proti bruselsk\u00fdm nesmysl\u016fm by m\u011bla postupovat i vl\u00e1da Andreje Babi\u0161e. Je nejvy\u0161\u0161\u00ed \u010das ukon\u010dit poplatky ETS-1, ETS-2, a dal\u0161\u00ed nesmysly Green Deal, jako p\u0159edstavuje\u00a0 nucen\u00e9 uzav\u00edr\u00e1n\u00ed uheln\u00fdch elektr\u00e1ren.<\/p>\n<p>Z v\u00e1lky proti Ir\u00e1nu bude rozhodn\u011b t\u011b\u017eit Rusko. To v\u010dera obnovilo svoji ofenz\u00edvu, ale hlavn\u011b\u00a0<a href=\"https:\/\/www.unian.ua\/society\/mobilizaciya-v-ukrajini-fedir-venislavskiy-poyasniv-metu-reformi-mobilizaciynoji-sistemi-13335135.html\">Kyjevsk\u00e1 brann\u00e1 moc v\u010dera vyhl\u00e1sila<\/a>, \u017ee \u201cbude provedena razantn\u00ed mobilizace mu\u017e\u016f z Kyjeva, Od\u011bsy, Charkova a z dal\u0161\u00edch velk\u00fdch m\u011bst, proto\u017ee v ukrajinsk\u00fdch vesnic\u00edch u\u017e \u017e\u00e1dn\u00ed mu\u017ei, kter\u00e9 by \u0161lo pochytat a poslat do v\u00e1lky, nezbyli\u201d.<\/p>\n<p><em>Dnes budu ve 20 hodin na hostem TV Bure\u0161, proto dnes jen kr\u00e1tce.\u00a0<a href=\"https:\/\/www.youtube.com\/@petrburestv\/streams\">Po\u0159ad na TV Bure\u0161 najdete potom zde<\/a>.<\/em><\/p>\n<p><a href=\"https:\/\/www.michalapetr.com\/map-2569-trump-dnes-ve-3-rano-valka-potrva-ceny-ropy-ihned-vzrostly-o-5-analyza-a-porad\/\">Michael Svato\u0161<\/a><\/p>\n<p><img decoding=\"async\" loading=\"lazy\" class=\"alignnone size-full wp-image-27204\" src=\"http:\/\/www.infokuryr.cz\/n\/wp-content\/uploads\/2023\/05\/Michael_Svatos.png\" alt=\"\" width=\"180\" height=\"180\" srcset=\"https:\/\/www.infokuryr.cz\/n\/wp-content\/uploads\/2023\/05\/Michael_Svatos.png 180w, https:\/\/www.infokuryr.cz\/n\/wp-content\/uploads\/2023\/05\/Michael_Svatos-150x150.png 150w\" sizes=\"(max-width: 180px) 100vw, 180px\" \/><\/p>\n<p>&nbsp;<\/p>\n","protected":false},"excerpt":{"rendered":"<p>Ve 3 r\u00e1no \u010desk\u00e9ho \u010dasu americk\u00fd prezident Donald Trump p\u0159ednesl d\u016fle\u017eit\u00fd projev. Evropsk\u00fd mainstream, kter\u00fd&#8230;<\/p>\n","protected":false},"author":2,"featured_media":71808,"comment_status":"closed","ping_status":"closed","sticky":false,"template":"","format":"standard","meta":[],"categories":[6],"tags":[1042,38,310,452,40],"_links":{"self":[{"href":"https:\/\/www.infokuryr.cz\/n\/wp-json\/wp\/v2\/posts\/103610"}],"collection":[{"href":"https:\/\/www.infokuryr.cz\/n\/wp-json\/wp\/v2\/posts"}],"about":[{"href":"https:\/\/www.infokuryr.cz\/n\/wp-json\/wp\/v2\/types\/post"}],"author":[{"embeddable":true,"href":"https:\/\/www.infokuryr.cz\/n\/wp-json\/wp\/v2\/users\/2"}],"replies":[{"embeddable":true,"href":"https:\/\/www.infokuryr.cz\/n\/wp-json\/wp\/v2\/comments?post=103610"}],"version-history":[{"count":0,"href":"https:\/\/www.infokuryr.cz\/n\/wp-json\/wp\/v2\/posts\/103610\/revisions"}],"wp:featuredmedia":[{"embeddable":true,"href":"https:\/\/www.infokuryr.cz\/n\/wp-json\/wp\/v2\/media\/71808"}],"wp:attachment":[{"href":"https:\/\/www.infokuryr.cz\/n\/wp-json\/wp\/v2\/media?parent=103610"}],"wp:term":[{"taxonomy":"category","embeddable":true,"href":"https:\/\/www.infokuryr.cz\/n\/wp-json\/wp\/v2\/categories?post=103610"},{"taxonomy":"post_tag","embeddable":true,"href":"https:\/\/www.infokuryr.cz\/n\/wp-json\/wp\/v2\/tags?post=103610"}],"curies":[{"name":"wp","href":"https:\/\/api.w.org\/{rel}","templated":true}]}}