{"id":103607,"date":"2026-04-02T06:01:32","date_gmt":"2026-04-02T04:01:32","guid":{"rendered":"https:\/\/www.infokuryr.cz\/n\/?p=103607"},"modified":"2026-04-02T06:01:32","modified_gmt":"2026-04-02T04:01:32","slug":"nasa-vyslala-prvni-pilotovanou-misi-na-mesic-od-roku-1972","status":"publish","type":"post","link":"https:\/\/www.infokuryr.cz\/n\/2026\/04\/02\/nasa-vyslala-prvni-pilotovanou-misi-na-mesic-od-roku-1972\/","title":{"rendered":"NASA vyslala prvn\u00ed pilotovanou misi na M\u011bs\u00edc od roku 1972"},"content":{"rendered":"<div id=\"fb-root\"><\/div>\n<h3>\u010cty\u0159i astronauti se ve st\u0159edu vydali na historickou desetidenn\u00ed cestu<\/h3>\n<p data-start=\"397\" data-end=\"501\"><span dir=\"auto\">NASA ve st\u0159edu vypustila sondu Artemis II, sv\u016fj prvn\u00ed pilotovan\u00fd let kolem M\u011bs\u00edce za v\u00edce ne\u017e 50 let.<\/span><\/p>\n<p data-start=\"508\" data-end=\"716\"><span dir=\"auto\">Po kr\u00e1tk\u00e9m zpo\u017ed\u011bn\u00ed zp\u016fsoben\u00e9m technick\u00fdmi probl\u00e9my odstartovala z Kennedyho vesm\u00edrn\u00e9ho st\u0159ediska na Florid\u011b raketa s Reidem Wisemanem, Victorem Gloverem a Christinou Kochovou z NASA a tak\u00e9 s Kana\u010fanem Jeremym Hansenem.<\/span><\/p>\n<p data-start=\"723\" data-end=\"911\"><span dir=\"auto\">B\u011bhem sv\u00e9 desetidenn\u00ed cesty astronauti oblet\u00ed M\u011bs\u00edc a vr\u00e1t\u00ed se na Zemi v kabin\u011b Orion. Jde o prvn\u00ed misi s pos\u00e1dkou za hranice n\u00edzk\u00e9 ob\u011b\u017en\u00e9 dr\u00e1hy Zem\u011b od Apolla 17 v roce 1972.<\/span><\/p>\n<p data-start=\"723\" data-end=\"911\"><span dir=\"auto\">Orion m\u00e1 6. dubna oblet\u011bt M\u011bs\u00edc. Astronauti se podle ScienceAlertu dostanou od Zem\u011b d\u00e1le ne\u017e kter\u00fdkoli jin\u00fd \u010dlov\u011bk v historii a p\u0159ekonaj\u00ed tak rekord 400 171 kilometr\u016f (248 655 mil), kter\u00fd stanovila mise Apollo 13.<\/span><\/p>\n<div style=\"width: 640px;\" class=\"wp-video\"><!--[if lt IE 9]><script>document.createElement('video');<\/script><![endif]-->\n<video class=\"wp-video-shortcode\" id=\"video-103607-1\" width=\"640\" height=\"360\" preload=\"metadata\" controls=\"controls\"><source type=\"video\/mp4\" src=\"http:\/\/www.infokuryr.cz\/n\/wp-content\/uploads\/2026\/04\/nasa.mp4?_=1\" \/><a href=\"http:\/\/www.infokuryr.cz\/n\/wp-content\/uploads\/2026\/04\/nasa.mp4\">http:\/\/www.infokuryr.cz\/n\/wp-content\/uploads\/2026\/04\/nasa.mp4<\/a><\/video><\/div>\n<p><img decoding=\"async\" loading=\"lazy\" class=\"alignnone size-full wp-image-1185\" src=\"http:\/\/www.infokuryr.cz\/n\/wp-content\/uploads\/2021\/04\/kuryr-podpis.png\" alt=\"\" width=\"84\" height=\"24\" \/><\/p>\n<p>&nbsp;<\/p>\n","protected":false},"excerpt":{"rendered":"<p>\u010cty\u0159i astronauti se ve st\u0159edu vydali na historickou desetidenn\u00ed cestu NASA ve st\u0159edu vypustila sondu&#8230;<\/p>\n","protected":false},"author":2,"featured_media":103609,"comment_status":"closed","ping_status":"closed","sticky":false,"template":"","format":"standard","meta":[],"categories":[7],"tags":[1632,1665,1039,1075,37],"_links":{"self":[{"href":"https:\/\/www.infokuryr.cz\/n\/wp-json\/wp\/v2\/posts\/103607"}],"collection":[{"href":"https:\/\/www.infokuryr.cz\/n\/wp-json\/wp\/v2\/posts"}],"about":[{"href":"https:\/\/www.infokuryr.cz\/n\/wp-json\/wp\/v2\/types\/post"}],"author":[{"embeddable":true,"href":"https:\/\/www.infokuryr.cz\/n\/wp-json\/wp\/v2\/users\/2"}],"replies":[{"embeddable":true,"href":"https:\/\/www.infokuryr.cz\/n\/wp-json\/wp\/v2\/comments?post=103607"}],"version-history":[{"count":0,"href":"https:\/\/www.infokuryr.cz\/n\/wp-json\/wp\/v2\/posts\/103607\/revisions"}],"wp:featuredmedia":[{"embeddable":true,"href":"https:\/\/www.infokuryr.cz\/n\/wp-json\/wp\/v2\/media\/103609"}],"wp:attachment":[{"href":"https:\/\/www.infokuryr.cz\/n\/wp-json\/wp\/v2\/media?parent=103607"}],"wp:term":[{"taxonomy":"category","embeddable":true,"href":"https:\/\/www.infokuryr.cz\/n\/wp-json\/wp\/v2\/categories?post=103607"},{"taxonomy":"post_tag","embeddable":true,"href":"https:\/\/www.infokuryr.cz\/n\/wp-json\/wp\/v2\/tags?post=103607"}],"curies":[{"name":"wp","href":"https:\/\/api.w.org\/{rel}","templated":true}]}}