{"id":103557,"date":"2026-04-02T00:16:20","date_gmt":"2026-04-01T22:16:20","guid":{"rendered":"https:\/\/www.infokuryr.cz\/n\/?p=103557"},"modified":"2026-04-01T13:01:50","modified_gmt":"2026-04-01T11:01:50","slug":"erik-best-co-se-stane-kdyz-ty-valky-prohrajeme","status":"publish","type":"post","link":"https:\/\/www.infokuryr.cz\/n\/2026\/04\/02\/erik-best-co-se-stane-kdyz-ty-valky-prohrajeme\/","title":{"rendered":"Erik Best: Co se stane, kdy\u017e ty v\u00e1lky prohrajeme?"},"content":{"rendered":"<div id=\"fb-root\"><\/div>\n<p>Hlavn\u00ed zahrani\u010dn\u011bpolitick\u00fd koment\u00e1tor den\u00edku Financial Times Gideon Rachman tento t\u00fdden napsal, \u017ee \u00cdr\u00e1n by mohl z\u00a0v\u00e1lky se Spojen\u00fdmi st\u00e1ty a\u00a0Izraelem vyj\u00edt \u201e<a href=\"https:\/\/www.ft.com\/content\/04f6c510-47a8-4e05-99d5-5372fceeb395\" target=\"_blank\" rel=\"noopener\">siln\u011bj\u0161\u00ed a\u00a0nebezpe\u010dn\u011bj\u0161\u00ed<\/a>\u201c.<\/p>\n<p>Mezin\u00e1rodn\u00ed postaven\u00ed \u00cdr\u00e1nu by podle n\u011bj mohlo pos\u00edlit. Ne\u0159ekl p\u0159\u00edmo, \u017ee by \u00cdr\u00e1n mohl b\u00fdt v\u00edt\u011bzem v\u00e1lky na Bl\u00edzk\u00e9m v\u00fdchod\u011b, ale je to jeden ze zp\u016fsob\u016f, jak jeho\u00a0<a href=\"https:\/\/www.ft.com\/content\/4e35167f-a7c2-4d4e-b2e4-cc9d863eec2d?syn-25a6b1a6\" target=\"_blank\" rel=\"noopener\">argumenty<\/a>\u00a0interpretovat.<\/p>\n<p>Rachman si to m\u016f\u017ee dovolit, proto\u017ee\u00a0<a href=\"https:\/\/cs.wikipedia.org\/wiki\/Overtonovo_okno\" target=\"_blank\" rel=\"noopener\">Overtonovo okno<\/a>\u00a0ohledn\u011b \u00cdr\u00e1nu a\u00a0Ukrajiny se posouv\u00e1. Nikoli v\u0161ak v\u00a0\u010cesk\u00e9 republice. Kdokoli p\u0159ekro\u010d\u00ed hranice p\u0159ijateln\u00e9ho projevu, p\u0159edur\u010den\u00e9ho \u010ceskou televiz\u00ed, \u010cesk\u00fdm rozhlasem a\u00a0ostatn\u00edmi mainstreamov\u00fdmi m\u00e9dii,<\/p>\n<p>Bezpe\u010dnostn\u00ed informa\u010dn\u00ed slu\u017ebou a\u00a0st\u00e1tn\u00edm zastupitelstv\u00edm, je ostrakizov\u00e1n. V\u00fdsledkem je hluboce rozd\u011blen\u00e1 spole\u010dnost a\u00a0\u010dasto i\u00a0investi\u010dn\u00ed, kari\u00e9rn\u00ed a\u00a0osobn\u00ed rozhodnut\u00ed, kter\u00e1 vych\u00e1zej\u00ed z\u00a0jednostrann\u00e9ho hodnocen\u00ed sv\u011btov\u00e9 situace.<\/p>\n<p>Realita je takov\u00e1, \u017ee Z\u00e1pad vede dv\u011b v\u00e1lky, kter\u00e9 pravd\u011bpodobn\u011b nevyhraje, a\u00a0v\u011bt\u0161in\u011b \u010cech\u016f je zabra\u0148ov\u00e1no se na to psychicky p\u0159ipravit.<\/p>\n<p><a href=\"https:\/\/www.fsfinalword.cz\/?page=archive&amp;day=2026-04-01\">Erik Best<\/a><\/p>\n<p><img decoding=\"async\" loading=\"lazy\" class=\"alignnone  wp-image-1179\" src=\"http:\/\/www.infokuryr.cz\/n\/wp-content\/uploads\/2021\/04\/erik-best.jpg\" alt=\"\" width=\"128\" height=\"144\" \/><\/p>\n<p>&nbsp;<\/p>\n","protected":false},"excerpt":{"rendered":"<p>Hlavn\u00ed zahrani\u010dn\u011bpolitick\u00fd koment\u00e1tor den\u00edku Financial Times Gideon Rachman tento t\u00fdden napsal, \u017ee \u00cdr\u00e1n by mohl&#8230;<\/p>\n","protected":false},"author":2,"featured_media":102219,"comment_status":"closed","ping_status":"closed","sticky":false,"template":"","format":"standard","meta":[],"categories":[6],"tags":[38,1503,158,40],"_links":{"self":[{"href":"https:\/\/www.infokuryr.cz\/n\/wp-json\/wp\/v2\/posts\/103557"}],"collection":[{"href":"https:\/\/www.infokuryr.cz\/n\/wp-json\/wp\/v2\/posts"}],"about":[{"href":"https:\/\/www.infokuryr.cz\/n\/wp-json\/wp\/v2\/types\/post"}],"author":[{"embeddable":true,"href":"https:\/\/www.infokuryr.cz\/n\/wp-json\/wp\/v2\/users\/2"}],"replies":[{"embeddable":true,"href":"https:\/\/www.infokuryr.cz\/n\/wp-json\/wp\/v2\/comments?post=103557"}],"version-history":[{"count":0,"href":"https:\/\/www.infokuryr.cz\/n\/wp-json\/wp\/v2\/posts\/103557\/revisions"}],"wp:featuredmedia":[{"embeddable":true,"href":"https:\/\/www.infokuryr.cz\/n\/wp-json\/wp\/v2\/media\/102219"}],"wp:attachment":[{"href":"https:\/\/www.infokuryr.cz\/n\/wp-json\/wp\/v2\/media?parent=103557"}],"wp:term":[{"taxonomy":"category","embeddable":true,"href":"https:\/\/www.infokuryr.cz\/n\/wp-json\/wp\/v2\/categories?post=103557"},{"taxonomy":"post_tag","embeddable":true,"href":"https:\/\/www.infokuryr.cz\/n\/wp-json\/wp\/v2\/tags?post=103557"}],"curies":[{"name":"wp","href":"https:\/\/api.w.org\/{rel}","templated":true}]}}