{"id":103554,"date":"2026-04-02T00:13:34","date_gmt":"2026-04-01T22:13:34","guid":{"rendered":"https:\/\/www.infokuryr.cz\/n\/?p=103554"},"modified":"2026-04-01T12:58:20","modified_gmt":"2026-04-01T10:58:20","slug":"petr-pokorny-teroristicky-utok-na-ruskou-ambasadu-provedl-opet-obcan-statu-cizinecko","status":"publish","type":"post","link":"https:\/\/www.infokuryr.cz\/n\/2026\/04\/02\/petr-pokorny-teroristicky-utok-na-ruskou-ambasadu-provedl-opet-obcan-statu-cizinecko\/","title":{"rendered":"Petr Pokorn\u00fd: Teroristick\u00fd \u00fatok na ruskou ambas\u00e1du provedl op\u011bt ob\u010dan st\u00e1tu &#8222;Cizinecko&#8220;"},"content":{"rendered":"<div id=\"fb-root\"><\/div>\n<div class=\"introtext\">\n<h4>Hroz\u00ed mu sazba a\u017e 20 let \u010di do\u017eivot\u00ed, pokud se to srovn\u00e1 s \u00fadajn\u00fdm teroristick\u00fdm \u00fatokem na kancel\u00e1\u0159 a sp\u00e1len\u00e9 pap\u00edrky v Pardubic\u00edch. A nast\u00e1v\u00e1 probl\u00e9m: kde le\u017e\u00ed st\u00e1t Cizinecko, pokud bude n\u00e1sledn\u011b vyho\u0161t\u011bn?<\/h4>\n<\/div>\n<div class=\"fulltext\">\n<p>Je divn\u00e9, \u017ee v m\u00e9di\u00edch \u010dteme zlo\u010diny \u010cech\u016f, Slov\u00e1k\u016f, Raku\u0161an\u016f, Rus\u016f a Cizinc\u016f. Jenom\u017ee v map\u00e1ch \u017e\u00e1dn\u00fd takov\u00fd st\u00e1t neexistuje. Nebo ho op\u011bt zalo\u017eily USA, jako st\u00e1t Kosovo? Nebo na z\u00e1klad\u011b toho, \u017ee st\u00e1t &#8222;Cizinecko&#8220; neexistuje, bude op\u011bt propu\u0161t\u011bn, jako se u\u017e ob\u010das stalo? Nen\u00ed kam ho p\u0159edat a na toto paragraf neexistuje. Dokonce n\u011bkte\u0159\u00ed u n\u00e1s teroristick\u00e9 \u00fatoky podporuj\u00ed.<\/p>\n<div class=\"css-175oi2r r-18u37iz r-136ojw6\">\n<div class=\"css-175oi2r r-18kxxzh r-1wron08 r-onrtq4 r-1awozwy\">\n<div class=\"css-175oi2r\" data-testid=\"Tweet-User-Avatar\">\n<div class=\"css-175oi2r r-18kxxzh r-1wbh5a2 r-13qz1uu\">\n<div class=\"css-175oi2r r-1wbh5a2 r-dnmrzs\">\n<div class=\"css-175oi2r r-bztko3 r-1adg3ll\" data-testid=\"UserAvatar-Container-Honza_Derka\">\n<div class=\"r-1p0dtai r-1pi2tsx r-1d2f490 r-u8s1d r-ipm5af r-13qz1uu\">\n<div class=\"css-175oi2r r-1adg3ll r-1pi2tsx r-13qz1uu r-45ll9u r-u8s1d r-1v2oles r-176fswd r-bztko3\">\n<div class=\"r-1p0dtai r-1pi2tsx r-1d2f490 r-u8s1d r-ipm5af r-13qz1uu\">\n<div class=\"css-175oi2r r-sdzlij r-1udh08x r-5f1w11 r-u8s1d r-8jfcpp\">\n<div class=\"css-175oi2r r-1awozwy r-18u37iz r-1wbh5a2 r-dnmrzs\">\n<h4 class=\"css-146c3p1 r-bcqeeo r-1ttztb7 r-qvutc0 r-37j5jr r-a023e6 r-rjixqe r-b88u0q r-1awozwy r-6koalj r-1udh08x r-3s2u2q\" dir=\"ltr\"><span class=\"css-1jxf684 r-dnmrzs r-1udh08x r-1udbk01 r-3s2u2q r-bcqeeo r-1ttztb7 r-qvutc0 r-poiln3\"><span class=\"css-1jxf684 r-bcqeeo r-1ttztb7 r-qvutc0 r-poiln3\">Honza Derka<\/span><\/span><\/h4>\n<\/div>\n<p><span class=\"css-1jxf684 r-bcqeeo r-1ttztb7 r-qvutc0 r-poiln3\">@Honza_Derka<\/span><\/div>\n<\/div>\n<\/div>\n<\/div>\n<\/div>\n<\/div>\n<\/div>\n<\/div>\n<\/div>\n<\/div>\n<div class=\"css-175oi2r\">\n<div class=\"css-175oi2r r-1s2bzr4\">\n<div id=\"id__39z7y0hgvxc\" class=\"css-146c3p1 r-bcqeeo r-1ttztb7 r-qvutc0 r-37j5jr r-1inkyih r-16dba41 r-bnwqim r-135wba7\" dir=\"auto\" lang=\"cs\" data-testid=\"tweetText\"><span class=\"css-1jxf684 r-bcqeeo r-1ttztb7 r-qvutc0 r-poiln3\">To bude ve stylu&#8230;hod\u00edme si na bar\u00e1k molotova, a\u0165 m\u00e1me z\u00e1minku, \u017ee jsou tady protirusk\u00e9 n\u00e1lady. Propaganda doma toho n\u00e1le\u017eit\u011b vyu\u017eije.<\/span><\/div>\n<\/div>\n<\/div>\n<p><img decoding=\"async\" loading=\"lazy\" class=\"aligncenter\" src=\"https:\/\/www.skrytapravda.cz\/images\/blogy\/805\/2026\/3b%C5%99ezen\/terorismus_ukrajinc%C5%AF_499c5.webp\" alt=\"terorismus ukrajinc\u016f 499c5\" width=\"516\" height=\"490\" \/><\/p>\n<p>Justice nezn\u00e1 st\u00e1t &#8222;Cizinecko&#8220; a tak pr\u00fd nem\u016f\u017ee teroristy n\u00e1rodnosti\u00a0 &#8222;Cizinec&#8220; odsoudit. \u00dadajn\u011b proto jsou tak prapodivn\u00e9\u00a0<strong>&#8222;N\u011aKTER\u00c9&#8220;<\/strong>\u00a0v\u00fdroky justice.<\/p>\n<p>M\u00e1 justice m\u011b\u0159it v\u0161em stejn\u00fdm metrem, nebo jsou\u00a0<strong>n\u011bkte\u0159\u00ed<\/strong>\u00a0soudci a soudkyn\u011b\u00a0vyjmuty ze syst\u00e9mu a rozsudek d\u011blaj\u00ed &#8222;dle zvl\u00e1\u0161tn\u00ed knihy politick\u00fdch kauz&#8220;?<\/p>\n<h4><strong>Nem\u011bli by ob\u010dan\u00e9 \u017e\u00e1dat prov\u011brku, v jak\u00e9m stavu je \u010desk\u00e1 soudn\u00ed moc?\u00a0<\/strong><\/h4>\n<p><a href=\"https:\/\/www.skrytapravda.cz\/z-domova\/3078-teroristicky-utok-na-ruskou-ambasadu-provedl-opet-obcan-statu-cizinecko\">Petr Pokorn\u00fd<\/a><\/p>\n<p>&nbsp;<\/p>\n<\/div>\n","protected":false},"excerpt":{"rendered":"<p>Hroz\u00ed mu sazba a\u017e 20 let \u010di do\u017eivot\u00ed, pokud se to srovn\u00e1 s \u00fadajn\u00fdm teroristick\u00fdm&#8230;<\/p>\n","protected":false},"author":2,"featured_media":103555,"comment_status":"closed","ping_status":"closed","sticky":false,"template":"","format":"standard","meta":[],"categories":[6],"tags":[6812,1503,3128,2574],"_links":{"self":[{"href":"https:\/\/www.infokuryr.cz\/n\/wp-json\/wp\/v2\/posts\/103554"}],"collection":[{"href":"https:\/\/www.infokuryr.cz\/n\/wp-json\/wp\/v2\/posts"}],"about":[{"href":"https:\/\/www.infokuryr.cz\/n\/wp-json\/wp\/v2\/types\/post"}],"author":[{"embeddable":true,"href":"https:\/\/www.infokuryr.cz\/n\/wp-json\/wp\/v2\/users\/2"}],"replies":[{"embeddable":true,"href":"https:\/\/www.infokuryr.cz\/n\/wp-json\/wp\/v2\/comments?post=103554"}],"version-history":[{"count":1,"href":"https:\/\/www.infokuryr.cz\/n\/wp-json\/wp\/v2\/posts\/103554\/revisions"}],"predecessor-version":[{"id":103556,"href":"https:\/\/www.infokuryr.cz\/n\/wp-json\/wp\/v2\/posts\/103554\/revisions\/103556"}],"wp:featuredmedia":[{"embeddable":true,"href":"https:\/\/www.infokuryr.cz\/n\/wp-json\/wp\/v2\/media\/103555"}],"wp:attachment":[{"href":"https:\/\/www.infokuryr.cz\/n\/wp-json\/wp\/v2\/media?parent=103554"}],"wp:term":[{"taxonomy":"category","embeddable":true,"href":"https:\/\/www.infokuryr.cz\/n\/wp-json\/wp\/v2\/categories?post=103554"},{"taxonomy":"post_tag","embeddable":true,"href":"https:\/\/www.infokuryr.cz\/n\/wp-json\/wp\/v2\/tags?post=103554"}],"curies":[{"name":"wp","href":"https:\/\/api.w.org\/{rel}","templated":true}]}}