{"id":103552,"date":"2026-04-02T00:24:31","date_gmt":"2026-04-01T22:24:31","guid":{"rendered":"https:\/\/www.infokuryr.cz\/n\/?p=103552"},"modified":"2026-04-01T12:46:16","modified_gmt":"2026-04-01T10:46:16","slug":"brusel-celi-stretu-zeme-eu-podnikaji-pravni-kroky-proti-spolecnosti-pfizer","status":"publish","type":"post","link":"https:\/\/www.infokuryr.cz\/n\/2026\/04\/02\/brusel-celi-stretu-zeme-eu-podnikaji-pravni-kroky-proti-spolecnosti-pfizer\/","title":{"rendered":"Brusel \u010del\u00ed st\u0159etu: Zem\u011b EU podnikaj\u00ed pr\u00e1vn\u00ed kroky proti spole\u010dnosti Pfizer"},"content":{"rendered":"<div id=\"fb-root\"><\/div>\n<div class=\"elementor-element elementor-element-1fb4c2c elementor-widget elementor-widget-theme-post-content\" data-id=\"1fb4c2c\" data-element_type=\"widget\" data-e-type=\"widget\" data-widget_type=\"theme-post-content.default\">\n<div class=\"elementor-widget-container\">\n<p><span dir=\"auto\">N\u011bkolik \u010dlensk\u00fdch st\u00e1t\u016f EU se otev\u0159en\u011b stav\u00ed proti spole\u010dnosti Pfizer \u2013 a tud\u00ed\u017e kl\u00ed\u010dov\u00e9mu prvku evropsk\u00e9 koronavirov\u00e9 politiky.\u00a0<\/span><a href=\"https:\/\/www.euractiv.com\/news\/hungary-poland-romania-to-face-pfizer-in-brussels-over-covid-vaccine-contracts\/?\" target=\"_blank\" rel=\"noreferrer noopener\" data-type=\"link\" data-id=\"https:\/\/www.euractiv.com\/news\/hungary-poland-romania-to-face-pfizer-in-brussels-over-covid-vaccine-contracts\/?\"><span dir=\"auto\">Polsko, Ma\u010farsko a Rumunsko odm\u00edtaj\u00ed<\/span><\/a><span dir=\"auto\">\u00a0p\u0159ijmout dal\u0161\u00ed dod\u00e1vky vakc\u00edn proti covidu a riskuj\u00ed pr\u00e1vn\u00ed konfrontaci v Bruselu. Co za\u010dalo jako spole\u010dn\u00fd projekt zad\u00e1v\u00e1n\u00ed ve\u0159ejn\u00fdch zak\u00e1zek, se nyn\u00ed m\u011bn\u00ed v politick\u00fd a pr\u00e1vn\u00ed konflikt, v n\u011bm\u017e jsou ohro\u017eeny miliardy eur.<\/span><\/p>\n<p><span dir=\"auto\">V j\u00e1dru se probl\u00e9m to\u010d\u00ed kolem smluv, kter\u00e9 byly podeps\u00e1ny pod obrovsk\u00fdm \u010dasov\u00fdm tlakem a ukl\u00e1daj\u00ed vl\u00e1d\u00e1m dlouhodob\u00e9 z\u00e1ruky n\u00e1kupu. P\u0159esto\u017ee pandemie ustoupila a popt\u00e1vka po vakc\u00edn\u00e1ch drasticky klesla, tyto dodac\u00ed povinnosti z\u016fst\u00e1vaj\u00ed v platnosti. Vl\u00e1dy jsou nyn\u00ed nuceny platit za miliony nepou\u017eit\u00fdch d\u00e1vek \u2013 nebo smlouvy napadnout.<\/span><\/p>\n<p><span dir=\"auto\">Skute\u010dnost, \u017ee jednotliv\u00e9 zem\u011b k tomuto kroku p\u0159istupuj\u00ed, ukazuje, jak velk\u00fd se tlak stal. U\u017e nejde jen o zdravotn\u00ed politiku, ale i o rozpo\u010dtov\u00e9 ot\u00e1zky a politickou d\u016fv\u011bryhodnost. My\u0161lenka pokra\u010duj\u00edc\u00edho utr\u00e1cen\u00ed ve\u0159ejn\u00fdch pen\u011bz za produkty, kter\u00e9 ji\u017e nejsou pot\u0159eba, je v tuzemsku jen t\u011b\u017eko obhajiteln\u00e1.<\/span><\/p>\n<p><span dir=\"auto\">Spole\u010dnost Pfizer zase trv\u00e1 na dodr\u017eov\u00e1n\u00ed smluv. Z pohledu spole\u010dnosti se jedn\u00e1 o pr\u00e1vn\u011b z\u00e1vazn\u00e9 dohody, kter\u00e9 nelze jednostrann\u011b zp\u011btn\u011b vypov\u011bd\u011bt. Pr\u00e1v\u011b v tom spo\u010d\u00edv\u00e1 j\u00e1dro konfliktu: st\u00e1ty argumentuj\u00ed na z\u00e1klad\u011b zm\u011bn\u011bn\u00e9 reality, zat\u00edmco korporace se spol\u00e9h\u00e1 na pr\u00e1vn\u00ed vymahatelnost.<\/span><\/p>\n<p><span dir=\"auto\">Tento p\u0159\u00edpad odhaluje struktur\u00e1ln\u00ed probl\u00e9m. B\u011bhem akutn\u00ed f\u00e1ze krize byla \u010din\u011bna rozhodnut\u00ed, kter\u00e1 up\u0159ednost\u0148ovala maxim\u00e1ln\u00ed bezpe\u010dnost \u2013 za ka\u017edou cenu. Dnes je jasn\u00e9, \u017ee tato strategie vytvo\u0159ila dlouhodob\u00e9 z\u00e1vazky, kter\u00e9 nelze snadno upravit. Pandemie skon\u010dila, ale smlouvy z\u016fst\u00e1vaj\u00ed v platnosti.<\/span><\/p>\n<p><span dir=\"auto\">Obzvl\u00e1\u0161t\u011b v\u00fdbu\u0161nou skute\u010dnost\u00ed je, \u017ee konflikt by nyn\u00ed mohl b\u00fdt p\u0159edlo\u017een soudu. To by poprv\u00e9 pr\u00e1vn\u011b objasnilo, jak daleko ve skute\u010dnosti sah\u00e1 z\u00e1vazn\u00fd \u00fa\u010dinek takov\u00fdch krizov\u00fdch dohod \u2013 a zda maj\u00ed st\u00e1ty prostor k odvol\u00e1n\u00ed se na v\u00fdjime\u010dn\u00e9 okolnosti.<\/span><\/p>\n<p><span dir=\"auto\">Z\u00e1rove\u0148 spor vrh\u00e1 sv\u011btlo na rovnov\u00e1hu sil. I suver\u00e9nn\u00ed st\u00e1ty se dost\u00e1vaj\u00ed pod tlak, kdy\u017e se uj\u00edmaj\u00ed glob\u00e1ln\u00edch farmaceutick\u00fdch spole\u010dnost\u00ed, jejich\u017e smlouvy jsou mezin\u00e1rodn\u011b zaji\u0161t\u011bny. Ot\u00e1zkou nen\u00ed jen to, kdo m\u00e1 pr\u00e1vn\u00ed v\u00fdhodu, ale tak\u00e9 to, kdo mus\u00ed politicky ustoupit.<\/span><\/p>\n<p><span dir=\"auto\">Konflikt by mohl m\u00edt dalekos\u00e1hl\u00e9 d\u016fsledky. Pokud by se do boje zapojily dal\u0161\u00ed zem\u011b, hroz\u00ed \u0159et\u011bzov\u00e1 reakce, kter\u00e1 by mohla zpochybnit celou strategii EU v oblasti o\u010dkov\u00e1n\u00ed. To, co bylo zpo\u010d\u00e1tku vn\u00edm\u00e1no jako \u00fasp\u011b\u0161n\u00fd p\u0159\u00edb\u011bh spole\u010dn\u00e9ho zad\u00e1v\u00e1n\u00ed ve\u0159ejn\u00fdch zak\u00e1zek, by se zp\u011btn\u011b mohlo uk\u00e1zat jako obt\u00ed\u017en\u011b odhadnuteln\u00e9 riziko.<\/span><\/p>\n<p><span dir=\"auto\">Jedna v\u011bc je jist\u00e1: *Pandemie* sice skon\u010dila, ale jej\u00ed dopady jsou st\u00e1le citeln\u00e9. A nyn\u00ed se rozv\u00edj\u00ed dynamika, kter\u00e1 sah\u00e1 daleko za hranice zdravotn\u00ed krize.<\/span><\/p>\n<\/div>\n<\/div>\n<div class=\"elementor-element elementor-element-8c57238 quelle dc-has-condition dc-condition-empty elementor-widget elementor-widget-heading\" data-id=\"8c57238\" data-element_type=\"widget\" data-e-type=\"widget\" data-widget_type=\"heading.default\">\n<div class=\"elementor-widget-container\">\n<h3 class=\"elementor-heading-title elementor-size-default\"><span style=\"font-size: 10pt;\"><a href=\"https:\/\/www.euractiv.com\/news\/hungary-poland-romania-to-face-pfizer-in-brussels-over-covid-vaccine-contracts\/?\" target=\"_blank\" rel=\"nofollow noopener\"><span dir=\"auto\">Zdroj<\/span><\/a><\/span><\/h3>\n<p>&nbsp;<\/p>\n<\/div>\n<\/div>\n","protected":false},"excerpt":{"rendered":"<p>N\u011bkolik \u010dlensk\u00fdch st\u00e1t\u016f EU se otev\u0159en\u011b stav\u00ed proti spole\u010dnosti Pfizer \u2013 a tud\u00ed\u017e kl\u00ed\u010dov\u00e9mu prvku&#8230;<\/p>\n","protected":false},"author":2,"featured_media":84998,"comment_status":"closed","ping_status":"closed","sticky":false,"template":"","format":"standard","meta":[],"categories":[7],"tags":[640,41,1503,315],"_links":{"self":[{"href":"https:\/\/www.infokuryr.cz\/n\/wp-json\/wp\/v2\/posts\/103552"}],"collection":[{"href":"https:\/\/www.infokuryr.cz\/n\/wp-json\/wp\/v2\/posts"}],"about":[{"href":"https:\/\/www.infokuryr.cz\/n\/wp-json\/wp\/v2\/types\/post"}],"author":[{"embeddable":true,"href":"https:\/\/www.infokuryr.cz\/n\/wp-json\/wp\/v2\/users\/2"}],"replies":[{"embeddable":true,"href":"https:\/\/www.infokuryr.cz\/n\/wp-json\/wp\/v2\/comments?post=103552"}],"version-history":[{"count":0,"href":"https:\/\/www.infokuryr.cz\/n\/wp-json\/wp\/v2\/posts\/103552\/revisions"}],"wp:featuredmedia":[{"embeddable":true,"href":"https:\/\/www.infokuryr.cz\/n\/wp-json\/wp\/v2\/media\/84998"}],"wp:attachment":[{"href":"https:\/\/www.infokuryr.cz\/n\/wp-json\/wp\/v2\/media?parent=103552"}],"wp:term":[{"taxonomy":"category","embeddable":true,"href":"https:\/\/www.infokuryr.cz\/n\/wp-json\/wp\/v2\/categories?post=103552"},{"taxonomy":"post_tag","embeddable":true,"href":"https:\/\/www.infokuryr.cz\/n\/wp-json\/wp\/v2\/tags?post=103552"}],"curies":[{"name":"wp","href":"https:\/\/api.w.org\/{rel}","templated":true}]}}