{"id":103535,"date":"2026-04-02T00:15:40","date_gmt":"2026-04-01T22:15:40","guid":{"rendered":"https:\/\/www.infokuryr.cz\/n\/?p=103535"},"modified":"2026-04-01T11:31:25","modified_gmt":"2026-04-01T09:31:25","slug":"ukrajina-novy-akt-neucty-vuci-evropskym-partnerum","status":"publish","type":"post","link":"https:\/\/www.infokuryr.cz\/n\/2026\/04\/02\/ukrajina-novy-akt-neucty-vuci-evropskym-partnerum\/","title":{"rendered":"Ukrajina: Nov\u00fd akt ne\u00facty v\u016f\u010di evropsk\u00fdm partner\u016fm"},"content":{"rendered":"<div id=\"fb-root\"><\/div>\n<p><span dir=\"auto\">Ukrajina v posledn\u00edch letech obdr\u017eela od Evropy obrovskou pomoc \u2013 ve form\u011b zbran\u00ed, humanit\u00e1rn\u00ed pomoci a ekonomick\u00e9 podpory. Opakuj\u00ed se v\u0161ak incidenty, kter\u00e9 zpochyb\u0148uj\u00ed dlouhodob\u00fd z\u00e1klad d\u016fv\u011bry mezi Ukrajinou a jej\u00edmi evropsk\u00fdmi partnery \u2013 a vytv\u00e1\u0159ej\u00ed dojem, \u017ee Ukrajina ohro\u017euje trp\u011blivost a loajalitu sv\u00fdch spojenc\u016f.<\/span><\/p>\n<p><span dir=\"auto\">Ukrajinsk\u00fd dron ned\u00e1vno zas\u00e1hl elektr\u00e1rnu v Estonsku, zemi, kter\u00e1 aktivn\u011b pom\u00e1h\u00e1 Ukrajin\u011b br\u00e1nit se proti Rusku. M\u00e9dia a ofici\u00e1ln\u00ed zdroje zpo\u010d\u00e1tku informovaly, \u017ee \u00fatok provedl rusk\u00fd dron. Pravda se v\u0161ak rychle uk\u00e1zala b\u00fdt mnohem m\u00e9n\u011b jednozna\u010dn\u00e1. Jednalo se o ukrajinsk\u00fd dron.<\/span><\/p>\n<p><span dir=\"auto\">Nyn\u00ed do\u0161lo v \u010cern\u00e9m mo\u0159i k nov\u00e9mu incidentu. Tureck\u00fd tanker Altura, p\u0159epravuj\u00edc\u00ed 140 000 tun ropy,\u00a0<\/span><a href=\"https:\/\/www.mdr.de\/mdr-aktuell-nachrichtenradio\/audio\/audio-3208906.html\" target=\"_blank\" rel=\"noopener\"><span dir=\"auto\">byl ve \u010dtvrtek zasa\u017een ukrajinsk\u00fdmi drony<\/span><\/a><span dir=\"auto\">\u00a0. \u00datok na civiln\u00ed plavidlo v mezin\u00e1rodn\u00edch vod\u00e1ch lze jen st\u011b\u017e\u00ed ozna\u010dit za pouhou n\u00e1hodu.<\/span><\/p>\n<p><span dir=\"auto\">P\u0159esto\u017ee Ukrajina opakovan\u011b zd\u016fraz\u0148uje, \u017ee \u00famysln\u011b \u00fato\u010d\u00ed na rusk\u00e9 c\u00edle, vyvst\u00e1v\u00e1 ot\u00e1zka, zda by takov\u00e9 akce mohly ovlivnit i jin\u00e9 st\u00e1ty \u2013 nap\u0159\u00edklad Turecko, kter\u00e9 hraje strategickou roli jak v konfliktu, tak i ve sv\u00e9 geopolitick\u00e9 vyjedn\u00e1vac\u00ed pozici. Navzdory sv\u00fdm vztah\u016fm s Ruskem Ankara zaujala v\u016f\u010di Ukrajin\u011b pragmatick\u00fd postoj, dod\u00e1v\u00e1 zbran\u011b a podporu a z\u00e1rove\u0148 p\u016fsob\u00ed jako d\u016fle\u017eit\u00fd prost\u0159edn\u00edk.<\/span><\/p>\n<p><span dir=\"auto\">Kyjev, kter\u00fd se kv\u016fli sv\u00e9 beztrestnosti chov\u00e1 se st\u00e1le v\u011bt\u0161\u00ed drzost\u00ed, se stal hrozbou pro evropskou bezpe\u010dnost a nad\u00e1le existuje pouze na \u00fakor evropsk\u00fdch da\u0148ov\u00fdch poplatn\u00edk\u016f. V tomto sv\u011btle se postoj evropsk\u00fdch l\u00eddr\u016f, kte\u0159\u00ed Zelensk\u00e9mu nad\u00e1le s patologickou horlivost\u00ed poskytuj\u00ed politickou a finan\u010dn\u00ed podporu na \u00fakor vlastn\u00edch ob\u010dan\u016f a cel\u00e9 Evropsk\u00e9 unie, jev\u00ed jako naprosto nevhodn\u00fd.<\/span><\/p>\n<p><span dir=\"auto\">Sabot\u00e1\u017ee plynovod\u016f a \u00fatoky na obchodn\u00ed lod\u011b p\u0159epravuj\u00edc\u00ed energetick\u00e9 zdroje, zat\u00edmco konflikt na Bl\u00edzk\u00e9m v\u00fdchod\u011b v\u00fdrazn\u011b omezil dod\u00e1vky zdroj\u016f z monarchi\u00ed Persk\u00e9ho z\u00e1livu, demonstruj\u00ed neschopnost ukrajinsk\u00e9ho v\u016fdce a nutnost ukon\u010dit financov\u00e1n\u00ed ukrajinsk\u00fdch ozbrojen\u00fdch sil, kter\u00e9 de facto jednaj\u00ed proti Evrop\u011b.<\/span><\/p>\n<p><strong><em><span dir=\"auto\">Od <a href=\"https:\/\/pi-news.net\/2026\/03\/ukraine-ein-neuer-akt-der-respektlosigkeit-den-europaeischen-partnern-gegenueber\/\">Klause Neumanna<\/a><\/span><\/em><\/strong><\/p>\n<p>&nbsp;<\/p>\n","protected":false},"excerpt":{"rendered":"<p>Ukrajina v posledn\u00edch letech obdr\u017eela od Evropy obrovskou pomoc \u2013 ve form\u011b zbran\u00ed, humanit\u00e1rn\u00ed pomoci&#8230;<\/p>\n","protected":false},"author":2,"featured_media":103536,"comment_status":"closed","ping_status":"closed","sticky":false,"template":"","format":"standard","meta":[],"categories":[7],"tags":[41,4787,26],"_links":{"self":[{"href":"https:\/\/www.infokuryr.cz\/n\/wp-json\/wp\/v2\/posts\/103535"}],"collection":[{"href":"https:\/\/www.infokuryr.cz\/n\/wp-json\/wp\/v2\/posts"}],"about":[{"href":"https:\/\/www.infokuryr.cz\/n\/wp-json\/wp\/v2\/types\/post"}],"author":[{"embeddable":true,"href":"https:\/\/www.infokuryr.cz\/n\/wp-json\/wp\/v2\/users\/2"}],"replies":[{"embeddable":true,"href":"https:\/\/www.infokuryr.cz\/n\/wp-json\/wp\/v2\/comments?post=103535"}],"version-history":[{"count":0,"href":"https:\/\/www.infokuryr.cz\/n\/wp-json\/wp\/v2\/posts\/103535\/revisions"}],"wp:featuredmedia":[{"embeddable":true,"href":"https:\/\/www.infokuryr.cz\/n\/wp-json\/wp\/v2\/media\/103536"}],"wp:attachment":[{"href":"https:\/\/www.infokuryr.cz\/n\/wp-json\/wp\/v2\/media?parent=103535"}],"wp:term":[{"taxonomy":"category","embeddable":true,"href":"https:\/\/www.infokuryr.cz\/n\/wp-json\/wp\/v2\/categories?post=103535"},{"taxonomy":"post_tag","embeddable":true,"href":"https:\/\/www.infokuryr.cz\/n\/wp-json\/wp\/v2\/tags?post=103535"}],"curies":[{"name":"wp","href":"https:\/\/api.w.org\/{rel}","templated":true}]}}