{"id":103486,"date":"2026-04-01T00:33:23","date_gmt":"2026-03-31T22:33:23","guid":{"rendered":"https:\/\/www.infokuryr.cz\/n\/?p=103486"},"modified":"2026-03-31T14:42:30","modified_gmt":"2026-03-31T12:42:30","slug":"ladislav-jakl-svata-valka-v-zalivu","status":"publish","type":"post","link":"https:\/\/www.infokuryr.cz\/n\/2026\/04\/01\/ladislav-jakl-svata-valka-v-zalivu\/","title":{"rendered":"Ladislav Jakl: Svat\u00e1 v\u00e1lka v Z\u00e1livu?"},"content":{"rendered":"<div id=\"fb-root\"><\/div>\n<p style=\"text-align: left;\" align=\"center\">Modlen\u00ed nen\u00ed nikdy dost. Co\u017e se n\u00e1m p\u0159ipomene p\u0159edev\u0161\u00edm o Svat\u00e9m t\u00fddnu, kter\u00fd za\u010d\u00edn\u00e1 v\u00a0ned\u011bli. Modl\u00edme se za bo\u017e\u00ed p\u0159\u00edze\u0148, za zdrav\u00ed, za \u00fasp\u011bch. T\u0159eba i za \u00fasp\u011bch ve v\u00e1lce. Pokud jste na t\u00e9 spr\u00e1vn\u00e9 stran\u011b a pokorn\u011b pros\u00edte, mus\u00ed to pomoci.<\/p>\n<p>No, vlastn\u011b nemus\u00ed. Americk\u00fd ministr v\u00e1lky Pete Hegseth vyzval b\u011bhem modlitby v\u00a0Pentagonu Ameri\u010dany, aby se modlili za americk\u00e9 voj\u00e1ky \u201ena kolenou s rodinou, ve \u0161kol\u00e1ch, v kostelech, jm\u00e9nem Je\u017e\u00ed\u0161e Krista\u201c. Nazna\u010dil tak sv\u011btu, \u017ee Ameri\u010dan\u00e9 vedou v\u00a0\u00cdr\u00e1nu cosi jako svatou v\u00e1lku. K\u0159\u00ed\u017eovou v\u00fdpravu. N\u00e1bo\u017eensk\u00fd boj za Krista. M\u00e1 to ale h\u00e1\u010dek.<\/p>\n<p>Na ot\u00e1zku jednoho novin\u00e1\u0159e, jak\u00e9 zem\u011b v\u00a0t\u00e9to v\u00e1lce nejv\u00edce spolupracuj\u00ed s Washingtonem, ministr odpov\u011bd\u011bl, \u017ee Izrael. \u201eOd prvn\u00edho dne je \u00fa\u017easn\u00fdm a schopn\u00fdm partnerem,\u201c dodal. Rovn\u011b\u017e vyzdvihl zem\u011b Persk\u00e9ho z\u00e1livu. \u201eJsme hrd\u00ed na to, \u017ee je br\u00e1n\u00edme, \u017ee stoj\u00edme po jejich boku,\u201c \u0159ekl Hegseth a jmenoval Spojen\u00e9 arabsk\u00e9 emir\u00e1ty, Katar, Bahrajn, Kuvajt \u010di Sa\u00fadskou Ar\u00e1bii.<\/p>\n<p>To jsou dost zvl\u00e1\u0161tn\u00ed spojenci v\u00a0boji za Krista. Copak Izrael, jeho motivace je daleko v\u00edce pragmatick\u00e1 ne\u017e n\u00e1bo\u017eensk\u00e1, tak\u017ee asi jeho p\u0159edstavitel\u00e9 zkousnou, \u017ee tak trochu bojuj\u00ed za Krista. Ale co absolutistick\u00e9 sunnitsk\u00e9 arabsk\u00e9 monarchie? Ty jsou tak\u00e9 nad\u0161en\u00e9, \u017ee bojuj\u00ed za Krista? I ty nap\u016fl wahh\u00e1bistick\u00e9? A je\u0161t\u011b jim to n\u011bkdo vehementn\u011b strk\u00e1 pod nos?<\/p>\n<p>Ano, \u0161\u00editsk\u00fd re\u017eim v Ir\u00e1nu byl v\u017edy rivalem a konkurentem arabsk\u00fdch monarchi\u00ed. Ale \u017ee by tito Arabov\u00e9 kv\u016fli tomu \u0161li do boje ve jm\u00e9nu Krista? Ony tyhle dosud spojeneck\u00e9 zem\u011b tak\u00e9 maj\u00ed sv\u00e9 z\u00e1jmy, svou ve\u0159ejnost, t\u0159eba\u017ee v\u00e1hu tam maj\u00ed jen n\u011bkter\u00e9 klany a rodiny. Nen\u00ed pro n\u011b jednoduch\u00e9 p\u0159ijmout, \u017ee se kv\u016fli americko-izraelsk\u00e9 v\u00e1lce staly ter\u010dem. \u017de americk\u00e9 vojensk\u00e9 z\u00e1klady v\u00a0oblasti je neochr\u00e1nily, ale sp\u00ed\u0161e p\u016fsob\u00ed jako hromosvod. Pokud si n\u011bkdo chce uchovat jejich spojenectv\u00ed, m\u011bl by na\u0161lapovat opatrn\u011b, a ne jim to je\u0161t\u011b zt\u011b\u017eovat a tla\u010dit je do n\u00e1bo\u017eensk\u00e9 interpretace.<\/p>\n<p>Opravdu je cel\u00e9 dobrodru\u017estv\u00ed v\u00a0Persk\u00e9m dob\u0159e domy\u0161len\u00e9? A komunikace kolem n\u011bj tak\u00e9? Je jasn\u011b stanoven c\u00edl? A metody jeho dosa\u017een\u00ed? Sp\u00ed\u0161 to vypad\u00e1, \u017ee tu kdosi do \u010dehosi \u0161l\u00e1pl.<\/p>\n<p><em><a href=\"https:\/\/www.institutvk.cz\/clanky\/3367.html\">\u00a0Ladislav Jakl,<\/a> 27. 3. 2026<\/em><\/p>\n<p>&nbsp;<\/p>\n","protected":false},"excerpt":{"rendered":"<p>Modlen\u00ed nen\u00ed nikdy dost. Co\u017e se n\u00e1m p\u0159ipomene p\u0159edev\u0161\u00edm o Svat\u00e9m t\u00fddnu, kter\u00fd za\u010d\u00edn\u00e1 v\u00a0ned\u011bli&#8230;.<\/p>\n","protected":false},"author":2,"featured_media":101385,"comment_status":"closed","ping_status":"closed","sticky":false,"template":"","format":"standard","meta":[],"categories":[6],"tags":[1503,4358,40],"_links":{"self":[{"href":"https:\/\/www.infokuryr.cz\/n\/wp-json\/wp\/v2\/posts\/103486"}],"collection":[{"href":"https:\/\/www.infokuryr.cz\/n\/wp-json\/wp\/v2\/posts"}],"about":[{"href":"https:\/\/www.infokuryr.cz\/n\/wp-json\/wp\/v2\/types\/post"}],"author":[{"embeddable":true,"href":"https:\/\/www.infokuryr.cz\/n\/wp-json\/wp\/v2\/users\/2"}],"replies":[{"embeddable":true,"href":"https:\/\/www.infokuryr.cz\/n\/wp-json\/wp\/v2\/comments?post=103486"}],"version-history":[{"count":1,"href":"https:\/\/www.infokuryr.cz\/n\/wp-json\/wp\/v2\/posts\/103486\/revisions"}],"predecessor-version":[{"id":103487,"href":"https:\/\/www.infokuryr.cz\/n\/wp-json\/wp\/v2\/posts\/103486\/revisions\/103487"}],"wp:featuredmedia":[{"embeddable":true,"href":"https:\/\/www.infokuryr.cz\/n\/wp-json\/wp\/v2\/media\/101385"}],"wp:attachment":[{"href":"https:\/\/www.infokuryr.cz\/n\/wp-json\/wp\/v2\/media?parent=103486"}],"wp:term":[{"taxonomy":"category","embeddable":true,"href":"https:\/\/www.infokuryr.cz\/n\/wp-json\/wp\/v2\/categories?post=103486"},{"taxonomy":"post_tag","embeddable":true,"href":"https:\/\/www.infokuryr.cz\/n\/wp-json\/wp\/v2\/tags?post=103486"}],"curies":[{"name":"wp","href":"https:\/\/api.w.org\/{rel}","templated":true}]}}