{"id":103474,"date":"2026-04-01T00:35:59","date_gmt":"2026-03-31T22:35:59","guid":{"rendered":"https:\/\/www.infokuryr.cz\/n\/?p=103474"},"modified":"2026-03-31T14:28:52","modified_gmt":"2026-03-31T12:28:52","slug":"baron-lzi-otrasa-svetem-a-selhava","status":"publish","type":"post","link":"https:\/\/www.infokuryr.cz\/n\/2026\/04\/01\/baron-lzi-otrasa-svetem-a-selhava\/","title":{"rendered":"Baron l\u017e\u00ed ot\u0159\u00e1s\u00e1 sv\u011btem\u2026 a selh\u00e1v\u00e1"},"content":{"rendered":"<div id=\"fb-root\"><\/div>\n<p><strong><span dir=\"auto\">Donald Trump nejen\u017ee ohro\u017euje sv\u011bt svou megalomani\u00ed a chamtivost\u00ed; nepochybn\u011b se zap\u00ed\u0161e do d\u011bjin jako nesporn\u00fd mistr l\u017e\u00ed. Jak\u00e1 je realita, kdy\u017e se zd\u00e1, \u017ee z\u00e1padn\u00ed m\u00e9dia jeho absurditu bezpochyby polykaj\u00ed?<\/span><\/strong><\/p>\n<h3 class=\"wp-block-heading\"><strong><span dir=\"auto\">Zaveden\u00ed<\/span><\/strong><\/h3>\n<p><span dir=\"auto\">Komici jsou okr\u00e1d\u00e1ni o svou kreativitu: k tomu, aby se z Trumpov\u00fdch prohl\u00e1\u0161en\u00ed stala fra\u0161ka, sta\u010d\u00ed jedin\u00fd krok \u2013 ned\u011blat absolutn\u011b nic. Nechat ho mluvit sta\u010d\u00ed k tomu, aby se poskytla \u201e\u0161pi\u010dkov\u00e1\u201c z\u00e1bava\u2026 na nejni\u017e\u0161\u00ed mo\u017en\u00e9 \u00farovni. M\u00e9n\u011b vtipn\u00e9 je, \u017ee z\u00e1padn\u00ed m\u00e9dia, kter\u00e1 tvrd\u00ed, \u017ee nab\u00edzej\u00ed report\u00e1\u017ee a anal\u00fdzy, berou tento naprost\u00fd nesmysl v\u00e1\u017en\u011b. Pokud budete poslouchat z\u00e1padn\u00ed experty, budete si nev\u011b\u0159\u00edcn\u011b mnout o\u010di a u\u0161i. Nikdy p\u0159edt\u00edm nebyly zpr\u00e1vy a anal\u00fdzy tak pln\u00e9 absurdit a tak vzd\u00e1len\u00e9 realit\u011b. Z\u00e1padn\u00ed populace a m\u00e9dia si ve sv\u00e9 pod\u0159\u00edzenosti podobn\u00e9 Diederichu Hesslingovi ani neuv\u011bdomuj\u00ed, \u017ee je mocn\u00e9 osobnosti Izraele a Spojen\u00fdch st\u00e1t\u016f vedou ke katastrof\u011b. M\u00edsto aby lidi p\u0159ipravovaly na to, \u017ee Z\u00e1pad \u2013 a zejm\u00e9na Evropa \u2013 sm\u011b\u0159uje ke kolapsu a b\u00edd\u011b, publikuj\u00ed optimistick\u00e9 progn\u00f3zy.<\/span><\/p>\n<p><span dir=\"auto\">Pe\u010dliv\u00fd v\u00fdzkum n\u00e1m v\u0161ak jist\u011b umo\u017e\u0148uje vykreslit realistick\u00fd obraz. Je to nam\u00e1hav\u00fd \u00fakol, proto\u017ee cel\u00fd Z\u00e1pad se spikl, aby sv\u011btu lhal. D\u00edky cenzu\u0159e a um\u011bl\u00e9 inteligenci maj\u00ed kruhy, kter\u00e9 formuj\u00ed ve\u0159ejn\u00e9 m\u00edn\u011bn\u00ed a politiku, prost\u0159edky k p\u0159esv\u011bd\u010den\u00ed z\u00e1padn\u00edho obyvatelstva, \u017ee Izraelci jsou ti dob\u0159\u00ed a \u017ee Ameri\u010dan\u00e9 zv\u00edt\u011bz\u00ed. To nen\u00ed nic nov\u00e9ho: ve v\u00e1lce v\u017edycky byli jen v\u00edt\u011bzov\u00e9. Nacist\u00e9 se tak a\u017e do roku 1945 sna\u017eili p\u0159esv\u011bd\u010dit sv\u016fj lid, \u017ee kone\u010dn\u00e9 v\u00edt\u011bzstv\u00ed je na dosah. B\u011bhem korejsk\u00e9 a vietnamsk\u00e9 v\u00e1lky Ameri\u010dan\u00e9 \u201evyhr\u00e1li\u201c a Rusko na Ukrajin\u011b \u201eprohr\u00e1v\u00e1\u201c u\u017e \u010dty\u0159i roky. A dnes Ameri\u010dan\u00e9 a Izraelci \u201evyhr\u00e1vaj\u00ed\u201c v \u00cdr\u00e1nu, Libanonu a vlastn\u011b na cel\u00e9m Bl\u00edzk\u00e9m v\u00fdchod\u011b.<\/span><\/p>\n<p><span dir=\"auto\">Skute\u010dnost, \u017ee tato propaganda nem\u016f\u017ee b\u00fdt pravdiv\u00e1, je patrn\u00e1 i z toho, \u017ee tvrzen\u00ed jsou \u010d\u00edm d\u00e1l fantastick\u011bj\u0161\u00ed \u2013 i slavn\u00fd baron Pr\u00e1\u0161il by se za\u010dervenal.<\/span><\/p>\n<p><span dir=\"auto\">Jako v\u017edy v m\u00fdch report\u00e1\u017e\u00edch se jedn\u00e1 pouze o pokus popsat a analyzovat glob\u00e1ln\u00ed situaci. V h\u0159e je p\u0159\u00edli\u0161 mnoho faktor\u016f a je snadn\u00e9 vynechat n\u011bkter\u00e1 fakta, jen aby se \u010dlov\u011bk ocitl v rozporu s realitou.<\/span><\/p>\n<h3 class=\"wp-block-heading\"><span style=\"color: #800080;\"><strong><span dir=\"auto\">Velk\u00e9 l\u017ei<\/span><\/strong><\/span><\/h3>\n<h3 class=\"wp-block-heading\"><strong><span dir=\"auto\">Neexistuj\u00edc\u00ed jedn\u00e1n\u00ed a obchodov\u00e1n\u00ed zasv\u011bcen\u00fdch osob<\/span><\/strong><\/h3>\n<p><span dir=\"auto\">Prezident Trump dal 22. b\u0159ezna \u00cdr\u00e1nc\u016fm 48 hodin na otev\u0159en\u00ed Hormuzsk\u00e9ho pr\u016flivu a varoval je, \u017ee pokud tak neu\u010din\u00ed, Spojen\u00e9 st\u00e1ty zni\u010d\u00ed \u00edr\u00e1nsk\u00e9 elektr\u00e1rny.<\/span><\/p>\n<div class=\"wp-block-image\">\n<figure class=\"aligncenter size-full is-resized\"><img decoding=\"async\" loading=\"lazy\" class=\"wp-image-521287 aligncenter\" src=\"https:\/\/i0.wp.com\/reseauinternational.net\/wp-content\/uploads\/2026\/03\/image-622.png?resize=907%2C529&amp;ssl=1\" sizes=\"auto, (max-width: 907px) 100vw, 907px\" srcset=\"https:\/\/i0.wp.com\/reseauinternational.net\/wp-content\/uploads\/2026\/03\/image-622.png?w=907&amp;ssl=1 907w, https:\/\/i0.wp.com\/reseauinternational.net\/wp-content\/uploads\/2026\/03\/image-622.png?resize=300%2C175&amp;ssl=1 300w, https:\/\/i0.wp.com\/reseauinternational.net\/wp-content\/uploads\/2026\/03\/image-622.png?resize=768%2C448&amp;ssl=1 768w, https:\/\/i0.wp.com\/reseauinternational.net\/wp-content\/uploads\/2026\/03\/image-622.png?resize=740%2C431&amp;ssl=1 740w\" alt=\"\" width=\"556\" height=\"324\" data-recalc-dims=\"1\" \/>\u00cdr\u00e1nci na tuto hrozbu nereagovali.<\/figure>\n<\/div>\n<p><span dir=\"auto\">23. b\u0159ezna byl t\u00f3n zcela jin\u00fd. Trump prohl\u00e1sil, \u017ee Spojen\u00e9 st\u00e1ty vedou \u00fasp\u011b\u0161n\u00e1 jedn\u00e1n\u00ed s \u00cdr\u00e1nem a \u017ee vzhledem k povzbudiv\u00e9mu dosa\u017een\u00e9mu pokroku se v p\u0159\u00ed\u0161t\u00edch p\u011bti dnech zdr\u017e\u00ed \u00fatok\u016f na \u00edr\u00e1nskou energetickou infrastrukturu.<\/span><\/p>\n<div class=\"wp-block-image\">\n<figure class=\"aligncenter size-full is-resized\"><a class=\"single-popup\" href=\"https:\/\/i0.wp.com\/reseauinternational.net\/wp-content\/uploads\/2026\/03\/image-623.png?ssl=1\"><img decoding=\"async\" loading=\"lazy\" class=\"wp-image-521288 aligncenter\" src=\"https:\/\/i0.wp.com\/reseauinternational.net\/wp-content\/uploads\/2026\/03\/image-623.png?resize=662%2C812&amp;ssl=1\" sizes=\"auto, (max-width: 662px) 100vw, 662px\" srcset=\"https:\/\/i0.wp.com\/reseauinternational.net\/wp-content\/uploads\/2026\/03\/image-623.png?w=662&amp;ssl=1 662w, https:\/\/i0.wp.com\/reseauinternational.net\/wp-content\/uploads\/2026\/03\/image-623.png?resize=245%2C300&amp;ssl=1 245w\" alt=\"\" width=\"451\" height=\"553\" data-recalc-dims=\"1\" \/><\/a><\/figure>\n<\/div>\n<p><span dir=\"auto\">N\u011bkolik minut p\u0159ed zve\u0159ejn\u011bn\u00edm Trumpova ozn\u00e1men\u00ed do\u0161lo na finan\u010dn\u00edch trz\u00edch k zaj\u00edmav\u00e9 ud\u00e1losti.<\/span><\/p>\n<p><span dir=\"auto\">V pond\u011bl\u00ed mezi 6:49 a 6:50 newyorsk\u00e9ho \u010dasu bylo zobchodov\u00e1no p\u0159ibli\u017en\u011b 6 200 futures kontrakt\u016f na ropu Brent a West Texas Intermediate, pouh\u00fdch 15 minut p\u0159edt\u00edm, ne\u017e Trump na Truth Social tweetoval, \u017ee v posledn\u00edch dnech prob\u011bhly s Teher\u00e1nem\u00a0<\/span><em><span dir=\"auto\">\u201eproduktivn\u00ed diskuse\u201c<\/span><\/em><span dir=\"auto\">\u00a0o ukon\u010den\u00ed v\u00e1lky v \u00cdr\u00e1nu. Podle v\u00fdpo\u010dt\u016f\u00a0<\/span><em><a title=\"\" href=\"https:\/\/www.ft.com\/content\/1171d623-3709-4f6e-8ded-a5df4ec57696?syn-25a6b1a6=1\" target=\"_blank\" rel=\"noopener\"><span dir=\"auto\">Financial Times<\/span><\/a><\/em><span dir=\"auto\">\u00a0zalo\u017een\u00fdch na datech agentury Bloomberg \u010dinila nomin\u00e1ln\u00ed hodnota t\u011bchto transakc\u00ed 580 milion\u016f dolar\u016f.<\/span><\/p>\n<p><span dir=\"auto\">Z\u00e1rove\u0148 jeden obchodn\u00edk nakoupil futures kontrakty na index S&amp;P 500 v hodnot\u011b 1,5 miliardy dolar\u016f.<\/span><\/p>\n<p><span dir=\"auto\">Kr\u00e1tce po Trumpov\u011b ozn\u00e1men\u00ed vzrostly futures kontrakty S&amp;P o 2,5 % a ceny ropy klesly o 10 %.<\/span><\/p>\n<p><span dir=\"auto\">Doty\u010dn\u00e1 osoba na t\u011bchto transakc\u00edch vyd\u011blala p\u0159es 100 milion\u016f dolar\u016f. Tento zasv\u011bcenec mus\u00ed b\u00fdt nepochybn\u011b jedn\u00edm z nejbli\u017e\u0161\u00edch spolupracovn\u00edk\u016f prezidenta Trumpa.<\/span><\/p>\n<p><span dir=\"auto\">\u00cdr\u00e1nsk\u00e1 reakce byla rychl\u00e1: mezi Teher\u00e1nem a Washingtonem neprob\u00edhaj\u00ed \u017e\u00e1dn\u00e1 jedn\u00e1n\u00ed, a\u0165 u\u017e p\u0159\u00edm\u00e1 nebo nep\u0159\u00edm\u00e1.<\/span><\/p>\n<h3 class=\"wp-block-heading\"><strong><span dir=\"auto\">Pro\u010d Trump \u0161\u00ed\u0159il tuto le\u017e?<\/span><\/strong><\/h3>\n<p><span dir=\"auto\">Na jednu stranu mohl rozdat 100 milion\u016f dolar\u016f kolegovi nebo \u010dlenovi rodiny pouh\u00fdm tweetem; takov\u00e9 chov\u00e1n\u00ed m\u011b ani v nejmen\u0161\u00edm nep\u0159ekvapuje. Skute\u010dnost, \u017ee americk\u00e9 \u00fa\u0159ady okam\u017eit\u011b nezah\u00e1jily vy\u0161et\u0159ov\u00e1n\u00ed t\u00e9to trestn\u00e9 \u010dinnosti, vypov\u00edd\u00e1 o stavu zem\u011b hodn\u011b. P\u0159edpokl\u00e1d\u00e1m, \u017ee nikdo nechce riskovat \u017eivot. Probral jsem tuto z\u00e1le\u017eitost s finan\u010dn\u00edm expertem. Jeho slova:\u00a0<\/span><em><span dir=\"auto\">\u201eVe srovn\u00e1n\u00ed s t\u011bmito lidmi je mafie stejn\u011b nebezpe\u010dn\u00e1 jako Matka Tereza!\u201c<\/span><\/em><span dir=\"auto\">\u00a0Pokud by ve Spojen\u00fdch st\u00e1tech nedo\u0161lo k p\u0159evratu \u2013 a kdo by ho vedl? \u2013 tento zlo\u010din z\u016fstane nepotrest\u00e1n.<\/span><\/p>\n<p><span dir=\"auto\">Krom\u011b t\u00e9to laskavosti v\u016f\u010di p\u0159\u00edteli tento man\u00e9vr odhaluje, \u017ee americk\u00fd prezident zcela ztratil kontakt s realitou. \u00cdr\u00e1nci nemaj\u00ed z\u00e1jem vyjedn\u00e1vat s Trumpem a jeho kump\u00e1ny. Ochota Ameri\u010dan\u016f vyjedn\u00e1vat je na druhou stranu jasn\u00fdm ukazatelem toho, \u017ee v\u011bci nejdou podle pl\u00e1nu.<\/span><\/p>\n<h3 class=\"wp-block-heading\"><strong><span dir=\"auto\">Dal\u0161\u00ed le\u017e \u2013 prodlou\u017een\u00ed lh\u016fty<\/span><\/strong><\/h3>\n<p><span dir=\"auto\">26. b\u0159ezna Trump prodlou\u017eil lh\u016ftu do 6. dubna. D\u016fvod? \u2013 \u00cdr\u00e1nci o to \u00fadajn\u011b po\u017e\u00e1dali. Dal\u0161\u00ed le\u017e. Proto\u017ee \u00cdr\u00e1n nem\u00e1 absolutn\u011b \u017e\u00e1dn\u00fd z\u00e1jem vyjedn\u00e1vat s Ameri\u010dany.<\/span><\/p>\n<div class=\"wp-block-image\">\n<figure class=\"aligncenter size-full is-resized\"><a class=\"single-popup\" href=\"https:\/\/i0.wp.com\/reseauinternational.net\/wp-content\/uploads\/2026\/03\/image-625.png?ssl=1\"><img decoding=\"async\" loading=\"lazy\" class=\"wp-image-521290 aligncenter\" src=\"https:\/\/i0.wp.com\/reseauinternational.net\/wp-content\/uploads\/2026\/03\/image-625.png?resize=755%2C502&amp;ssl=1\" sizes=\"auto, (max-width: 755px) 100vw, 755px\" srcset=\"https:\/\/i0.wp.com\/reseauinternational.net\/wp-content\/uploads\/2026\/03\/image-625.png?w=755&amp;ssl=1 755w, https:\/\/i0.wp.com\/reseauinternational.net\/wp-content\/uploads\/2026\/03\/image-625.png?resize=300%2C199&amp;ssl=1 300w\" alt=\"\" width=\"465\" height=\"309\" data-recalc-dims=\"1\" \/><\/a><\/figure>\n<\/div>\n<p><span dir=\"auto\">Nen\u00ed vlastn\u011b zn\u00e1mo, zda se Trump zbl\u00e1znil, nebo zda si mysl\u00ed, \u017ee s touto strategi\u00ed dos\u00e1hne n\u011b\u010deho pozitivn\u00edho \u2013 po 48hodinov\u00e9m ultim\u00e1tu u\u017e se ujali veden\u00ed komici.<\/span><\/p>\n<div class=\"wp-block-image\">\n<figure class=\"aligncenter size-full is-resized\"><a class=\"single-popup\" href=\"https:\/\/i0.wp.com\/reseauinternational.net\/wp-content\/uploads\/2026\/03\/image-626.png?ssl=1\"><img decoding=\"async\" loading=\"lazy\" class=\"wp-image-521291 aligncenter\" src=\"https:\/\/i0.wp.com\/reseauinternational.net\/wp-content\/uploads\/2026\/03\/image-626.png?resize=800%2C543&amp;ssl=1\" sizes=\"auto, (max-width: 800px) 100vw, 800px\" srcset=\"https:\/\/i0.wp.com\/reseauinternational.net\/wp-content\/uploads\/2026\/03\/image-626.png?w=800&amp;ssl=1 800w, https:\/\/i0.wp.com\/reseauinternational.net\/wp-content\/uploads\/2026\/03\/image-626.png?resize=300%2C204&amp;ssl=1 300w, https:\/\/i0.wp.com\/reseauinternational.net\/wp-content\/uploads\/2026\/03\/image-626.png?resize=768%2C521&amp;ssl=1 768w\" alt=\"\" width=\"470\" height=\"319\" data-recalc-dims=\"1\" \/><\/a><figcaption class=\"wp-element-caption\"><em><span dir=\"auto\">\u201eJsou ti \u00cdr\u00e1nci, se kter\u00fdmi jste mluvil posledn\u00ed dva dny&#8230; pr\u00e1v\u011b te\u010f s n\u00e1mi v m\u00edstnosti?\u201c<\/span><\/em><\/figcaption><\/figure>\n<\/div>\n<p><span dir=\"auto\">\u017d\u00e1dn\u00e9ho rozumn\u00e9ho analytika nep\u0159ekvapilo, kdy\u017e Spojen\u00e9 st\u00e1ty a Izrael kr\u00e1tce po tomto tweetu poru\u0161ily sv\u016fj \u201eslib\u201c. Izrael mimo jin\u00e9 za\u00fato\u010dil na dv\u011b nejv\u011bt\u0161\u00ed \u00edr\u00e1nsk\u00e9 ocel\u00e1rny, elektr\u00e1rnu a civiln\u00ed jadern\u00e1 za\u0159\u00edzen\u00ed. Izraelci tvrdili, \u017ee jednali v koordinaci se Spojen\u00fdmi st\u00e1ty, co\u017e je jist\u011b pravda, proto\u017ee \u017e\u00e1dn\u00e9 izraelsk\u00e9 letadlo nem\u016f\u017ee za\u00fato\u010dit na \u00cdr\u00e1n bez americk\u00fdch tankovac\u00edch letadel a nem\u016f\u017ee se vr\u00e1tit bez jejich pomoci.<\/span><\/p>\n<figure class=\"wp-block-embed is-type-rich is-provider-twitter wp-block-embed-twitter\">\n<div class=\"wp-block-embed__wrapper\">\n<div class=\"embed-twitter\">\n<div class=\"twitter-tweet twitter-tweet-rendered\"><iframe id=\"twitter-widget-0\" class=\"\" title=\"X Post\" src=\"https:\/\/platform.twitter.com\/embed\/Tweet.html?dnt=true&amp;embedId=twitter-widget-0&amp;features=eyJ0ZndfdGltZWxpbmVfbGlzdCI6eyJidWNrZXQiOltdLCJ2ZXJzaW9uIjpudWxsfSwidGZ3X2ZvbGxvd2VyX2NvdW50X3N1bnNldCI6eyJidWNrZXQiOnRydWUsInZlcnNpb24iOm51bGx9LCJ0ZndfdHdlZXRfZWRpdF9iYWNrZW5kIjp7ImJ1Y2tldCI6Im9uIiwidmVyc2lvbiI6bnVsbH0sInRmd19yZWZzcmNfc2Vzc2lvbiI6eyJidWNrZXQiOiJvbiIsInZlcnNpb24iOm51bGx9LCJ0ZndfZm9zbnJfc29mdF9pbnRlcnZlbnRpb25zX2VuYWJsZWQiOnsiYnVja2V0Ijoib24iLCJ2ZXJzaW9uIjpudWxsfSwidGZ3X21peGVkX21lZGlhXzE1ODk3Ijp7ImJ1Y2tldCI6InRyZWF0bWVudCIsInZlcnNpb24iOm51bGx9LCJ0ZndfZXhwZXJpbWVudHNfY29va2llX2V4cGlyYXRpb24iOnsiYnVja2V0IjoxMjA5NjAwLCJ2ZXJzaW9uIjpudWxsfSwidGZ3X3Nob3dfYmlyZHdhdGNoX3Bpdm90c19lbmFibGVkIjp7ImJ1Y2tldCI6Im9uIiwidmVyc2lvbiI6bnVsbH0sInRmd19kdXBsaWNhdGVfc2NyaWJlc190b19zZXR0aW5ncyI6eyJidWNrZXQiOiJvbiIsInZlcnNpb24iOm51bGx9LCJ0ZndfdXNlX3Byb2ZpbGVfaW1hZ2Vfc2hhcGVfZW5hYmxlZCI6eyJidWNrZXQiOiJvbiIsInZlcnNpb24iOm51bGx9LCJ0ZndfdmlkZW9faGxzX2R5bmFtaWNfbWFuaWZlc3RzXzE1MDgyIjp7ImJ1Y2tldCI6InRydWVfYml0cmF0ZSIsInZlcnNpb24iOm51bGx9LCJ0ZndfbGVnYWN5X3RpbWVsaW5lX3N1bnNldCI6eyJidWNrZXQiOnRydWUsInZlcnNpb24iOm51bGx9LCJ0ZndfdHdlZXRfZWRpdF9mcm9udGVuZCI6eyJidWNrZXQiOiJvbiIsInZlcnNpb24iOm51bGx9fQ%3D%3D&amp;frame=false&amp;hideCard=false&amp;hideThread=false&amp;id=2037589492207669385&amp;lang=cs&amp;origin=https%3A%2F%2Freseauinternational.net%2Fun-baron-du-mensonge-bouleverse-le-monde-et-echoue%2F&amp;sessionId=7a2f8193771e98cd3f1ac2b44b642d8f2382000e&amp;theme=light&amp;widgetsVersion=2615f7e52b7e0%3A1702314776716&amp;width=550px\" frameborder=\"0\" scrolling=\"no\" allowfullscreen=\"allowfullscreen\" data-tweet-id=\"2037589492207669385\" data-mce-fragment=\"1\"><\/iframe><\/div>\n<\/div>\n<\/div>\n<\/figure>\n<h3 class=\"wp-block-heading\"><strong><span dir=\"auto\">Trump a \u010d\u00edsla<\/span><\/strong><\/h3>\n<p><span dir=\"auto\">26. b\u0159ezna byl zve\u0159ejn\u011bn pikantn\u00ed \u00fatr\u017eek: Trump tvrd\u00ed, \u017ee mu Katar, Spojen\u00e9 arabsk\u00e9 emir\u00e1ty a Sa\u00fadsk\u00e1 Ar\u00e1bie daly ka\u017ed\u00fd po 2 bilionech dolar\u016f. Jedin\u00fd probl\u00e9m: hrub\u00fd dom\u00e1c\u00ed produkt t\u011bchto t\u0159\u00ed zem\u00ed dohromady \u010din\u00ed 3 biliony dolar\u016f.<\/span><\/p>\n<p><a href=\"https:\/\/x.com\/_InfoGram_\/status\/2037159320316764584?ref_src=twsrc%5Etfw%7Ctwcamp%5Etweetembed%7Ctwterm%5E2037159320316764584%7Ctwgr%5E7a2f8193771e98cd3f1ac2b44b642d8f2382000e%7Ctwcon%5Es1_&amp;ref_url=https%3A%2F%2Freseauinternational.net%2Fun-baron-du-mensonge-bouleverse-le-monde-et-echoue%2F\"><img decoding=\"async\" loading=\"lazy\" class=\"wp-image-103476 aligncenter\" src=\"http:\/\/www.infokuryr.cz\/n\/wp-content\/uploads\/2026\/04\/x1-241x300.jpg\" alt=\"\" width=\"403\" height=\"502\" srcset=\"https:\/\/www.infokuryr.cz\/n\/wp-content\/uploads\/2026\/04\/x1-241x300.jpg 241w, https:\/\/www.infokuryr.cz\/n\/wp-content\/uploads\/2026\/04\/x1.jpg 524w\" sizes=\"(max-width: 403px) 100vw, 403px\" \/><\/a><\/p>\n<h3 class=\"wp-block-heading\"><strong><span dir=\"auto\">Tato \u010d\u00edsla Trumpa net\u011b\u0161\u00ed.<\/span><\/strong><\/h3>\n<p><span dir=\"auto\">V\u010dera se v nes\u010detn\u00fdch m\u011bstech po cel\u00fdch Spojen\u00fdch st\u00e1tech konaly protiv\u00e1le\u010dn\u00e9 demonstrace; odhady nazna\u010duj\u00ed, \u017ee po\u010det \u00fa\u010dastn\u00edk\u016f p\u0159ekro\u010dil 7 milion\u016f.<\/span><\/p>\n<p><a href=\"https:\/\/x.com\/abierkhatib\/status\/2038098524349301177?ref_src=twsrc%5Etfw%7Ctwcamp%5Etweetembed%7Ctwterm%5E2038098524349301177%7Ctwgr%5E7a2f8193771e98cd3f1ac2b44b642d8f2382000e%7Ctwcon%5Es1_&amp;ref_url=https%3A%2F%2Freseauinternational.net%2Fun-baron-du-mensonge-bouleverse-le-monde-et-echoue%2F\"><img decoding=\"async\" loading=\"lazy\" class=\"wp-image-103478 aligncenter\" src=\"http:\/\/www.infokuryr.cz\/n\/wp-content\/uploads\/2026\/04\/x2-214x300.jpg\" alt=\"\" width=\"382\" height=\"536\" srcset=\"https:\/\/www.infokuryr.cz\/n\/wp-content\/uploads\/2026\/04\/x2-214x300.jpg 214w, https:\/\/www.infokuryr.cz\/n\/wp-content\/uploads\/2026\/04\/x2.jpg 530w\" sizes=\"(max-width: 382px) 100vw, 382px\" \/><\/a><\/p>\n<h3 class=\"wp-block-heading\"><strong><span dir=\"auto\">Nejnov\u011bj\u0161\u00ed p\u0159\u00edklad l\u017ei \u2013 Su\u0161i\u010dka pr\u00e1dla znefunk\u010dnila nejv\u011bt\u0161\u00ed v\u00e1le\u010dnou lo\u010f sv\u011bta<\/span><\/strong><\/h3>\n<p><span dir=\"auto\">Jedna z nejz\u00e1bavn\u011bj\u0161\u00edch l\u017e\u00ed, kter\u00e9 Ameri\u010dan\u00e9 \u0159\u00edkaj\u00ed, se t\u00fdk\u00e1 jejich nejv\u011bt\u0161\u00ed v\u00e1le\u010dn\u00e9 lodi: letadlov\u00e9 lodi USS Gerald Ford. Podle Spojen\u00fdch st\u00e1t\u016f do\u0161lo k po\u017e\u00e1ru zp\u016fsoben\u00e9mu vadnou su\u0161i\u010dkou pr\u00e1dla, kter\u00fd ho\u0159el deset dn\u00ed. Tento symbol americk\u00e9 vojensk\u00e9 nadvl\u00e1dy nyn\u00ed zakotvil v p\u0159\u00edstavu ve Splitu. Podle nejnov\u011bj\u0161\u00edch ofici\u00e1ln\u00edch zpr\u00e1v USA budou opravy po\u0161kozen\u00ed su\u0161i\u010dky trvat 14 a\u017e 24 m\u011bs\u00edc\u016f. A\u010dkoli koluj\u00ed videa nazna\u010duj\u00edc\u00ed, \u017ee Trump potvrdil raketov\u00fd \u00fatok na letadlovou lo\u010f, ve skute\u010dnosti se tato videa vztahuj\u00ed k Venezuele. Pova\u017euji za nemo\u017en\u00e9, aby su\u0161i\u010dka pr\u00e1dla mohla vy\u0159adit z provozu nejv\u011bt\u0161\u00ed v\u00e1le\u010dnou lo\u010f sv\u011bta na t\u00e9m\u011b\u0159 dva roky.<\/span><\/p>\n<p><span dir=\"auto\">Po sv\u00e9m p\u0159\u00edjezdu do Splitu velitel prohl\u00e1sil:<\/span><\/p>\n<p><em><span dir=\"auto\">\u201ePos\u00e1dka je nad\u0161en\u00e1, \u017ee je zp\u011bt ve Splitu na zaslou\u017een\u00e9 dovolen\u00e9 [\u2026] od na\u0161\u00ed prvn\u00ed n\u00e1v\u0161t\u011bvy v \u0159\u00edjnu toho dok\u00e1zali tolik.\u201c<\/span><\/em><span dir=\"auto\">\u00a0~ Kapit\u00e1n David Skarosi, velitel lodi Gerald R. Ford<\/span><\/p>\n<div class=\"wp-block-image\">\n<figure class=\"aligncenter size-full is-resized\"><a class=\"single-popup\" href=\"https:\/\/i0.wp.com\/reseauinternational.net\/wp-content\/uploads\/2026\/03\/image-627.png?ssl=1\"><img decoding=\"async\" loading=\"lazy\" class=\"wp-image-521292 aligncenter\" src=\"https:\/\/i0.wp.com\/reseauinternational.net\/wp-content\/uploads\/2026\/03\/image-627.png?resize=785%2C518&amp;ssl=1\" sizes=\"auto, (max-width: 785px) 100vw, 785px\" srcset=\"https:\/\/i0.wp.com\/reseauinternational.net\/wp-content\/uploads\/2026\/03\/image-627.png?w=785&amp;ssl=1 785w, https:\/\/i0.wp.com\/reseauinternational.net\/wp-content\/uploads\/2026\/03\/image-627.png?resize=300%2C198&amp;ssl=1 300w, https:\/\/i0.wp.com\/reseauinternational.net\/wp-content\/uploads\/2026\/03\/image-627.png?resize=768%2C507&amp;ssl=1 768w\" alt=\"\" width=\"555\" height=\"366\" data-recalc-dims=\"1\" \/><\/a><figcaption class=\"wp-element-caption\"><em><span dir=\"auto\">Zdroj:\u00a0<\/span><a href=\"https:\/\/www.usff.navy.mil\/Press-Room\/News-Stories\/Article\/4446690\/uss-gerald-r-ford-arrives-in-split-croatia\/\"><span dir=\"auto\">Velitelstv\u00ed ozbrojen\u00fdch sil USA<\/span><\/a><\/em><\/figcaption><\/figure>\n<\/div>\n<h3 class=\"wp-block-heading\"><strong><span dir=\"auto\">Nebezpe\u010dn\u00fd mu\u017e<\/span><\/strong><\/h3>\n<p><span dir=\"auto\">Prezident Spojen\u00fdch st\u00e1t\u016f nyn\u00ed ztratil ve\u0161kerou d\u016fv\u011bryhodnost. Ale v t\u00e9to pozici \u2013 a\u0165 u\u017e si je toho v\u011bdom, nebo ne, je irelevantn\u00ed \u2013 z\u00e1rove\u0148 podkop\u00e1v\u00e1 d\u016fv\u011bryhodnost zem\u011b, kterou vede jm\u00e9nem jej\u00edch ob\u010dan\u016f.<\/span><\/p>\n<p><span dir=\"auto\">Nikdo se nem\u016f\u017ee radovat z toho, \u017ee nejmocn\u011bj\u0161\u00ed zem\u011b planety ztratila d\u016fv\u011bru ostatn\u00edch n\u00e1rod\u016f, dokonce ani \u00cdr\u00e1nu, kter\u00fd byl napaden Spojen\u00fdmi st\u00e1ty. Ka\u017ed\u00e1 v\u00e1lka toti\u017e nakonec skon\u010d\u00ed, obvykle smlouvou nebo dohodou. Ale vzhledem k \u010din\u016fm americk\u00e9ho prezidenta, kter\u00e9 se vzp\u00edraj\u00ed ve\u0161ker\u00e9mu racion\u00e1ln\u00edmu ch\u00e1p\u00e1n\u00ed, kdo m\u016f\u017ee v\u011b\u0159it jeho podpisu \u2013 nebo podpisu z\u00e1stupce jednaj\u00edc\u00edho jeho jm\u00e9nem?<\/span><\/p>\n<p><span dir=\"auto\">Nevid\u00edm \u017e\u00e1dnou v\u00fdhodu v tom, \u017ee Spojen\u00e9 st\u00e1ty budou na geopolitick\u00e9 sc\u00e9n\u011b oslaben\u00fdm hr\u00e1\u010dem \u2013 hr\u00e1\u010dem, s n\u00edm\u017e nelze vyjedn\u00e1vat.<\/span><\/p>\n<p><span dir=\"auto\">P\u0159esto je to pr\u00e1v\u011b realita dne\u0161n\u00ed sv\u011btov\u00e9 politiky. \u00cdr\u00e1nci nebudou vyjedn\u00e1vat se Spojen\u00fdmi st\u00e1ty a Izraelem, ani se sv\u00fdmi spojenci. Jejich zku\u0161enosti jim \u0159\u00edkaj\u00ed, \u017ee by to byl rozsudek smrti. Mus\u00ed proto na boji\u0161ti prosadit svou v\u016fli.<\/span><\/p>\n<p><span dir=\"auto\">Te\u010f opust\u00edme komedi\u00e1ln\u00ed klub, kter\u00fd zalo\u017eil Trump, a obr\u00e1t\u00edme se k realit\u011b.<\/span><\/p>\n<h3 class=\"wp-block-heading\"><span style=\"color: #800080;\"><strong><span dir=\"auto\">Realita je jin\u00e1<\/span><\/strong><\/span><\/h3>\n<h3 class=\"wp-block-heading\"><strong><span dir=\"auto\">Izrael je ni\u010den a Izraelci jsou v Libanonu decimov\u00e1ni.<\/span><\/strong><\/h3>\n<p><span dir=\"auto\">\u0160kody v izraelsk\u00fdch m\u011bstech jsou zni\u010duj\u00edc\u00ed. Nikoho by to ale nem\u011blo p\u0159ekvapovat: Izraelci se vn\u00edmaj\u00ed jako ob\u011bti. Takov\u00fd obraz si o sob\u011b vytv\u00e1\u0159\u00ed drtiv\u00e1 v\u011bt\u0161ina izraelsk\u00e9 \u017eidovsk\u00e9 populace.<\/span><\/p>\n<p><span dir=\"auto\">Navzdory drakonick\u00fdm p\u011btilet\u00fdm trest\u016fm odn\u011bt\u00ed svobody za informov\u00e1n\u00ed o \u00fatoc\u00edch a ni\u010den\u00ed lze online nal\u00e9zt tis\u00edce obr\u00e1zk\u016f a vide\u00ed dokumentuj\u00edc\u00edch to, co by ze z\u00e1padn\u00edho pohledu nem\u011blo existovat. Od p\u00e1tku se \u010d\u00e1sti Tel Avivu pono\u0159ily do tmy: dod\u00e1vky elekt\u0159iny maj\u00ed pot\u00ed\u017ee. Je tak\u00e9 pozoruhodn\u00e9, \u017ee izraelsk\u00fd syst\u00e9m protivzdu\u0161n\u00e9 obrany, kter\u00fd se ji\u017e od sam\u00e9ho za\u010d\u00e1tku pot\u00fdk\u00e1 s probl\u00e9my, je prakticky zastaven.\u00a0<\/span><a title=\"\" href=\"https:\/\/x.com\/pati_marins64\/status\/2037177956884263403?s=20\" target=\"_blank\" rel=\"noopener\"><span dir=\"auto\">Patricia Marins<\/span><\/a><span dir=\"auto\">\u00a0uv\u00e1d\u00ed, \u017ee osm z deseti \u00edr\u00e1nsk\u00fdch raket, kter\u00e9 zas\u00e1hnou Izrael, zas\u00e1hne sv\u00e9 c\u00edle. Hizball\u00e1h nav\u00edc v posledn\u00edch dnech zintenzivnil sv\u00e9 raketov\u00e9 \u00fatoky. Izraelci jsou proto ter\u010dem \u00fatok\u016f ze dvou stran \u2013 a nyn\u00ed se do boje, jak uvid\u00edme pozd\u011bji, p\u0159id\u00e1vaj\u00ed i H\u00fat\u00edov\u00e9.<\/span><\/p>\n<figure class=\"wp-block-embed is-type-rich is-provider-twitter wp-block-embed-twitter\">\n<div class=\"wp-block-embed__wrapper\">\n<div class=\"embed-twitter\">\n<div class=\"twitter-tweet twitter-tweet-rendered\"><iframe id=\"twitter-widget-3\" class=\"\" title=\"X Post\" src=\"https:\/\/platform.twitter.com\/embed\/Tweet.html?dnt=true&amp;embedId=twitter-widget-3&amp;features=eyJ0ZndfdGltZWxpbmVfbGlzdCI6eyJidWNrZXQiOltdLCJ2ZXJzaW9uIjpudWxsfSwidGZ3X2ZvbGxvd2VyX2NvdW50X3N1bnNldCI6eyJidWNrZXQiOnRydWUsInZlcnNpb24iOm51bGx9LCJ0ZndfdHdlZXRfZWRpdF9iYWNrZW5kIjp7ImJ1Y2tldCI6Im9uIiwidmVyc2lvbiI6bnVsbH0sInRmd19yZWZzcmNfc2Vzc2lvbiI6eyJidWNrZXQiOiJvbiIsInZlcnNpb24iOm51bGx9LCJ0ZndfZm9zbnJfc29mdF9pbnRlcnZlbnRpb25zX2VuYWJsZWQiOnsiYnVja2V0Ijoib24iLCJ2ZXJzaW9uIjpudWxsfSwidGZ3X21peGVkX21lZGlhXzE1ODk3Ijp7ImJ1Y2tldCI6InRyZWF0bWVudCIsInZlcnNpb24iOm51bGx9LCJ0ZndfZXhwZXJpbWVudHNfY29va2llX2V4cGlyYXRpb24iOnsiYnVja2V0IjoxMjA5NjAwLCJ2ZXJzaW9uIjpudWxsfSwidGZ3X3Nob3dfYmlyZHdhdGNoX3Bpdm90c19lbmFibGVkIjp7ImJ1Y2tldCI6Im9uIiwidmVyc2lvbiI6bnVsbH0sInRmd19kdXBsaWNhdGVfc2NyaWJlc190b19zZXR0aW5ncyI6eyJidWNrZXQiOiJvbiIsInZlcnNpb24iOm51bGx9LCJ0ZndfdXNlX3Byb2ZpbGVfaW1hZ2Vfc2hhcGVfZW5hYmxlZCI6eyJidWNrZXQiOiJvbiIsInZlcnNpb24iOm51bGx9LCJ0ZndfdmlkZW9faGxzX2R5bmFtaWNfbWFuaWZlc3RzXzE1MDgyIjp7ImJ1Y2tldCI6InRydWVfYml0cmF0ZSIsInZlcnNpb24iOm51bGx9LCJ0ZndfbGVnYWN5X3RpbWVsaW5lX3N1bnNldCI6eyJidWNrZXQiOnRydWUsInZlcnNpb24iOm51bGx9LCJ0ZndfdHdlZXRfZWRpdF9mcm9udGVuZCI6eyJidWNrZXQiOiJvbiIsInZlcnNpb24iOm51bGx9fQ%3D%3D&amp;frame=false&amp;hideCard=false&amp;hideThread=false&amp;id=2038246236265054575&amp;lang=cs&amp;origin=https%3A%2F%2Freseauinternational.net%2Fun-baron-du-mensonge-bouleverse-le-monde-et-echoue%2F&amp;sessionId=7a2f8193771e98cd3f1ac2b44b642d8f2382000e&amp;theme=light&amp;widgetsVersion=2615f7e52b7e0%3A1702314776716&amp;width=550px\" frameborder=\"0\" scrolling=\"no\" allowfullscreen=\"allowfullscreen\" data-tweet-id=\"2038246236265054575\" data-mce-fragment=\"1\"><\/iframe><\/div>\n<\/div>\n<\/div>\n<\/figure>\n<p><span dir=\"auto\">M\u00e1lokdo v\u011bnuje pozornost izraelsk\u00e9 invazi do Libanonu, kter\u00e1 je sou\u010d\u00e1st\u00ed projektu \u201eVelk\u00fd Izrael\u201c. Prvn\u00ed pokus v roce 2006 skon\u010dil katastrofou. Zd\u00e1 se, \u017ee Izraelc\u016fm i tentokr\u00e1t doch\u00e1z\u00ed dech. Podle r\u016fzn\u00fdch zdroj\u016f Izraelci ji\u017e ztratili v\u00edce ne\u017e 100 tank\u016f, z toho 21 jen za posledn\u00edch 24 hodin.<\/span><\/p>\n<p><a href=\"https:\/\/x.com\/GlobeEyeNetwork\/status\/2037221450646536666?ref_src=twsrc%5Etfw%7Ctwcamp%5Etweetembed%7Ctwterm%5E2037221450646536666%7Ctwgr%5E7a2f8193771e98cd3f1ac2b44b642d8f2382000e%7Ctwcon%5Es1_&amp;ref_url=https%3A%2F%2Freseauinternational.net%2Fun-baron-du-mensonge-bouleverse-le-monde-et-echoue%2F\"><img decoding=\"async\" loading=\"lazy\" class=\"wp-image-103479 aligncenter\" src=\"http:\/\/www.infokuryr.cz\/n\/wp-content\/uploads\/2026\/04\/x3-252x300.jpg\" alt=\"\" width=\"427\" height=\"508\" srcset=\"https:\/\/www.infokuryr.cz\/n\/wp-content\/uploads\/2026\/04\/x3-252x300.jpg 252w, https:\/\/www.infokuryr.cz\/n\/wp-content\/uploads\/2026\/04\/x3.jpg 525w\" sizes=\"(max-width: 427px) 100vw, 427px\" \/><\/a><\/p>\n<p><span dir=\"auto\">Podle zpr\u00e1v varoval n\u00e1\u010deln\u00edk gener\u00e1ln\u00edho \u0161t\u00e1bu arm\u00e1dy, gener\u00e1lporu\u010d\u00edk Eyal\u00a0<\/span><em><span dir=\"auto\">Zamir<\/span><\/em><span dir=\"auto\">\u00a0, b\u011bhem zased\u00e1n\u00ed bezpe\u010dnostn\u00edho kabinetu, \u017ee Izraelsk\u00e9 obrann\u00e9 s\u00edly (IDF)\u00a0<\/span><em><span dir=\"auto\">se \u201ezhrout\u00ed zevnit\u0159\u201c<\/span><\/em><span dir=\"auto\">\u00a0\u2013 jak uvedl den\u00edk The\u00a0<\/span><em><a title=\"\" href=\"https:\/\/www.timesofisrael.com\/zamir-said-to-warn-cabinet-that-idf-will-collapse-in-on-itself-amid-manpower-shortage\/\" target=\"_blank\" rel=\"noopener\"><span dir=\"auto\">Times of Israel<\/span><\/a><\/em><span dir=\"auto\">\u00a0. Kdy\u017e n\u00e1\u010deln\u00edk gener\u00e1ln\u00edho \u0161t\u00e1bu u\u010din\u00ed takov\u00e9 prohl\u00e1\u0161en\u00ed, m\u011blo by se br\u00e1t v\u00e1\u017en\u011b. Z\u00e1padn\u00ed tisk to samoz\u0159ejm\u011b ned\u011bl\u00e1 \u2013 koneckonc\u016f si nechce d\u011blat nep\u0159\u00e1tele.<\/span><\/p>\n<h3 class=\"wp-block-heading\"><strong><span dir=\"auto\">Americk\u00e9 ob\u011bti<\/span><\/strong><\/h3>\n<p><span dir=\"auto\">Ofici\u00e1ln\u00ed \u010d\u00edsla americk\u00fdch ob\u011bt\u00ed jsou uv\u00e1d\u011bna jako nev\u00fdznamn\u00e1. I kdy\u017e je tragick\u00e9 ztratit tucet voj\u00e1k\u016f, tito hrdinov\u00e9 zem\u0159eli pro dobrou v\u011bc a z \u010d\u00edseln\u00e9ho hlediska jsou ztr\u00e1ty ve srovn\u00e1n\u00ed se ztr\u00e1tami nep\u0159\u00edtele zanedbateln\u00e9 \u2013 takov\u00e1 je americk\u00e1 komunika\u010dn\u00ed strategie.<\/span><\/p>\n<p><span dir=\"auto\">N\u00e1sleduj\u00edc\u00ed video ilustruje jeden takov\u00fd p\u0159\u00edpad: syn americk\u00e9ho voj\u00e1ka padl\u00e9ho v boji ho\u0159ce pl\u00e1\u010de. \u017d\u00e1dn\u00e9 d\u00edt\u011b si to nezaslou\u017e\u00ed, a\u0165 u\u017e p\u0159\u00edtel nebo nep\u0159\u00edtel (klikn\u011bte na odkaz).<\/span><\/p>\n<p><a title=\"\" href=\"https:\/\/www.tiktok.com\/@baby.laughs5\/video\/7616821797320690974\" target=\"_blank\" rel=\"noopener\"><span dir=\"auto\">https:\/\/www.tiktok.com\/@baby.laughs5\/video\/7616821797320690974<\/span><\/a><\/p>\n<p><span dir=\"auto\">Ofici\u00e1ln\u011b zve\u0159ejn\u011bn\u00e1 \u010d\u00edsla nejsou d\u016fv\u011bryhodn\u00e1.\u00a0<\/span><a title=\"\" href=\"https:\/\/x.com\/jacksonhinklle\/status\/2037338485250515378?s=20\" target=\"_blank\" rel=\"noopener\"><span dir=\"auto\">\u00cdr\u00e1nci<\/span><\/a><span dir=\"auto\">\u00a0hl\u00e1s\u00ed 600 a\u017e 800 americk\u00fdch mrtv\u00fdch a 5 000 zran\u011bn\u00fdch. Pokud se pod\u00edv\u00e1te na videa \u00fatok\u016f na americk\u00e9 z\u00e1kladny, tato \u010d\u00edsla se zdaj\u00ed realisti\u010dt\u011bj\u0161\u00ed ne\u017e Trumpovy poh\u00e1dky.<\/span><\/p>\n<h3 class=\"wp-block-heading\"><strong><span dir=\"auto\">\u00cdr\u00e1nsk\u00fd \u00fatok na americkou z\u00e1kladnu v Sa\u00fadsk\u00e9 Ar\u00e1bii<\/span><\/strong><\/h3>\n<p><span dir=\"auto\">\u00cdr\u00e1n v\u010dera zasadil Ameri\u010dan\u016fm v Sa\u00fadsk\u00e9 Ar\u00e1bii t\u011b\u017ekou r\u00e1nu. Byly zni\u010deny t\u0159i letouny E-3 Sentry AWACS, ka\u017ed\u00fd v hodnot\u011b p\u0159ibli\u017en\u011b 600 milion\u016f americk\u00fdch dolar\u016f \u2013 na sv\u011bt\u011b jich je jen 16 \u2013 a tak\u00e9 tankovac\u00ed letadlo KC-135.<\/span><\/p>\n<p><a href=\"https:\/\/x.com\/Glenn_Diesen\/status\/2038122353968730507?ref_src=twsrc%5Etfw%7Ctwcamp%5Etweetembed%7Ctwterm%5E2038122353968730507%7Ctwgr%5E7a2f8193771e98cd3f1ac2b44b642d8f2382000e%7Ctwcon%5Es1_&amp;ref_url=https%3A%2F%2Freseauinternational.net%2Fun-baron-du-mensonge-bouleverse-le-monde-et-echoue%2F\"><img decoding=\"async\" loading=\"lazy\" class=\"wp-image-103480 aligncenter\" src=\"http:\/\/www.infokuryr.cz\/n\/wp-content\/uploads\/2026\/04\/x4-209x300.jpg\" alt=\"\" width=\"437\" height=\"627\" srcset=\"https:\/\/www.infokuryr.cz\/n\/wp-content\/uploads\/2026\/04\/x4-209x300.jpg 209w, https:\/\/www.infokuryr.cz\/n\/wp-content\/uploads\/2026\/04\/x4.jpg 530w\" sizes=\"(max-width: 437px) 100vw, 437px\" \/><\/a><\/p>\n<h3 class=\"wp-block-heading\"><span style=\"color: #800080;\"><strong><span dir=\"auto\">Hormuzsk\u00fd pr\u016fliv<\/span><\/strong><\/span><\/h3>\n<h3 class=\"wp-block-heading\"><strong><span dir=\"auto\">Nen\u00ed uzav\u0159eno, ale kontrolov\u00e1no \u00cdr\u00e1nem<\/span><\/strong><\/h3>\n<p><span dir=\"auto\">Hormuzsk\u00fd pr\u016fliv nen\u00ed ani uzav\u0159en\u00fd, ani zaminovan\u00fd. \u00cdr\u00e1nci pouze br\u00e1n\u00ed sv\u00fdm nep\u0159\u00e1tel\u016fm v jeho p\u0159ekro\u010den\u00ed. To d\u00e1v\u00e1 \u00cdr\u00e1nc\u016fm obrovskou p\u00e1ku k ovliv\u0148ov\u00e1n\u00ed glob\u00e1ln\u00ed ekonomiky. Pova\u017euji za naprosto nepochopiteln\u00e9, \u017ee Spojen\u00e9 st\u00e1ty a Izrael mohly v\u00e9st v\u00e1lku proti \u00cdr\u00e1nu, ani\u017e by si byly pln\u011b v\u011bdomy kolos\u00e1ln\u00edho rozsahu t\u011bchto d\u016fsledk\u016f. V sou\u010dasn\u00e9 dob\u011b je povolena proplut\u00ed lod\u00ed a n\u00e1kladu pat\u0159\u00edc\u00edch \u00cdr\u00e1nc\u016fm, Rus\u016fm, \u010c\u00ed\u0148an\u016fm, P\u00e1kist\u00e1nc\u016fm, Ind\u016fm a Japonc\u016fm \u2013 a samoz\u0159ejm\u011b i \u0160pan\u011bl\u016fm, jejich\u017e premi\u00e9r dokazuje, \u017ee i v Evrop\u011b lze b\u00fdt pevn\u00fd. To slou\u017e\u00ed jako drsn\u00e1 p\u0159ipom\u00ednka na\u0161\u00ed vl\u00e1d\u011b a m\u00e9di\u00edm, kter\u00e9 od \u0159\u00edjna 2023 prosazuj\u00ed linii podporuj\u00edc\u00ed genocidu a d\u00e9monizuj\u00edc\u00ed \u00cdr\u00e1n. Krom\u011b vyv\u011b\u0161en\u00ed p\u0159\u00edslu\u0161n\u00e9 vlajky je nutn\u00e9 suroviny nakupovat v juanech a zaplatit m\u00fdtn\u00e9 ve v\u00fd\u0161i 2 milion\u016f americk\u00fdch dolar\u016f.<\/span><\/p>\n<p><span dir=\"auto\">\u00cdr\u00e1n m\u00e1 vzhledem k sou\u010dasn\u00e9 situaci ekonomickou v\u00fdhodu vedle Ruska: p\u0159ed v\u00e1lkou prod\u00e1val \u00cdr\u00e1n 1,1 milionu barel\u016f ropy denn\u011b za 47 dolar\u016f; dnes prod\u00e1v\u00e1 1,5 milionu za 120 dolar\u016f; to p\u0159edstavuje n\u00e1r\u016fst o\u00a0<\/span><a title=\"\" href=\"https:\/\/x.com\/Amockx2022\/status\/2037276263342387240?s=20\" target=\"_blank\" rel=\"noopener\"><span dir=\"auto\">300 %<\/span><\/a><span dir=\"auto\">\u00a0.<\/span><\/p>\n<p><span dir=\"auto\">P\u0159edpokl\u00e1d\u00e1m, \u017ee Hormuzsk\u00fd pr\u016fliv z\u016fstane dlouhodob\u011b pod \u00edr\u00e1nskou kontrolou.<\/span><\/p>\n<h3 class=\"wp-block-heading\"><strong><span dir=\"auto\">Americk\u00fd dolar miz\u00ed<\/span><\/strong><\/h3>\n<p><span dir=\"auto\">Existuje n\u011bkolik d\u016fvod\u016f, pro\u010d by komodity m\u011bly b\u00fdt vypo\u0159\u00e1d\u00e1ny v juanech: zaprv\u00e9, platby v dolarech si mohou Ameri\u010dan\u00e9 libovoln\u011b zabavit, co\u017e v p\u0159\u00edpad\u011b juan\u016f nen\u00ed mo\u017en\u00e9, a na \u0160anghajsk\u00e9 zlat\u00e9 burze lze juan snadno sm\u011bnit za zlato. Zadruh\u00e9, pokud se 20 % sv\u011btov\u00fdch energi\u00ed bude platit v juanech m\u00edsto americk\u00fdch dolar\u016f, v\u00fdrazn\u011b to oslab\u00ed dominanci americk\u00e9ho dolaru.<\/span><\/p>\n<p><span dir=\"auto\">Ironi\u00ed historie je, \u017ee tento zl\u00fd g\u00e9nius, Henry Kissinger, stvo\u0159il v roce 1973\u00a0<\/span><a title=\"\" href=\"https:\/\/forumgeopolitica.com\/de\/artikel\/brics-serie-teil-2-466?searchstring=Kissinger#:~:text=Henry%20Kissinger%20erfindet%20den%20Petrodollar\" target=\"_blank\" rel=\"noopener\"><span dir=\"auto\">petrodolar<\/span><\/a><span dir=\"auto\">\u00a0t\u00edm, \u017ee p\u0159esv\u011bd\u010dil Sa\u00fady, aby prod\u00e1vali ropu pouze v americk\u00fdch dolarech \u2013 a dnes petrodolar um\u00edr\u00e1 tam, kde se zrodil.<\/span><\/p>\n<h3 class=\"wp-block-heading\"><strong><span dir=\"auto\">H\u00fat\u00edov\u00e9 rozdrt\u00ed Sa\u00fady<\/span><\/strong><\/h3>\n<p><span dir=\"auto\">Sa\u00fadov\u00e9 doposud pou\u017e\u00edvali sv\u016fj ropovod v\u00fdchod-z\u00e1pad, aby se vyhnuli p\u0159eprav\u011b ropy p\u0159es Hormuzsk\u00fd pr\u016fliv, a m\u00edsto toho volili pr\u016fliv B\u00e1b al-Mandab nebo Suezsk\u00fd pr\u016fplav. Tento ropovod v\u0161ak m\u00e1 jen zlomek kapacity sa\u00fadsk\u00fdch p\u0159\u00edstavn\u00edch za\u0159\u00edzen\u00ed v Persk\u00e9m z\u00e1livu. Pr\u016fliv B\u00e1b al-Mandab mezit\u00edm ovl\u00e1daj\u00ed H\u00fat\u00edov\u00e9, kte\u0159\u00ed jsou spojenci \u00cdr\u00e1nu.<\/span><\/p>\n<p><a href=\"https:\/\/x.com\/ConflictAlarm?ref_src=twsrc%5Etfw%7Ctwcamp%5Etweetembed%7Ctwterm%5E2037630852578836811%7Ctwgr%5E7a2f8193771e98cd3f1ac2b44b642d8f2382000e%7Ctwcon%5Es1_&amp;ref_url=https%3A%2F%2Freseauinternational.net%2Fun-baron-du-mensonge-bouleverse-le-monde-et-echoue%2F\"><img decoding=\"async\" loading=\"lazy\" class=\"wp-image-103481 aligncenter\" src=\"http:\/\/www.infokuryr.cz\/n\/wp-content\/uploads\/2026\/04\/x5-277x300.jpg\" alt=\"\" width=\"435\" height=\"471\" srcset=\"https:\/\/www.infokuryr.cz\/n\/wp-content\/uploads\/2026\/04\/x5-277x300.jpg 277w, https:\/\/www.infokuryr.cz\/n\/wp-content\/uploads\/2026\/04\/x5.jpg 526w\" sizes=\"(max-width: 435px) 100vw, 435px\" \/><\/a><\/p>\n<p><span dir=\"auto\">H\u00fat\u00edov\u00e9 ji\u017e ozn\u00e1mili uzav\u0159en\u00ed.<\/span><\/p>\n<p><a href=\"https:\/\/x.com\/BryanDawsonUSA\/status\/2037976163671249276?ref_src=twsrc%5Etfw%7Ctwcamp%5Etweetembed%7Ctwterm%5E2037976163671249276%7Ctwgr%5E7a2f8193771e98cd3f1ac2b44b642d8f2382000e%7Ctwcon%5Es1_&amp;ref_url=https%3A%2F%2Freseauinternational.net%2Fun-baron-du-mensonge-bouleverse-le-monde-et-echoue%2F\"><img decoding=\"async\" loading=\"lazy\" class=\"wp-image-103482 aligncenter\" src=\"http:\/\/www.infokuryr.cz\/n\/wp-content\/uploads\/2026\/04\/x6-232x300.jpg\" alt=\"\" width=\"462\" height=\"597\" srcset=\"https:\/\/www.infokuryr.cz\/n\/wp-content\/uploads\/2026\/04\/x6-232x300.jpg 232w, https:\/\/www.infokuryr.cz\/n\/wp-content\/uploads\/2026\/04\/x6.jpg 517w\" sizes=\"(max-width: 462px) 100vw, 462px\" \/><\/a><\/p>\n<p><span dir=\"auto\">Arogantn\u00ed Ameri\u010dan\u00e9 by to m\u011bli br\u00e1t v\u00e1\u017en\u011b, proto\u017ee proti H\u00fat\u00ed\u016fm marn\u011b bojuj\u00ed u\u017e 15 let Ameri\u010dan\u00e9, Sa\u00fadov\u00e9, Izraelci, Francouzi a Britov\u00e9. Ale proto\u017ee arogance a hloupost Z\u00e1padu skute\u010dn\u011b nezn\u00e1 mez\u00ed, bude Z\u00e1pad stejn\u011b p\u0159ekvapen odporem \u00cdr\u00e1nu jako Trump, kdy\u017e prohl\u00e1sil: <\/span><em><span dir=\"auto\">\u201eVyhr\u00e1li jsme, ale oni se st\u00e1le br\u00e1n\u00ed.\u201c<\/span><\/em><\/p>\n<p><span dir=\"auto\">Tato eskalace p\u0159ivede Sa\u00fady k bankrotu a zablokuje Suezsk\u00fd pr\u016fplav. Soud\u011b podle sou\u010dasn\u00fdch \u010d\u00edsel na finan\u010dn\u00edch trz\u00edch Z\u00e1pad bud\u00ed dojem, \u017ee \u201eprobl\u00e9m\u201c bude brzy vy\u0159e\u0161en. To je pop\u00edr\u00e1n\u00ed reality a z\u00e1padn\u00ed \u00fa\u010dastn\u00edci trhu nejsou schopni ani vzd\u00e1len\u011b realisticky posoudit hrozbu pro glob\u00e1ln\u00ed ekonomiku.<\/span><\/p>\n<p><span dir=\"auto\">Zablokov\u00e1n\u00ed pr\u016flivu Bab al-Mandab by m\u011blo dva d\u016fsledky: zaprv\u00e9, Sa\u00fadov\u00e9 by ji\u017e nemohli vyv\u00e1\u017eet \u017e\u00e1dnou ropu; tot\u00e9\u017e by platilo pro Spojen\u00e9 arabsk\u00e9 emir\u00e1ty. Zadruh\u00e9, Suezsk\u00fd pr\u016fplav by \u00fastil do Rud\u00e9ho mo\u0159e, kter\u00e9 by pak bylo tak\u00e9 zablokov\u00e1no. Suezsk\u00fdm pr\u016fplavem proch\u00e1z\u00ed dvan\u00e1ct procent sv\u011btov\u00e9ho obchodu. Z\u00e1padn\u00ed m\u00e9dia o tom nemluv\u00ed \u2013 j\u00e1 nem\u00e1m slov.<\/span><\/p>\n<h3 class=\"wp-block-heading\"><strong><span dir=\"auto\">V p\u0159\u00edpad\u011b americk\u00e9ho pozemn\u00edho \u00fatoku se z Hormuzu stane Gallipoli 2.0<\/span><\/strong><\/h3>\n<p><span dir=\"auto\">Jedna z nejv\u011bt\u0161\u00edch por\u00e1\u017eek Britsk\u00e9ho imp\u00e9ria byla mimo jin\u00e9 p\u0159ipisov\u00e1na Winstonu Churchillovi b\u011bhem ne\u00fasp\u011b\u0161n\u00e9ho ta\u017een\u00ed za dobyt\u00edm Gallipoli v roce 1915. Britov\u00e9, kte\u0159\u00ed byli p\u0159ed stolet\u00edm stejn\u011b arogantn\u00ed jako dnes Spojen\u00e9 st\u00e1ty, v\u011b\u0159ili, \u017ee to bude p\u0159edzv\u011bst\u00ed p\u00e1du Osmansk\u00e9 \u0159\u00ed\u0161e. Bitva si vy\u017e\u00e1dala celkem 100 000 mrtv\u00fdch a 250 000 zran\u011bn\u00fdch na obou stran\u00e1ch, co\u017e byla t\u00e9m\u011b\u0159 polovina nasazen\u00fdch vojsk.<\/span><\/p>\n<p><span dir=\"auto\">Jak ukazuje topografick\u00e1 mapa \u00cdr\u00e1nu n\u00ed\u017ee (vlevo), \u00cdr\u00e1n je p\u0159\u00edrodn\u00ed pevnost, kter\u00e1 d\u00e1v\u00e1 \u00cdr\u00e1nc\u016fm jako obr\u00e1nc\u016fm ve\u0161ker\u00e9 v\u00fdhody. Ir\u00e1k, kter\u00fd je \u010dty\u0159ikr\u00e1t men\u0161\u00ed ne\u017e \u00cdr\u00e1n, je tak\u00e9 zcela rovinat\u00fd (vpravo). V roce 1991 se koalici p\u0159ibli\u017en\u011b 800 000 mezin\u00e1rodn\u00edch voj\u00e1k\u016f poda\u0159ilo obsadit sotva polovinu t\u00e9to mal\u00e9, rovinat\u00e9 zem\u011b. Hornat\u00e1 je pouze pohrani\u010dn\u00ed oblast s \u00cdr\u00e1nem, co\u017e nakonec vedlo k por\u00e1\u017ece Ir\u00e1ku v \u00edr\u00e1nsko-ir\u00e1ck\u00e9 v\u00e1lce v 80. letech 20. stolet\u00ed.<\/span><\/p>\n<div class=\"wp-block-image\" style=\"text-align: center;\">\n<figure class=\"aligncenter size-full is-resized\"><a class=\"single-popup\" href=\"https:\/\/i0.wp.com\/reseauinternational.net\/wp-content\/uploads\/2026\/03\/image-628.png?ssl=1\"><img decoding=\"async\" loading=\"lazy\" class=\"wp-image-521293 aligncenter\" src=\"https:\/\/i0.wp.com\/reseauinternational.net\/wp-content\/uploads\/2026\/03\/image-628.png?resize=794%2C385&amp;ssl=1\" sizes=\"auto, (max-width: 794px) 100vw, 794px\" srcset=\"https:\/\/i0.wp.com\/reseauinternational.net\/wp-content\/uploads\/2026\/03\/image-628.png?w=794&amp;ssl=1 794w, https:\/\/i0.wp.com\/reseauinternational.net\/wp-content\/uploads\/2026\/03\/image-628.png?resize=300%2C145&amp;ssl=1 300w, https:\/\/i0.wp.com\/reseauinternational.net\/wp-content\/uploads\/2026\/03\/image-628.png?resize=768%2C372&amp;ssl=1 768w\" alt=\"\" width=\"796\" height=\"386\" data-recalc-dims=\"1\" \/><\/a><figcaption class=\"wp-element-caption\"><em><span dir=\"auto\">Topografick\u00e9 mapy \u00cdr\u00e1nu (vlevo) a Ir\u00e1ku (vpravo)<\/span><\/em><\/figcaption><\/figure>\n<\/div>\n<p><span dir=\"auto\">\u00cdr\u00e1nci minul\u00fd v\u00edkend za\u00fato\u010dili na americk\u00e9 jednotky. Isl\u00e1msk\u00e9 revolu\u010dn\u00ed gardy (IRGC) potvrdily, \u017ee nejm\u00e9n\u011b 50 americk\u00fdch voj\u00e1k\u016f pat\u0159\u00edc\u00edch k Delta Force nebo CENTCOM bylo podruh\u00e9 zajato v Hormuzsk\u00e9m pr\u016flivu za pou\u017eit\u00ed high-tech zbran\u00ed. Americk\u00e9 jednotky byly d\u00e1le napadeny v Dubaji: nach\u00e1zely se tam dva \u00fakryty americk\u00fdch invazn\u00edch sil, jeden s v\u00edce ne\u017e 400 lidmi a druh\u00fd s v\u00edce ne\u017e 100. Oba \u00fakryty byly identifikov\u00e1ny a zcela zni\u010deny. Ztr\u00e1ty americk\u00fdch voj\u00e1k\u016f jsou jist\u00e9 a velmi vysok\u00e9.<\/span><\/p>\n<p><a href=\"https:\/\/x.com\/IRTruePromise\/status\/2037828031213912177?ref_src=twsrc%5Etfw%7Ctwcamp%5Etweetembed%7Ctwterm%5E2037828031213912177%7Ctwgr%5E7a2f8193771e98cd3f1ac2b44b642d8f2382000e%7Ctwcon%5Es1_&amp;ref_url=https%3A%2F%2Freseauinternational.net%2Fun-baron-du-mensonge-bouleverse-le-monde-et-echoue%2F\"><img decoding=\"async\" loading=\"lazy\" class=\"wp-image-103483 aligncenter\" src=\"http:\/\/www.infokuryr.cz\/n\/wp-content\/uploads\/2026\/04\/x7-182x300.jpg\" alt=\"\" width=\"333\" height=\"548\" srcset=\"https:\/\/www.infokuryr.cz\/n\/wp-content\/uploads\/2026\/04\/x7-182x300.jpg 182w, https:\/\/www.infokuryr.cz\/n\/wp-content\/uploads\/2026\/04\/x7.jpg 523w\" sizes=\"(max-width: 333px) 100vw, 333px\" \/><\/a><\/p>\n<p><span dir=\"auto\">Nen\u00ed zn\u00e1mo, zda Ameri\u010dan\u00e9 na tuto sebevra\u017eednou misi vy\u0161lou voj\u00e1ky, a pokud ano, kolik jich bude. Jasn\u00e9 je, \u017ee velitel n\u00e1mo\u0159n\u00edch z\u00e1loh a ji\u017en\u00edch sil n\u00e1mo\u0159n\u00ed p\u011bchoty Leonard F. Anderson adresoval 26. b\u0159ezna sv\u00fdm voj\u00e1k\u016fm pozoruhodn\u00fd dopis. Tento dopis byl zasl\u00e1n 35 000 z\u00e1lo\u017en\u00edk\u016fm. V n\u011bm Anderson p\u00ed\u0161e, \u017ee mari\u0148\u00e1ci se mus\u00ed p\u0159ipravit na v\u00e1lku \u2013 a jejich rodiny se mus\u00ed p\u0159ipravit tak\u00e9.<\/span><\/p>\n<div class=\"wp-block-image\">\n<figure class=\"aligncenter size-full is-resized\"><a class=\"single-popup\" href=\"https:\/\/i0.wp.com\/reseauinternational.net\/wp-content\/uploads\/2026\/03\/image-629.png?ssl=1\"><img decoding=\"async\" loading=\"lazy\" class=\"wp-image-521294 aligncenter\" src=\"https:\/\/i0.wp.com\/reseauinternational.net\/wp-content\/uploads\/2026\/03\/image-629.png?resize=660%2C747&amp;ssl=1\" sizes=\"auto, (max-width: 660px) 100vw, 660px\" srcset=\"https:\/\/i0.wp.com\/reseauinternational.net\/wp-content\/uploads\/2026\/03\/image-629.png?w=660&amp;ssl=1 660w, https:\/\/i0.wp.com\/reseauinternational.net\/wp-content\/uploads\/2026\/03\/image-629.png?resize=265%2C300&amp;ssl=1 265w\" alt=\"\" width=\"422\" height=\"477\" data-recalc-dims=\"1\" \/><\/a><\/figure>\n<\/div>\n<h3 class=\"wp-block-heading\"><strong><span dir=\"auto\">St\u00e1ty Persk\u00e9ho z\u00e1livu<\/span><\/strong><\/h3>\n<p><span dir=\"auto\">St\u00e1ty Persk\u00e9ho z\u00e1livu nejsou o nic suver\u00e9nn\u011bj\u0161\u00ed ne\u017e N\u011bmecko. Spole\u010dn\u00e9 maj\u00ed to, \u017ee na sv\u00e9m \u00fazem\u00ed host\u00ed obrovsk\u00e9 americk\u00e9 z\u00e1kladny, a proto mus\u00ed \u2013 a nepochybn\u011b si p\u0159ej\u00ed \u2013 hr\u00e1t dvojitou hru, nebo sp\u00ed\u0161e jezdit na dvou velbloudech. P\u0159esn\u011b to\u00a0<\/span><a title=\"\" href=\"https:\/\/forumgeopolitica.com\/de\/artikel\/angriff-auf-den-iran-der-grsste-wendepunkt-der-geschichte-im-21-jahrhundert#:~:text=%E2%80%9EEs%20ist%20nicht%20nett%2C%20auf%20zwei%20Kamelen%20gleichzeitig%20zu%20sitzen!%E2%80%9C%20Die%20arabischen%20Monarchien%20haben%20%C3%B6ffentlich%20erkl%C3%A4rt%2C%20dass%20sie%20ihren%20Luftraum%20nicht%20zur%20Verf%C3%BCgung%20stellen%20werden!%20%22Aber%20als%20alles%20begann%2C%20haben%20Sie%20trotz%20Ihrer%20wiederholten%20Aufrufe%20das%20verurteilt%2C%20was%20die%20USA%20und%20Israel%20zu%20tun%20begannen%3F!%E2%80%9C\" target=\"_blank\" rel=\"noopener\"><span dir=\"auto\">ministr zahrani\u010d\u00ed Lavrov<\/span><\/a><span dir=\"auto\"> vyj\u00e1d\u0159il ji\u017e 5. b\u0159ezna . Vojensky jsou zcela z\u00e1visl\u00e9 na Spojen\u00fdch st\u00e1tech. Sa\u00fadov\u00e9, kte\u0159\u00ed mluv\u00ed o velk\u00fdch v\u011bcech, ale jejich\u017e vojensk\u00fd rozpo\u010det je desetkr\u00e1t v\u011bt\u0161\u00ed ne\u017e \u00cdr\u00e1n, byli \u2013 jak ji\u017e bylo zm\u00edn\u011bno \u2013 proti H\u00fat\u00ed\u016fm bezmocn\u00ed; dokonce si odnesli krvav\u00e9 nosy. Nav\u00edc Trump se svou osv\u011b\u017euj\u00edc\u00ed up\u0159\u00edmnost\u00ed v p\u00e1tek ve\u0159ejn\u011b nazval Mohammeda bin Salm\u00e1na \u201epodl\u00edzavcem\u201c, co\u017e se hrd\u00fdm Arab\u016fm rozhodn\u011b nel\u00edbilo. Arabov\u00e9 nechali sv\u00e9 palestinsk\u00e9 bratry v chladu \u2013 nebo sp\u00ed\u0161e v krvi \u2013 na \u0161est desetilet\u00ed a svou podporu zanechali \u00cdr\u00e1nc\u016fm, kte\u0159\u00ed jsou Per\u0161an\u00e9, nikoli Arabov\u00e9. St\u00e1ty Persk\u00e9ho z\u00e1livu tedy nejsou zn\u00e1m\u00e9 svou loajalitou, ale sv\u00fdm oportunismem. Zat\u00edmco je\u0161t\u011b p\u0159ed dv\u011bma dny Spojen\u00e9 arabsk\u00e9 emir\u00e1ty zva\u017eovaly v\u00e1lku proti \u00cdr\u00e1nu, nyn\u00ed n\u00e1hle zm\u011bnily kurz a hovo\u0159\u00ed o diplomatick\u00e9m \u0159e\u0161en\u00ed. P\u0159i p\u0159ezkoum\u00e1n\u00ed po\u010dtu sv\u00fdch voj\u00e1k\u016f si jist\u011b uv\u011bdomily, \u017ee v\u011bt\u0161ina jejich voj\u00e1k\u016f ani nejsou ob\u010dany jejich vlastn\u00ed zem\u011b.<\/span><\/p>\n<p><a href=\"https:\/\/x.com\/Megatron_ron\/status\/2037973949733023999?ref_src=twsrc%5Etfw%7Ctwcamp%5Etweetembed%7Ctwterm%5E2037973949733023999%7Ctwgr%5E7a2f8193771e98cd3f1ac2b44b642d8f2382000e%7Ctwcon%5Es1_&amp;ref_url=https%3A%2F%2Freseauinternational.net%2Fun-baron-du-mensonge-bouleverse-le-monde-et-echoue%2F\"><img decoding=\"async\" loading=\"lazy\" class=\" wp-image-103484 aligncenter\" src=\"http:\/\/www.infokuryr.cz\/n\/wp-content\/uploads\/2026\/04\/x8-209x300.jpg\" alt=\"\" width=\"409\" height=\"587\" srcset=\"https:\/\/www.infokuryr.cz\/n\/wp-content\/uploads\/2026\/04\/x8-209x300.jpg 209w, https:\/\/www.infokuryr.cz\/n\/wp-content\/uploads\/2026\/04\/x8.jpg 520w\" sizes=\"(max-width: 409px) 100vw, 409px\" \/><\/a><\/p>\n<p><span dir=\"auto\">V\u0161echny st\u00e1ty Persk\u00e9ho z\u00e1livu se p\u0159ipoj\u00ed ke v\u00edt\u011bzi \u2013 a nebude to Amerika.<\/span><\/p>\n<h3 class=\"wp-block-heading\"><strong><span dir=\"auto\">Z\u00e1v\u011br<\/span><\/strong><\/h3>\n<p><span dir=\"auto\">Jak jsem p\u0159edpokl\u00e1dal ve sv\u00e9m p\u0159edchoz\u00edm \u010dl\u00e1nku\u00a0<\/span><em><span dir=\"auto\">\u201e\u00a0<\/span><a title=\"\" href=\"https:\/\/forumgeopolitica.com\/article\/the-empire-is-losing-control-consequences\" target=\"_blank\" rel=\"noopener\"><span dir=\"auto\">Imp\u00e9rium ztr\u00e1c\u00ed kontrolu \u2013 d\u016fsledky<\/span><\/a><span dir=\"auto\">\u00a0\u201c<\/span><\/em><span dir=\"auto\">\u00a0, \u00cdr\u00e1n tento konflikt nejen vyhraje, ale tak\u00e9 trvale p\u0159ekresl\u00ed celou mapu Bl\u00edzk\u00e9ho v\u00fdchodu.<\/span><\/p>\n<p><span dir=\"auto\">Izrael, kter\u00fd nyn\u00ed \u010del\u00ed t\u0159em protivn\u00edk\u016fm, je na pokraji kolapsu. Invaze do Libanonu se nejen uk\u00e1zala jako naprost\u00e9 fiasko, jako v roce 2006, ale je p\u0159edv\u00eddateln\u00e9, \u017ee impozantn\u00ed s\u00edly Hizball\u00e1hu pravd\u011bpodobn\u011b postoup\u00ed do severn\u00edho Izraele. To samo o sob\u011b p\u0159edstavuje katastrofu. Jak jsme ji\u017e informovali, v izraelsk\u00e9 arm\u00e1d\u011b se ji\u017e objevuj\u00ed trhliny a kolaps se zd\u00e1 b\u00fdt na spadnut\u00ed; genocida a v\u00e1lka jsou prost\u011b dv\u011b zcela odli\u0161n\u00e9 oblasti operac\u00ed. Za v\u00e1lky nep\u0159\u00edtel odplat\u00ed \u2013 na n\u011bco, na co izrael\u0161t\u00ed voj\u00e1ci nejsou zvykl\u00ed. Nyn\u00ed se do boje zapojuj\u00ed H\u00fat\u00edov\u00e9, zocelen\u00ed deseti lety boj\u016f. \u00cdr\u00e1nsk\u00e9 rakety maj\u00ed nyn\u00ed proti Izraeli volnou ruku \u2013 obrann\u00fd syst\u00e9m \u017delezn\u00e1 kupole byl zni\u010den z 80 % a izraelsk\u00e1 m\u011bsta nyn\u00ed za\u017e\u00edvaj\u00ed to, co m\u011bsta jako Bejr\u00fat nebo Dama\u0161ek \u2013 nemluv\u011b o Gaze a Ramall\u00e1hu \u2013 mus\u00ed z rukou Izraele sn\u00e1\u0161et po cel\u00e1 desetilet\u00ed. To m\u00e1 p\u0159irozen\u011b tak\u00e9 dopad na izraelskou mor\u00e1lku, jejich\u017e n\u00e1\u0159ky nad vlastn\u00edm utrpen\u00edm st\u00e1le v\u00edce dr\u00e1\u017ed\u00ed lidi \u2013 a to i st\u00e1le v\u00edce na Z\u00e1pad\u011b \u2013 proto\u017ee: kdo za\u010dal v\u00e1lku,\u00a0<\/span><em><span dir=\"auto\">zejm\u00e9na<\/span><\/em><span dir=\"auto\"> bombardov\u00e1n\u00edm d\u00edv\u010d\u00ed \u0161koly a nemocnic?<\/span><\/p>\n<p><a href=\"https:\/\/x.com\/AdameMedia\/status\/2036516602024210538?ref_src=twsrc%5Etfw%7Ctwcamp%5Etweetembed%7Ctwterm%5E2036516602024210538%7Ctwgr%5E7a2f8193771e98cd3f1ac2b44b642d8f2382000e%7Ctwcon%5Es1_&amp;ref_url=https%3A%2F%2Freseauinternational.net%2Fun-baron-du-mensonge-bouleverse-le-monde-et-echoue%2F\"><img decoding=\"async\" loading=\"lazy\" class=\"wp-image-103485 aligncenter\" src=\"http:\/\/www.infokuryr.cz\/n\/wp-content\/uploads\/2026\/04\/x9-191x300.jpg\" alt=\"\" width=\"410\" height=\"644\" srcset=\"https:\/\/www.infokuryr.cz\/n\/wp-content\/uploads\/2026\/04\/x9-191x300.jpg 191w, https:\/\/www.infokuryr.cz\/n\/wp-content\/uploads\/2026\/04\/x9.jpg 529w\" sizes=\"(max-width: 410px) 100vw, 410px\" \/><\/a><\/p>\n<p><span dir=\"auto\">Existuje re\u00e1ln\u00e1 obava, \u017ee Ameri\u010dan\u00e9 zah\u00e1j\u00ed pozemn\u00ed invazi do \u00cdr\u00e1nu. P\u0159ed \u00fatokem na \u00cdr\u00e1n bych vsadil spoustu pen\u011bz, \u017ee Ameri\u010dan\u00e9 se takov\u00e9 hlouposti nedopust\u00ed. Myslel jsem si, \u017ee m\u016fj drah\u00fd p\u0159\u00edtel Scott Ritter p\u0159eh\u00e1n\u00ed. M\u011bl pravdu a j\u00e1 se m\u00fdlil. Scott tentokr\u00e1t tak\u00e9 p\u0159edpov\u00edd\u00e1 \u00fatok \u2013 n\u00e1sledovan\u00fd krveprolit\u00edm. Jeho v\u00fdsledky jsou lep\u0161\u00ed ne\u017e ty moje, tak\u017ee rad\u011bji budu ml\u010det.\u00a0<\/span><em><span dir=\"auto\">\u201eKdy\u017e sledujete z\u00e1padn\u00ed m\u00e9dia, \u010dlov\u011bk by si myslel, \u017ee jste na jin\u00e9 planet\u011b<\/span><\/em><span dir=\"auto\">\u00a0. \u201c<\/span><\/p>\n<p><span dir=\"auto\">A\u017e do minul\u00e9ho p\u00e1tku finan\u010dn\u00ed trhy p\u0159edpokl\u00e1daly, \u017ee cel\u00e1 tato z\u00e1le\u017eitost bude vy\u0159e\u0161ena b\u011bhem n\u011bkolika t\u00fddn\u016f. Vlekl\u00fd konflikt s astronomick\u00fdmi cenami energi\u00ed, hladomory a probl\u00e9my s dod\u00e1vkami dosud nebyl do tr\u017en\u00edch cen zapo\u010d\u00edt\u00e1n. To je z velk\u00e9 \u010d\u00e1sti zp\u016fsobeno z\u00e1padn\u00edmi m\u00e9dii. Pokud poslouch\u00e1te m\u00e9dia, m\u016f\u017eete si myslet, \u017ee \u017eijete na jin\u00e9 planet\u011b. Probuzen\u00ed Z\u00e1padu bude p\u0159edzv\u011bst\u00ed no\u010dn\u00ed m\u016fry, kter\u00e1 bude trvat mnoho let.<\/span><\/p>\n<p><em><span dir=\"auto\">od\u00a0<\/span><a href=\"https:\/\/forumgeopolitica.com\/fr\/article\/un-baron-du-mensonge-bouleverse-le-monde-et-echoue\"><strong><span dir=\"auto\">Petera H\u00e4nselera<\/span><\/strong><\/a><\/em><\/p>\n<p>&nbsp;<\/p>\n<p>&nbsp;<\/p>\n","protected":false},"excerpt":{"rendered":"<p>Donald Trump nejen\u017ee ohro\u017euje sv\u011bt svou megalomani\u00ed a chamtivost\u00ed; nepochybn\u011b se zap\u00ed\u0161e do d\u011bjin jako&#8230;<\/p>\n","protected":false},"author":2,"featured_media":103475,"comment_status":"closed","ping_status":"closed","sticky":false,"template":"","format":"standard","meta":[],"categories":[7],"tags":[1042,851,452],"_links":{"self":[{"href":"https:\/\/www.infokuryr.cz\/n\/wp-json\/wp\/v2\/posts\/103474"}],"collection":[{"href":"https:\/\/www.infokuryr.cz\/n\/wp-json\/wp\/v2\/posts"}],"about":[{"href":"https:\/\/www.infokuryr.cz\/n\/wp-json\/wp\/v2\/types\/post"}],"author":[{"embeddable":true,"href":"https:\/\/www.infokuryr.cz\/n\/wp-json\/wp\/v2\/users\/2"}],"replies":[{"embeddable":true,"href":"https:\/\/www.infokuryr.cz\/n\/wp-json\/wp\/v2\/comments?post=103474"}],"version-history":[{"count":1,"href":"https:\/\/www.infokuryr.cz\/n\/wp-json\/wp\/v2\/posts\/103474\/revisions"}],"predecessor-version":[{"id":103477,"href":"https:\/\/www.infokuryr.cz\/n\/wp-json\/wp\/v2\/posts\/103474\/revisions\/103477"}],"wp:featuredmedia":[{"embeddable":true,"href":"https:\/\/www.infokuryr.cz\/n\/wp-json\/wp\/v2\/media\/103475"}],"wp:attachment":[{"href":"https:\/\/www.infokuryr.cz\/n\/wp-json\/wp\/v2\/media?parent=103474"}],"wp:term":[{"taxonomy":"category","embeddable":true,"href":"https:\/\/www.infokuryr.cz\/n\/wp-json\/wp\/v2\/categories?post=103474"},{"taxonomy":"post_tag","embeddable":true,"href":"https:\/\/www.infokuryr.cz\/n\/wp-json\/wp\/v2\/tags?post=103474"}],"curies":[{"name":"wp","href":"https:\/\/api.w.org\/{rel}","templated":true}]}}