{"id":103458,"date":"2026-04-01T00:31:39","date_gmt":"2026-03-31T22:31:39","guid":{"rendered":"https:\/\/www.infokuryr.cz\/n\/?p=103458"},"modified":"2026-03-31T13:53:07","modified_gmt":"2026-03-31T11:53:07","slug":"iranske-utoky-znicily-zakladnu-americke-armady-v-kuvajtu-pred-moznou-invazi","status":"publish","type":"post","link":"https:\/\/www.infokuryr.cz\/n\/2026\/04\/01\/iranske-utoky-znicily-zakladnu-americke-armady-v-kuvajtu-pred-moznou-invazi\/","title":{"rendered":"\u00cdr\u00e1nsk\u00e9 \u00fatoky zni\u010dily z\u00e1kladnu americk\u00e9 arm\u00e1dy v Kuvajtu p\u0159ed mo\u017enou invaz\u00ed"},"content":{"rendered":"<div id=\"fb-root\"><\/div>\n<p><strong><span dir=\"auto\">Podle satelitn\u00edch sn\u00edmk\u016f zve\u0159ejn\u011bn\u00fdch \u00edr\u00e1nsk\u00fdmi m\u00e9dii 30. b\u0159ezna zp\u016fsobily ned\u00e1vn\u00e9 \u00edr\u00e1nsk\u00e9 \u00fatoky rozs\u00e1hl\u00e9 \u0161kody v americk\u00e9m vojensk\u00e9m t\u00e1bo\u0159e Buehring v Kuvajtu.<\/span><\/strong><\/p>\n<p><span dir=\"auto\">Camp Buehring, obrovsk\u00e9 zast\u00e1vkov\u00e9 m\u00edsto v severoz\u00e1padn\u00edm Kuvajtu, slou\u017e\u00ed jako hlavn\u00ed m\u00edsto pro bl\u00edzkov\u00fdchodn\u00ed rezervn\u00ed \u00fazem\u00ed americk\u00e9 arm\u00e1dy. Poskytuje kl\u00ed\u010dov\u00e9 st\u0159elnice pro ostr\u00e9 st\u0159elby v \u0161ir\u0161\u00ed oblasti komplexu poho\u0159\u00ed Udairi a tak\u00e9 v\u00fdcvik pro sezn\u00e1men\u00ed se s pou\u0161t\u00ed, jeho\u017e c\u00edlem je p\u0159ipravit des\u00edtky tis\u00edc voj\u00e1k\u016f na bojov\u00e9 operace na Bl\u00edzk\u00e9m v\u00fdchod\u011b.<\/span><\/p>\n<p><span dir=\"auto\">Post je schopen pojmout des\u00edtky vrtuln\u00edk\u016f a m\u00e1 p\u0159ist\u00e1vac\u00ed dr\u00e1hu speci\u00e1ln\u011b pro vojensk\u00e1 n\u00e1kladn\u00ed letadla a bojov\u00e9 drony.<\/span><\/p>\n<p><span dir=\"auto\">\u00cdr\u00e1n od za\u010d\u00e1tku americko-izraelsk\u00e9 v\u00e1lky p\u0159ed v\u00edce ne\u017e m\u011bs\u00edcem provedl na tento post \u0159adu raketov\u00fdch a dronov\u00fdch \u00fatok\u016f.<\/span><\/p>\n<p><span dir=\"auto\">Nejnov\u011bj\u0161\u00ed satelitn\u00ed sn\u00edmky potvrdily, \u017ee ned\u00e1vn\u00e9 \u00fadery zp\u016fsobily rozs\u00e1hl\u00e9 \u0161kody na stanovi\u0161ti, p\u0159i\u010dem\u017e byly viditeln\u00e9 des\u00edtky dopad\u016f. Po\u0161kozeno nebo zcela zni\u010deno bylo mnoho budov \u00fadr\u017eby, parkovi\u0161\u0165 pro vozidla, sklad\u016f, kas\u00e1ren a dokonce i kryt\u016f pro letadla.<\/span><\/p>\n<p><iframe loading=\"lazy\" src=\"https:\/\/s1.cdnstatic.space\/wp-content\/uploads\/2026\/03\/bVk_M0C4LAzzeDkT.mp4\" width=\"600\" height=\"338\" data-mce-fragment=\"1\"><\/iframe><\/p>\n<p><span dir=\"auto\">\u00cdr\u00e1n zjevn\u011b zes\u00edlil sv\u00e9 \u00fadery na Camp Buehring v reakci na prob\u00edhaj\u00edc\u00ed p\u0159\u00edpravy americk\u00e9 arm\u00e1dy na mo\u017enou pozemn\u00ed operaci na jeho \u00fazem\u00ed.<\/span><\/p>\n<p><span dir=\"auto\">Americk\u00e1 arm\u00e1da ji\u017e na Bl\u00edzk\u00fd v\u00fdchod vyslala 11. a 31. expedi\u010dn\u00ed jednotku n\u00e1mo\u0159n\u00ed p\u011bchoty s t\u00e9m\u011b\u0159 5 000 mari\u0148\u00e1ky a \u0161esti oboj\u017eiveln\u00fdmi plavidly, d\u00e1le asi 3 000 v\u00fdsadk\u00e1\u0159\u016f z 82. v\u00fdsadkov\u00e9 divize a r\u016fzn\u00e9 jednotky Velitelstv\u00ed speci\u00e1ln\u00edch operac\u00ed.<\/span><\/p>\n<p><span dir=\"auto\">Ned\u00e1vn\u00e9 zpr\u00e1vy odhalily, \u017ee administrativa americk\u00e9ho prezidenta Donalda Trumpa zva\u017euje n\u011bkolik mo\u017enost\u00ed, v\u010detn\u011b roz\u0161\u00ed\u0159en\u00ed ostrova Charg, hlavn\u00edho centra \u00edr\u00e1nsk\u00e9ho v\u00fdvozu ropy, nebo dokonce z\u00edsk\u00e1v\u00e1n\u00ed obohacen\u00e9ho uranu ze srdce Isl\u00e1msk\u00e9 republiky.<\/span><\/p>\n<p><span dir=\"auto\">V t\u00e1bo\u0159e Buehring st\u00e1le nejsou \u017e\u00e1dn\u00e9 zn\u00e1mky nasazen\u00ed, ale z\u00e1kladna by mohla b\u00fdt vyu\u017eita v pozd\u011bj\u0161\u00edch f\u00e1z\u00edch jak\u00e9koli pozemn\u00ed operace v \u00cdr\u00e1nu.<\/span><\/p>\n<p><span dir=\"auto\">Vzhledem k tomu lze ned\u00e1vn\u00e9 \u00edr\u00e1nsk\u00e9 \u00fatoky proti Kuvajtu pova\u017eovat za preventivn\u00ed akci. \u00dadery ukazuj\u00ed, \u017ee Isl\u00e1msk\u00e1 republika se nenech\u00e1 oklamat prob\u00edhaj\u00edc\u00edm diplomatick\u00fdm \u00fasil\u00edm.<\/span><\/p>\n<p><span dir=\"auto\">Bl\u00edzkost Kuvajtu k \u00edr\u00e1nsk\u00e9mu \u00fazem\u00ed nav\u00edc nazna\u010duje, \u017ee ned\u00e1vn\u00e9 \u00fadery do jist\u00e9 m\u00edry formovaly operace, jejich\u017e c\u00edlem bylo oslabit obranu zem\u011b a odv\u00e9st pozornost americk\u00fdch vojsk nasazen\u00fdch v t\u00e9to zemi p\u0159ed mo\u017enou odvetnou pozemn\u00ed operac\u00ed.<\/span><\/p>\n<p><img decoding=\"async\" loading=\"lazy\" class=\"alignnone size-full wp-image-1185\" src=\"http:\/\/www.infokuryr.cz\/n\/wp-content\/uploads\/2021\/04\/kuryr-podpis.png\" alt=\"\" width=\"84\" height=\"24\" \/><\/p>\n<p>&nbsp;<\/p>\n","protected":false},"excerpt":{"rendered":"<p>Podle satelitn\u00edch sn\u00edmk\u016f zve\u0159ejn\u011bn\u00fdch \u00edr\u00e1nsk\u00fdmi m\u00e9dii 30. b\u0159ezna zp\u016fsobily ned\u00e1vn\u00e9 \u00edr\u00e1nsk\u00e9 \u00fatoky rozs\u00e1hl\u00e9 \u0161kody v&#8230;<\/p>\n","protected":false},"author":2,"featured_media":100826,"comment_status":"closed","ping_status":"closed","sticky":false,"template":"","format":"standard","meta":[],"categories":[7],"tags":[38,6503,2161,37,10821],"_links":{"self":[{"href":"https:\/\/www.infokuryr.cz\/n\/wp-json\/wp\/v2\/posts\/103458"}],"collection":[{"href":"https:\/\/www.infokuryr.cz\/n\/wp-json\/wp\/v2\/posts"}],"about":[{"href":"https:\/\/www.infokuryr.cz\/n\/wp-json\/wp\/v2\/types\/post"}],"author":[{"embeddable":true,"href":"https:\/\/www.infokuryr.cz\/n\/wp-json\/wp\/v2\/users\/2"}],"replies":[{"embeddable":true,"href":"https:\/\/www.infokuryr.cz\/n\/wp-json\/wp\/v2\/comments?post=103458"}],"version-history":[{"count":0,"href":"https:\/\/www.infokuryr.cz\/n\/wp-json\/wp\/v2\/posts\/103458\/revisions"}],"wp:featuredmedia":[{"embeddable":true,"href":"https:\/\/www.infokuryr.cz\/n\/wp-json\/wp\/v2\/media\/100826"}],"wp:attachment":[{"href":"https:\/\/www.infokuryr.cz\/n\/wp-json\/wp\/v2\/media?parent=103458"}],"wp:term":[{"taxonomy":"category","embeddable":true,"href":"https:\/\/www.infokuryr.cz\/n\/wp-json\/wp\/v2\/categories?post=103458"},{"taxonomy":"post_tag","embeddable":true,"href":"https:\/\/www.infokuryr.cz\/n\/wp-json\/wp\/v2\/tags?post=103458"}],"curies":[{"name":"wp","href":"https:\/\/api.w.org\/{rel}","templated":true}]}}