{"id":103438,"date":"2026-04-01T00:24:14","date_gmt":"2026-03-31T22:24:14","guid":{"rendered":"https:\/\/www.infokuryr.cz\/n\/?p=103438"},"modified":"2026-03-31T12:33:48","modified_gmt":"2026-03-31T10:33:48","slug":"utocnice-s-nozem-ktera-pobodala-ctyri-nemce-u-soudu-vypovedela-ze-nema-nemce-rada","status":"publish","type":"post","link":"https:\/\/www.infokuryr.cz\/n\/2026\/04\/01\/utocnice-s-nozem-ktera-pobodala-ctyri-nemce-u-soudu-vypovedela-ze-nema-nemce-rada\/","title":{"rendered":"\u00dato\u010dnice s no\u017eem, kter\u00e1 pobodala \u010dty\u0159i N\u011bmce, u soudu vypov\u011bd\u011bla, \u017ee \u201enem\u00e1 N\u011bmce r\u00e1da\u201c"},"content":{"rendered":"<div id=\"fb-root\"><\/div>\n<h3 class=\"s-tagline fw-tagline\"><span dir=\"auto\">\u017dena uvedla, \u017ee N\u011bmce pobodala \u201ev z\u00e1jmu spole\u010dnosti\u201c<\/span><\/h3>\n<p><span dir=\"auto\">Dev\u011btat\u0159icetilet\u00e1 podez\u0159el\u00e1 osoba byla zat\u010dena pot\u00e9, co v centru Sofie v Bulharsku \u00fadajn\u011b pobodala \u010dty\u0159i n\u011bmeck\u00e9 ob\u010dany, p\u0159i\u010dem\u017e \u017eena jako motiv krvav\u00e9ho \u00fatoku z\u0159ejm\u011b uvedla svou nechu\u0165 k N\u011bmc\u016fm.<\/span><\/p>\n<p><span dir=\"auto\">P\u0159ed vstupem do soudn\u00ed s\u00edn\u011b podez\u0159el\u00e1 \u00fadajn\u011b prohl\u00e1sila, \u017ee \u201enem\u00e1 r\u00e1da N\u011bmce\u201c. Tak\u00e9 po\u017e\u00e1dala soud, aby zohlednil, \u017ee je \u201esv\u011bdomitou ob\u010dankou\u201c a \u017ee \u010din sp\u00e1chala \u201ev z\u00e1jmu spole\u010dnosti\u201c.<\/span><\/p>\n<p><span dir=\"auto\">Podle\u00a0<\/span><a href=\"https:\/\/dariknews.bg\/novini\/bylgariia\/zhenata-namushkala-chetirima-dushi-v-sofiia-ne-haresvam-germanci-2450372\"><span dir=\"auto\">agentury BGNES<\/span><\/a><span dir=\"auto\">\u00a0motiv, kter\u00fd \u00fadajn\u00fd pachatel uvedl, ohromil m\u00edstn\u00ed \u00fa\u0159ady i ve\u0159ejnost.<\/span><\/p>\n<p><span dir=\"auto\">K \u00fatok\u016fm do\u0161lo ve \u010dtvrtek 26. b\u0159ezna ve\u010der. Z\u00e1chrann\u00e9 slo\u017eky byly poprv\u00e9 upozorn\u011bny na stanici metra Stadion Vasila Levsk\u00e9ho pobl\u00ed\u017e bulv\u00e1ru Aleksandar Tsankova kolem 19:30.<\/span><\/p>\n<p><span dir=\"auto\">Na tomto m\u00edst\u011b utrp\u011bli dva n\u011bme\u010dt\u00ed mu\u017ei ve v\u011bku 63 a 65 let bodn\u00e1 zran\u011bn\u00ed.<\/span><\/p>\n<p><span dir=\"auto\">Univerzitn\u00ed nemocnice Pirogov pozd\u011bji potvrdila, \u017ee jejich stav je stabilizovan\u00fd a neexistuje \u017e\u00e1dn\u00e9 ohro\u017een\u00ed \u017eivota. Jen o n\u011bkolik minut pozd\u011bji do\u0161lo k druh\u00e9mu \u00fatoku na autobusov\u00e9 zast\u00e1vce na bulv\u00e1ru \u010cerni Vrah, kde byly pobod\u00e1ny tak\u00e9 dv\u011b 27let\u00e9 N\u011bmky. Ob\u011b \u017eeny byly o\u0161et\u0159eny, ale ob\u011b byly z nemocnice propu\u0161t\u011bny je\u0161t\u011b tent\u00fd\u017e ve\u010der.<\/span><\/p>\n<p><span dir=\"auto\">V r\u00e1mci prob\u00edhaj\u00edc\u00edho vy\u0161et\u0159ov\u00e1n\u00ed bylo u podez\u0159el\u00e9 na\u0159\u00edzeno forenzn\u00ed psychiatrick\u00e9 posouzen\u00ed. Znalci uvedli, \u017ee existuj\u00ed d\u016fkazy o paranoidn\u00ed schizofrenii, a\u010dkoli v sou\u010dasn\u00e9 dob\u011b nejsou k dispozici \u017e\u00e1dn\u00e9 p\u0159edchoz\u00ed l\u00e9ka\u0159sk\u00e9 z\u00e1znamy o \u017een\u011b.<\/span><\/p>\n<p><span dir=\"auto\">N\u00e1sledn\u011b se o\u010dek\u00e1v\u00e1, \u017ee bude p\u0159evezena do v\u011bze\u0148sk\u00e9 psychiatrick\u00e9 l\u00e9\u010debny v Love\u010di k dal\u0161\u00edmu pozorov\u00e1n\u00ed a vy\u0161et\u0159ov\u00e1n\u00ed. Ministr vnitra Emil De\u010dev uvedl, \u017ee \u017eena s nejv\u011bt\u0161\u00ed pravd\u011bpodobnost\u00ed trp\u011bla du\u0161evn\u00ed chorobou.<\/span><\/p>\n<p><span dir=\"auto\">Podez\u0159el\u00e1 byla po rychl\u00e9m p\u00e1tr\u00e1n\u00ed zadr\u017eena. Pot\u00e9, co uprchla z m\u00edsta \u00fatok\u016f, byla zachycena bezpe\u010dnostn\u00edmi kamerami a ministerstvo vnitra je\u0161t\u011b v noci zve\u0159ejnilo policajn\u00ed fotografii. Policie \u017eenu kr\u00e1tce pot\u00e9 zadr\u017eela.<\/span><\/p>\n<p><img decoding=\"async\" loading=\"lazy\" class=\"alignnone size-full wp-image-1185\" src=\"http:\/\/www.infokuryr.cz\/n\/wp-content\/uploads\/2021\/04\/kuryr-podpis.png\" alt=\"\" width=\"84\" height=\"24\" \/><\/p>\n<p>&nbsp;<\/p>\n","protected":false},"excerpt":{"rendered":"<p>\u017dena uvedla, \u017ee N\u011bmce pobodala \u201ev z\u00e1jmu spole\u010dnosti\u201c Dev\u011btat\u0159icetilet\u00e1 podez\u0159el\u00e1 osoba byla zat\u010dena pot\u00e9, co&#8230;<\/p>\n","protected":false},"author":2,"featured_media":103439,"comment_status":"closed","ping_status":"closed","sticky":false,"template":"","format":"standard","meta":[],"categories":[7],"tags":[190,429,1322,6742,1214],"_links":{"self":[{"href":"https:\/\/www.infokuryr.cz\/n\/wp-json\/wp\/v2\/posts\/103438"}],"collection":[{"href":"https:\/\/www.infokuryr.cz\/n\/wp-json\/wp\/v2\/posts"}],"about":[{"href":"https:\/\/www.infokuryr.cz\/n\/wp-json\/wp\/v2\/types\/post"}],"author":[{"embeddable":true,"href":"https:\/\/www.infokuryr.cz\/n\/wp-json\/wp\/v2\/users\/2"}],"replies":[{"embeddable":true,"href":"https:\/\/www.infokuryr.cz\/n\/wp-json\/wp\/v2\/comments?post=103438"}],"version-history":[{"count":0,"href":"https:\/\/www.infokuryr.cz\/n\/wp-json\/wp\/v2\/posts\/103438\/revisions"}],"wp:featuredmedia":[{"embeddable":true,"href":"https:\/\/www.infokuryr.cz\/n\/wp-json\/wp\/v2\/media\/103439"}],"wp:attachment":[{"href":"https:\/\/www.infokuryr.cz\/n\/wp-json\/wp\/v2\/media?parent=103438"}],"wp:term":[{"taxonomy":"category","embeddable":true,"href":"https:\/\/www.infokuryr.cz\/n\/wp-json\/wp\/v2\/categories?post=103438"},{"taxonomy":"post_tag","embeddable":true,"href":"https:\/\/www.infokuryr.cz\/n\/wp-json\/wp\/v2\/tags?post=103438"}],"curies":[{"name":"wp","href":"https:\/\/api.w.org\/{rel}","templated":true}]}}