{"id":103436,"date":"2026-04-01T00:24:59","date_gmt":"2026-03-31T22:24:59","guid":{"rendered":"https:\/\/www.infokuryr.cz\/n\/?p=103436"},"modified":"2026-03-31T12:29:44","modified_gmt":"2026-03-31T10:29:44","slug":"velka-imigracni-lez-nemecka-spolecnost-basf-otevira-v-cine-nejmodernejsi-chemicky-zavod-na-svete","status":"publish","type":"post","link":"https:\/\/www.infokuryr.cz\/n\/2026\/04\/01\/velka-imigracni-lez-nemecka-spolecnost-basf-otevira-v-cine-nejmodernejsi-chemicky-zavod-na-svete\/","title":{"rendered":"Velk\u00e1 imigra\u010dn\u00ed le\u017e: N\u011bmeck\u00e1 spole\u010dnost BASF otev\u00edr\u00e1 v \u010c\u00edn\u011b nejmodern\u011bj\u0161\u00ed chemick\u00fd z\u00e1vod na sv\u011bt\u011b"},"content":{"rendered":"<div id=\"fb-root\"><\/div>\n<h3 class=\"s-tagline fw-tagline\"><span dir=\"auto\">\u201eBASF investuje miliardy v \u010c\u00edn\u011b a otev\u00edr\u00e1 nejmodern\u011bj\u0161\u00ed chemick\u00fd z\u00e1vod na sv\u011bt\u011b, zat\u00edmco tady doma doch\u00e1z\u00ed k propou\u0161t\u011bn\u00ed. To je varovn\u00fd sign\u00e1l,\u201c napsala Alice Weidelov\u00e1<\/span><\/h3>\n<p><span dir=\"auto\">Nejmodern\u011bj\u0161\u00ed chemickou tov\u00e1rnu na sv\u011bt\u011b, jak uv\u00e1d\u00ed presti\u017en\u00ed n\u011bmeck\u00fd\u00a0<\/span><a href=\"https:\/\/www.faz.net\/aktuell\/wirtschaft\/unternehmen\/basf-eroeffnet-modernste-chemiefabrik-der-welt-accg-200674700.html\"><span dir=\"auto\">den\u00edk FAZ,<\/span><\/a><span dir=\"auto\">\u00a0stav\u00ed n\u011bmeck\u00e1 spole\u010dnost BASF za 9 miliard eur. Tato tov\u00e1rna se v\u0161ak nestav\u00ed v N\u011bmecku. Modern\u00ed kompozitn\u00ed z\u00e1vod BASF se nach\u00e1z\u00ed v \u010d\u00ednsk\u00e9m m\u011bst\u011b Zhanjiang na ostrov\u011b Tung-chaj a je tak rozlehl\u00fd, \u017ee se mu \u0159\u00edk\u00e1 \u201evesm\u00edrn\u00e1 lo\u010f\u201c, kter\u00e1 pokr\u00fdv\u00e1 \u010dty\u0159i kilometry \u010dtvere\u010dn\u00ed, co\u017e odpov\u00edd\u00e1 \u201ep\u011bti a\u017e \u0161esti st\u016fm fotbalov\u00fdch h\u0159i\u0161\u0165 a mnoha dal\u0161\u00edm r\u00fd\u017eov\u00fdm pol\u00edm\u201c.<\/span><\/p>\n<p><span dir=\"auto\">Zat\u00edmco jedn\u00edm z hlavn\u00edch faktor\u016f probl\u00e9m\u016f n\u011bmeck\u00e9 chemick\u00e9 v\u00fdroby jsou vysok\u00e9 n\u00e1klady na energie, chemick\u00e1 v\u00fdroba zdaleka nen\u00ed jedinou oblast\u00ed, ve kter\u00e9 N\u011bmecko zaost\u00e1v\u00e1. V oblastech, jako jsou\u00a0<\/span><a href=\"https:\/\/rmx.news\/commentary\/the-big-immigration-lie-china-smashes-the-myth-that-foreigners-are-needed-to-secure-the-wests-economic-future\/\"><span dir=\"auto\">obnoviteln\u00e9 zdroje energie<\/span><\/a><span dir=\"auto\">\u00a0,\u00a0<\/span><a href=\"https:\/\/rmx.news\/article\/the-big-immigration-lie-chinas-byd-head-says-his-company-is-3-5-years-ahead-of-western-carmakers-introduces-9-minute-charging-blade-battery-in-major-breakthrough\/\"><span dir=\"auto\">v\u00fdroba automobil\u016f<\/span><\/a><span dir=\"auto\"> , humanoidn\u00ed robotika, mikro\u010dipy, um\u011bl\u00e1 inteligence, obr\u00e1b\u011bc\u00ed stroje a stavba lod\u00ed, se asijsk\u00e9 zem\u011b vrhaj\u00ed do budoucnosti, zat\u00edmco zem\u011b jako N\u011bmecko se pot\u00fdkaj\u00ed s rostouc\u00edm dluhem, nefunk\u010dn\u00edmi \u0161kolsk\u00fdmi syst\u00e9my a rostouc\u00ed nejistotou.<\/span><\/p>\n<p><span dir=\"auto\">To neuniklo ani politick\u00fdm v\u016fdc\u016fm v N\u011bmecku. Spolup\u0159edsedkyn\u011b strany Alternativa pro N\u011bmecko (AfD) Alice Weidelov\u00e1 na X napsala: \u201eBASF investuje miliardy v \u010c\u00edn\u011b a otev\u00edr\u00e1 nejmodern\u011bj\u0161\u00ed chemick\u00fd z\u00e1vod na sv\u011bt\u011b, zat\u00edmco doma doch\u00e1z\u00ed k propou\u0161t\u011bn\u00ed. To je varovn\u00fd sign\u00e1l: Vysok\u00e9 n\u00e1klady na energie zp\u016fsoben\u00e9 katastrof\u00e1ln\u00ed energetickou transformac\u00ed poh\u00e1n\u011bj\u00ed deindustrializaci vp\u0159ed!\u201c<\/span><\/p>\n<div class=\"twitter-tweet twitter-tweet-rendered\"><iframe id=\"twitter-widget-0\" class=\"\" title=\"X P\u0159\u00edsp\u011bvek\" src=\"https:\/\/platform.twitter.com\/embed\/Tweet.html?creatorScreenName=RMXnews&amp;dnt=false&amp;embedId=twitter-widget-0&amp;features=eyJ0ZndfdGltZWxpbmVfbGlzdCI6eyJidWNrZXQiOltdLCJ2ZXJzaW9uIjpudWxsfSwidGZ3X2ZvbGxvd2VyX2NvdW50X3N1bnNldCI6eyJidWNrZXQiOnRydWUsInZlcnNpb24iOm51bGx9LCJ0ZndfdHdlZXRfZWRpdF9iYWNrZW5kIjp7ImJ1Y2tldCI6Im9uIiwidmVyc2lvbiI6bnVsbH0sInRmd19yZWZzcmNfc2Vzc2lvbiI6eyJidWNrZXQiOiJvbiIsInZlcnNpb24iOm51bGx9LCJ0ZndfZm9zbnJfc29mdF9pbnRlcnZlbnRpb25zX2VuYWJsZWQiOnsiYnVja2V0Ijoib24iLCJ2ZXJzaW9uIjpudWxsfSwidGZ3X21peGVkX21lZGlhXzE1ODk3Ijp7ImJ1Y2tldCI6InRyZWF0bWVudCIsInZlcnNpb24iOm51bGx9LCJ0ZndfZXhwZXJpbWVudHNfY29va2llX2V4cGlyYXRpb24iOnsiYnVja2V0IjoxMjA5NjAwLCJ2ZXJzaW9uIjpudWxsfSwidGZ3X3Nob3dfYmlyZHdhdGNoX3Bpdm90c19lbmFibGVkIjp7ImJ1Y2tldCI6Im9uIiwidmVyc2lvbiI6bnVsbH0sInRmd19kdXBsaWNhdGVfc2NyaWJlc190b19zZXR0aW5ncyI6eyJidWNrZXQiOiJvbiIsInZlcnNpb24iOm51bGx9LCJ0ZndfdXNlX3Byb2ZpbGVfaW1hZ2Vfc2hhcGVfZW5hYmxlZCI6eyJidWNrZXQiOiJvbiIsInZlcnNpb24iOm51bGx9LCJ0ZndfdmlkZW9faGxzX2R5bmFtaWNfbWFuaWZlc3RzXzE1MDgyIjp7ImJ1Y2tldCI6InRydWVfYml0cmF0ZSIsInZlcnNpb24iOm51bGx9LCJ0ZndfbGVnYWN5X3RpbWVsaW5lX3N1bnNldCI6eyJidWNrZXQiOnRydWUsInZlcnNpb24iOm51bGx9LCJ0ZndfdHdlZXRfZWRpdF9mcm9udGVuZCI6eyJidWNrZXQiOiJvbiIsInZlcnNpb24iOm51bGx9fQ%3D%3D&amp;frame=false&amp;hideCard=false&amp;hideThread=false&amp;id=2037459020659790302&amp;lang=cs&amp;origin=https%3A%2F%2Frmx.news%2Farticle%2Fthe-big-immigration-lie-germanys-basf-opens-the-most-modern-chemical-plant-in-the-world-in-china%2F&amp;sessionId=66966bc721312531522de8c148f859e30e01113c&amp;theme=light&amp;widgetsVersion=2615f7e52b7e0%3A1702314776716&amp;width=550px\" frameborder=\"0\" scrolling=\"no\" allowfullscreen=\"allowfullscreen\" data-tweet-id=\"2037459020659790302\" data-mce-fragment=\"1\"><\/iframe><\/div>\n<p><span dir=\"auto\">FAZ poukazuje na neuv\u011b\u0159iteln\u00fd kontrast, kter\u00fd nov\u00fd z\u00e1vod BASF vytv\u00e1\u0159\u00ed s okoln\u00ed krajinou, kde farm\u00e1\u0159i st\u00e1le nos\u00ed \u201evelk\u00e9 komick\u00e9 bambusov\u00e9 klobouky\u201c a pracuj\u00ed na r\u00fd\u017eov\u00fdch pol\u00edch. Mnoz\u00ed z nich jsou star\u0161\u00ed farm\u00e1\u0159i pracuj\u00edc\u00ed zp\u016fsobem, kter\u00fd jim nab\u00edz\u00ed \u201epohled do starov\u011bk\u00e9 \u010c\u00edny\u201c. Nov\u00fd z\u00e1vod BASF ilustruje obrovsk\u00e9 pokroky, kter\u00e9 \u010c\u00edna nad\u00e1le d\u011bl\u00e1, a to nejen v \u00fasil\u00ed o modernizaci, ale nyn\u00ed st\u00e1le v\u00edce p\u0159ekon\u00e1v\u00e1 z\u00e1padn\u00ed zem\u011b v inovac\u00edch.<\/span><\/p>\n<p><span dir=\"auto\">V\u00fdstavba za\u0159\u00edzen\u00ed, jeho\u017e st\u0159edem je \u201eparn\u00ed krakovac\u00ed jednotka, kter\u00e1 \u0161t\u011bp\u00ed uhlovod\u00edky\u201c na produkty od zubn\u00ed pasty, \u0161ampon\u016f, \u010distic\u00edch prost\u0159edk\u016f a\u017e po materi\u00e1ly pro automobily, sice st\u00e1la 9 miliard eur, ale v Evrop\u011b by st\u00e1la o 20 a\u017e 40 procent v\u00edce ne\u017e v \u010c\u00edn\u011b a ve Spojen\u00fdch st\u00e1tech by pravd\u011bpodobn\u011b st\u00e1la 25 miliard eur.<\/span><\/p>\n<p><span dir=\"auto\">Tov\u00e1rnu rychle dokon\u010dilo 35 000 d\u011bln\u00edk\u016f a jej\u00ed rozsah byl bezkonkuren\u010dn\u00ed.<\/span><\/p>\n<h2 class=\"wp-block-heading\"><span dir=\"auto\">Merkelov\u00e1 st\u00e1la za z\u00e1vodem BASF<\/span><\/h2>\n<p><span dir=\"auto\">Po\u010d\u00e1tky projektu sahaj\u00ed do roku 2018, kdy \u201eAngela Merkelov\u00e1 a \u010d\u00ednsk\u00fd premi\u00e9r Li Keqiang dohl\u00ed\u017eeli\u201c na podpis dohody. Od t\u00e9 doby se v\u0161ak \u201epolitick\u00e1 podpora z n\u011bmeck\u00e9 strany rozpadla\u201c.<\/span><\/p>\n<p><span dir=\"auto\">Na ned\u00e1vn\u00e9m zah\u00e1jen\u00ed chyb\u011bli n\u011bme\u010dt\u00ed politici a ministryn\u011b hospod\u00e1\u0159stv\u00ed Katherina Reicheov\u00e1 poskytla pouze \u201ep\u011btiminutov\u00fd videoz\u00e1znam\u201c, zat\u00edmco se \u201epot\u00fdkala s debatou o \u010can-\u0165iangu\u201c.<\/span><\/p>\n<p><span dir=\"auto\">Naproti tomu \u010d\u00ednsk\u00e1 strana projevila silnou m\u00edstn\u00ed podporu a guvern\u00e9r Kuang-tungu vyzval k \u201edal\u0161\u00edm investic\u00edm od spole\u010dnosti BASF\u201c. Gener\u00e1ln\u00ed \u0159editel BASF Markus Kamieth se k dom\u00e1c\u00edm obav\u00e1m ohledn\u011b \u201edeindustrializace a n\u00e1r\u016fstu z\u00e1vislost\u00ed stav\u011bl r\u00e1zn\u011b. Novin\u00e1\u0159\u016fm \u0159ekl, \u017ee \u201eslovo o z\u00e1vislostech je \u201azav\u00e1d\u011bj\u00edc\u00ed\u2018\u201c a argumentoval, \u017ee \u201ev \u010c\u00edn\u011b se p\u0159\u00edle\u017eitost\u00ed vyu\u017e\u00edv\u00e1\u201c.<\/span><\/p>\n<p><span dir=\"auto\">D\u00e1le prohl\u00e1sil, \u017ee \u201eBASF\u201c, kter\u00e1 na \u010d\u00ednsk\u00e9m trhu neusp\u011bla, \u201eby byla slab\u0161\u00ed BASF\u201c, a poznamenal, \u017ee \u201e\u010c\u00edna nen\u00ed \u00cdr\u00e1n ani Rusko\u201c a spole\u010dnost \u201ese nedost\u00e1v\u00e1 do konfliktu s va\u0161imi vlastn\u00edmi hodnotami\u201c.<\/span><\/p>\n<p><span dir=\"auto\">\u010cl\u00e1nek rovn\u011b\u017e uv\u00e1d\u00ed, \u017ee Zhanjiang je sice na \u010d\u00ednsk\u00e9 pom\u011bry mal\u00fd, m\u00e1 440 000 obyvatel, ale pln\u011b podporuje spole\u010dnost BASF.<\/span><\/p>\n<p><span dir=\"auto\">Kamieth vyj\u00e1d\u0159il vd\u011b\u010dnost za \u201epodporu \u010d\u00ednsk\u00e9 vl\u00e1dy\u201c a ocenil \u201espolupr\u00e1ci s m\u00edstn\u00edmi \u00fa\u0159ady\u201c s t\u00edm, \u017ee \u201ebyly najaty cel\u00e9 t\u0159\u00eddy z odborn\u00fdch \u0161kol\u201c.<\/span><\/p>\n<p><span dir=\"auto\">Rychl\u00fd rozvoj regionu byl pro gener\u00e1ln\u00edho \u0159editele spole\u010dnosti BASF \u00fa\u017easem. P\u0159i vzpom\u00ednce na ran\u00e9 f\u00e1ze projektu poznamenal: \u201eV roce 2020 to bylo je\u0161t\u011b jen vize.\u201c Zm\u00ednil se konkr\u00e9tn\u011b o \u201einfrastruktur\u011b, kter\u00e1 mu byla tehdy sl\u00edbena\u201c, jako je nov\u00e9 leti\u0161t\u011b a roz\u0161\u00ed\u0159en\u00ed p\u0159\u00edstavu. Kdy\u017e se dnes d\u00edv\u00e1 na dokon\u010den\u00e9 m\u00edsto, uzav\u0159el: \u201eAle p\u0159esn\u011b tak se to v\u0161echno stalo.\u201c<\/span><\/p>\n<p><span dir=\"auto\">Jak poznamenal Remix News, \u010c\u00edna je zn\u00e1m\u00e1 svou neuv\u011b\u0159iteln\u011b p\u0159\u00edsnou imigra\u010dn\u00ed politikou, kter\u00e1 m\u00e1 zajistit kulturn\u00ed a spole\u010denskou harmonii, a z\u00e1rove\u0148 klade d\u016fraz na vyu\u017e\u00edv\u00e1n\u00ed vlastn\u00edho lidsk\u00e9ho kapit\u00e1lu a lid\u00ed k poh\u00e1n\u011bn\u00ed sv\u00e9 ekonomiky. Ve skute\u010dnosti, jak je v t\u00e9to s\u00e9rii \u010dasto zmi\u0148ov\u00e1no, m\u00e1 \u010c\u00edna v cel\u00e9 zemi s 1,4 miliardami obyvatel m\u00e9n\u011b cizinc\u016f ne\u017e\u00a0\u00a0<\/span><a href=\"https:\/\/rmx.news\/commentary\/the-big-immigration-lie-china-smashes-the-myth-that-foreigners-are-needed-to-secure-the-wests-economic-future\/\"><span dir=\"auto\">N\u011bmecko jen v jednom m\u011bst\u011b, Berl\u00edn\u011b<\/span><\/a><span dir=\"auto\">\u00a0. P\u0159esto je to Evropa, kter\u00e1 m\u00ed\u0159\u00ed do \u010c\u00edny na kolenou, aby prosila o ekonomickou pomoc.<\/span><\/p>\n<p><span dir=\"auto\">K tomuto dilematu se p\u0159id\u00e1v\u00e1 i to, \u017ee vzd\u011bl\u00e1vac\u00ed syst\u00e9my v\u011bt\u0161iny z\u00e1padn\u00edch zem\u00ed jsou v trosk\u00e1ch,\u00a0\u00a0<\/span><a href=\"https:\/\/rmx.news\/article\/germany-record-41000-students-repeat-first-grade-majority-come-from-immigration-background\/\"><span dir=\"auto\">z velk\u00e9 \u010d\u00e1sti kv\u016fli masov\u00e9 imigraci<\/span><\/a><span dir=\"auto\">\u00a0. To znamen\u00e1, \u017ee zat\u00edmco Asie investuje do sv\u00e9 budoucnosti, i kdy\u017e tato budoucnost zahrnuje klesaj\u00edc\u00ed populaci, zem\u011b jako N\u011bmecko hromad\u00ed miliardy do ne\u00fasp\u011b\u0161n\u00e9 ideologie masov\u00e9 imigrace, kter\u00e1 jen zhor\u0161uje ekonomick\u00fd \u00fapadek.<\/span><\/p>\n<p><span dir=\"auto\">Z\u00e1pad sice m\u016f\u017ee dov\u00e1\u017eet miliony z Afriky a Bl\u00edzk\u00e9ho v\u00fdchodu, ale tyto regiony sv\u011bta se vyzna\u010duj\u00ed neuv\u011b\u0159iteln\u011b\u00a0\u00a0<\/span><a href=\"https:\/\/rmx.news\/article\/muslims-only-contribute-0-1-of-scientific-achievement-despite-being-25-of-the-worlds-population-says-french-author-and-journalist\/\"><span dir=\"auto\">n\u00edzkou patentovou aktivitou<\/span><\/a><span dir=\"auto\">\u00a0,\u00a0\u00a0<\/span><a href=\"https:\/\/rmx.news\/article\/french-activist-mila-prosecuted-for-racist-insult-for-saying-many-north-africans-are-inbred-with-quite-ugly-faces-and-very-small-foreheads\/\"><span dir=\"auto\">n\u00edzkou inovac\u00ed<\/span><\/a><span dir=\"auto\">\u00a0a jen velmi m\u00e1lo p\u0159\u00edklady \u00fasp\u011b\u0161n\u00e9 \u0161pi\u010dkov\u00e9 v\u00fdroby. Spole\u010dnost BASF ukazuje, \u017ee nejv\u011bt\u0161\u00ed n\u011bmeck\u00e9 spole\u010dnosti investuj\u00ed v Asii navzdory tvrzen\u00edm levice, \u017ee masov\u00e1 imigrace by podn\u00edtila hospod\u00e1\u0159sk\u00fd rozmach a zaplatila by za d\u016fchodce v zemi.<\/span><\/p>\n<p><img decoding=\"async\" loading=\"lazy\" class=\"alignnone size-full wp-image-1185\" src=\"http:\/\/www.infokuryr.cz\/n\/wp-content\/uploads\/2021\/04\/kuryr-podpis.png\" alt=\"\" width=\"84\" height=\"24\" \/><\/p>\n<p>&nbsp;<\/p>\n","protected":false},"excerpt":{"rendered":"<p>\u201eBASF investuje miliardy v \u010c\u00edn\u011b a otev\u00edr\u00e1 nejmodern\u011bj\u0161\u00ed chemick\u00fd z\u00e1vod na sv\u011bt\u011b, zat\u00edmco tady doma&#8230;<\/p>\n","protected":false},"author":2,"featured_media":103437,"comment_status":"closed","ping_status":"closed","sticky":false,"template":"","format":"standard","meta":[],"categories":[7],"tags":[30,59,1503,84,3037],"_links":{"self":[{"href":"https:\/\/www.infokuryr.cz\/n\/wp-json\/wp\/v2\/posts\/103436"}],"collection":[{"href":"https:\/\/www.infokuryr.cz\/n\/wp-json\/wp\/v2\/posts"}],"about":[{"href":"https:\/\/www.infokuryr.cz\/n\/wp-json\/wp\/v2\/types\/post"}],"author":[{"embeddable":true,"href":"https:\/\/www.infokuryr.cz\/n\/wp-json\/wp\/v2\/users\/2"}],"replies":[{"embeddable":true,"href":"https:\/\/www.infokuryr.cz\/n\/wp-json\/wp\/v2\/comments?post=103436"}],"version-history":[{"count":0,"href":"https:\/\/www.infokuryr.cz\/n\/wp-json\/wp\/v2\/posts\/103436\/revisions"}],"wp:featuredmedia":[{"embeddable":true,"href":"https:\/\/www.infokuryr.cz\/n\/wp-json\/wp\/v2\/media\/103437"}],"wp:attachment":[{"href":"https:\/\/www.infokuryr.cz\/n\/wp-json\/wp\/v2\/media?parent=103436"}],"wp:term":[{"taxonomy":"category","embeddable":true,"href":"https:\/\/www.infokuryr.cz\/n\/wp-json\/wp\/v2\/categories?post=103436"},{"taxonomy":"post_tag","embeddable":true,"href":"https:\/\/www.infokuryr.cz\/n\/wp-json\/wp\/v2\/tags?post=103436"}],"curies":[{"name":"wp","href":"https:\/\/api.w.org\/{rel}","templated":true}]}}