{"id":103434,"date":"2026-04-01T00:23:05","date_gmt":"2026-03-31T22:23:05","guid":{"rendered":"https:\/\/www.infokuryr.cz\/n\/?p=103434"},"modified":"2026-03-31T12:26:31","modified_gmt":"2026-03-31T10:26:31","slug":"palivovy-sok-a-povinne-zakazy-rizeni-jizni-korea-planuje-radikalni-uzaveru-automobilu","status":"publish","type":"post","link":"https:\/\/www.infokuryr.cz\/n\/2026\/04\/01\/palivovy-sok-a-povinne-zakazy-rizeni-jizni-korea-planuje-radikalni-uzaveru-automobilu\/","title":{"rendered":"Palivov\u00fd \u0161ok a povinn\u00e9 z\u00e1kazy \u0159\u00edzen\u00ed: Ji\u017en\u00ed Korea pl\u00e1nuje radik\u00e1ln\u00ed uz\u00e1v\u011bru automobil\u016f"},"content":{"rendered":"<div id=\"fb-root\"><\/div>\n<p><strong><span dir=\"auto\">Kv\u016fli prudce rostouc\u00edm cen\u00e1m energi\u00ed a omezen\u00edm dod\u00e1vek ropy p\u0159ipravuje jihokorejsk\u00e1 vl\u00e1da drastick\u00e9 omezen\u00ed osobn\u00edch svobod sv\u00fdch ob\u010dan\u016f. Pl\u00e1n: p\u0159\u00edsn\u00fd z\u00e1kaz \u0159\u00edzen\u00ed pro b\u011b\u017en\u00e9 ob\u010dany. A jako vedlej\u0161\u00ed efekt se odhaluje i velk\u00e1 zelen\u00e1 le\u017e.<\/span><\/strong><\/p>\n<p><span dir=\"auto\">Poprv\u00e9 za 35 let \u2013 naposledy v roce 1991 b\u011bhem v\u00e1lky v Persk\u00e9m z\u00e1livu \u2013 Ji\u017en\u00ed Korea op\u011bt \u010del\u00ed hrozb\u011b\u00a0<\/span><a href=\"https:\/\/oilprice.com\/Latest-Energy-News\/World-News\/South-Korea-Weighs-First-Public-Driving-Restrictions-in-35-Years.html\"><span dir=\"auto\">vl\u00e1dou na\u0159\u00edzen\u00fdch<\/span><\/a><span dir=\"auto\"> z\u00e1kaz\u016f \u0159\u00edzen\u00ed pro \u0161irokou ve\u0159ejnost. Spou\u0161t\u011b\u010dem: eskalace situace na Bl\u00edzk\u00e9m v\u00fdchod\u011b. Proto\u017ee \u00cdr\u00e1nem podporovan\u00e9 milice H\u00fat\u00ed\u016f (Ansar Allah) zintenziv\u0148uj\u00ed sv\u00e9 \u00fatoky v Jemenu a Katar, kl\u00ed\u010dov\u00fd dodavatel zkapaln\u011bn\u00e9ho zemn\u00edho plynu (LNG), ji\u017e nen\u00ed k dispozici, ceny ropy prudce rostou. Reakc\u00ed vl\u00e1dy v Soulu na krizi jsou: omezen\u00ed a z\u00e1kazy pro jej\u00ed ob\u010dany. Ministr financ\u00ed Koo Yun Cheol to jednozna\u010dn\u011b uvedl: jakmile cena ropy p\u0159ekro\u010d\u00ed hranici 120 a\u017e 130 dolar\u016f za barel (v sou\u010dasn\u00e9 dob\u011b se bl\u00ed\u017e\u00ed 115 dolar\u016fm), bude doprava soukrom\u00fdmi automobily v\u00fdrazn\u011b omezena.<\/span><\/p>\n<figure class=\"wp-block-embed is-type-rich is-provider-twitter wp-block-embed-twitter\">\n<div class=\"wp-block-embed__wrapper\">\n<div class=\"twitter-tweet twitter-tweet-rendered\"><iframe id=\"twitter-widget-0\" class=\"\" title=\"X P\u0159\u00edsp\u011bvek\" src=\"https:\/\/platform.twitter.com\/embed\/Tweet.html?dnt=true&amp;embedId=twitter-widget-0&amp;features=eyJ0ZndfdGltZWxpbmVfbGlzdCI6eyJidWNrZXQiOltdLCJ2ZXJzaW9uIjpudWxsfSwidGZ3X2ZvbGxvd2VyX2NvdW50X3N1bnNldCI6eyJidWNrZXQiOnRydWUsInZlcnNpb24iOm51bGx9LCJ0ZndfdHdlZXRfZWRpdF9iYWNrZW5kIjp7ImJ1Y2tldCI6Im9uIiwidmVyc2lvbiI6bnVsbH0sInRmd19yZWZzcmNfc2Vzc2lvbiI6eyJidWNrZXQiOiJvbiIsInZlcnNpb24iOm51bGx9LCJ0ZndfZm9zbnJfc29mdF9pbnRlcnZlbnRpb25zX2VuYWJsZWQiOnsiYnVja2V0Ijoib24iLCJ2ZXJzaW9uIjpudWxsfSwidGZ3X21peGVkX21lZGlhXzE1ODk3Ijp7ImJ1Y2tldCI6InRyZWF0bWVudCIsInZlcnNpb24iOm51bGx9LCJ0ZndfZXhwZXJpbWVudHNfY29va2llX2V4cGlyYXRpb24iOnsiYnVja2V0IjoxMjA5NjAwLCJ2ZXJzaW9uIjpudWxsfSwidGZ3X3Nob3dfYmlyZHdhdGNoX3Bpdm90c19lbmFibGVkIjp7ImJ1Y2tldCI6Im9uIiwidmVyc2lvbiI6bnVsbH0sInRmd19kdXBsaWNhdGVfc2NyaWJlc190b19zZXR0aW5ncyI6eyJidWNrZXQiOiJvbiIsInZlcnNpb24iOm51bGx9LCJ0ZndfdXNlX3Byb2ZpbGVfaW1hZ2Vfc2hhcGVfZW5hYmxlZCI6eyJidWNrZXQiOiJvbiIsInZlcnNpb24iOm51bGx9LCJ0ZndfdmlkZW9faGxzX2R5bmFtaWNfbWFuaWZlc3RzXzE1MDgyIjp7ImJ1Y2tldCI6InRydWVfYml0cmF0ZSIsInZlcnNpb24iOm51bGx9LCJ0ZndfbGVnYWN5X3RpbWVsaW5lX3N1bnNldCI6eyJidWNrZXQiOnRydWUsInZlcnNpb24iOm51bGx9LCJ0ZndfdHdlZXRfZWRpdF9mcm9udGVuZCI6eyJidWNrZXQiOiJvbiIsInZlcnNpb24iOm51bGx9fQ%3D%3D&amp;frame=false&amp;hideCard=false&amp;hideThread=false&amp;id=2038448903310180576&amp;lang=cs&amp;origin=https%3A%2F%2Freport24.news%2Fsprit-schock-und-zwangs-fahrverbote-suedkorea-plant-den-radikalen-auto-lockdown%2F&amp;sessionId=b82f829399dca802f5a0cee05bde04c0681fd82b&amp;theme=light&amp;widgetsVersion=2615f7e52b7e0%3A1702314776716&amp;width=550px\" frameborder=\"0\" scrolling=\"no\" allowfullscreen=\"allowfullscreen\" data-tweet-id=\"2038448903310180576\" data-mce-fragment=\"1\"><\/iframe><\/div>\n<\/div>\n<\/figure>\n<p><span dir=\"auto\">Pro st\u00e1tn\u00ed zam\u011bstnance ji\u017e plat\u00ed omezen\u00ed pohybu vozidel. Ka\u017ed\u00fd, kdo chce jet k vl\u00e1dn\u00edm budov\u00e1m autem, tak m\u016f\u017ee u\u010dinit pouze v ur\u010dit\u00e9 dny \u2013 v z\u00e1vislosti na posledn\u00ed \u010d\u00edslici sv\u00e9 registra\u010dn\u00ed zna\u010dky. Tento rotuj\u00edc\u00ed, povinn\u00fd syst\u00e9m se nyn\u00ed roz\u0161\u00ed\u0159\u00ed na celou zemi. Podobn\u00fd syst\u00e9m byl zaveden nap\u0159\u00edklad b\u011bhem omezen\u00ed pohybu vozidel kv\u016fli COVID-19 na Filip\u00edn\u00e1ch, kde mnoho m\u011bst a provinci\u00ed t\u00edmto zp\u016fsobem omezilo pohyb vozidel.<\/span><\/p>\n<p><span dir=\"auto\">\u201eZva\u017eujeme, zda roz\u0161\u00ed\u0159it syst\u00e9m i na soukrom\u00fd sektor, abychom podpo\u0159ili ve\u0159ejnou spolupr\u00e1ci,\u201c ozn\u00e1mil ministr financ\u00ed chladn\u011b v televizi KBS. Jin\u00fdmi slovy: Pokud se krize zhor\u0161\u00ed, ob\u010dan\u00e9 budou nuceni nechat sv\u00e1 auta doma. Koo vydal otev\u0159enou hrozbu: \u201ePokud se situace na Bl\u00edzk\u00e9m v\u00fdchod\u011b zhor\u0161\u00ed, \u00farove\u0148 krizov\u00e9 pohotovosti by musela b\u00fdt zv\u00fd\u0161ena na \u201avarov\u00e1n\u00ed\u2018 a od t\u00e9 chv\u00edle bychom museli omezit spot\u0159ebu.\u201c Ji\u017en\u00ed Korea, kter\u00e1 je stejn\u011b jako Tchaj-wan a Singapur extr\u00e9mn\u011b z\u00e1visl\u00e1 na dovozu energie z Bl\u00edzk\u00e9ho v\u00fdchodu, \u010del\u00ed kritick\u00e9 situaci.<\/span><\/p>\n<p><span dir=\"auto\">Ale skute\u010dn\u00e1 bomba, ta, kter\u00e1 odhaluje naprostou absurditu modern\u00ed energetick\u00e9 politiky, se skr\u00fdv\u00e1 v vedlej\u0161\u00ed v\u011bt\u011b krizov\u00fdch pl\u00e1n\u016f: Ji\u017en\u00ed Korea zastavuje postupn\u00e9 odvyk\u00e1n\u00ed od uhl\u00ed! Zat\u00edmco v zem\u00edch, jako je N\u011bmecko, jsou z ideologick\u00fdch d\u016fvod\u016f uzav\u00edr\u00e1ny dokonale funguj\u00edc\u00ed elektr\u00e1rny, drsn\u00e1 realita ropn\u00e9 a plynov\u00e9 krize nut\u00ed Jihokorejce k naprost\u00e9mu obratu. Pl\u00e1novan\u00e9 vy\u0159azov\u00e1n\u00ed uheln\u00fdch elektr\u00e1ren z provozu je pozastaveno. Kdy\u017e dojde k t\u011b\u017ek\u00fdm situac\u00edm a v s\u00e1zce je z\u00e1sobov\u00e1n\u00ed energi\u00ed cel\u00e9ho industrializovan\u00e9ho n\u00e1roda, ekonomiku nezachr\u00e1n\u00ed v\u011btrn\u00e1 farma, ale sp\u00ed\u0161e spolehliv\u00e9 uhl\u00ed.<\/span><\/p>\n<p><span dir=\"auto\">N\u011bmecko sice nen\u00ed Ji\u017en\u00ed Korea, ale vzhledem k v\u00e1\u017en\u00fdm naru\u0161en\u00edm v\u00fdroby a dod\u00e1vek ropy, benz\u00ednu a nafty by se glob\u00e1ln\u00ed z\u00e1soby mohly brzy st\u00e1t vz\u00e1cn\u00fdmi. Z\u00e1soby vysta\u010d\u00ed jen na n\u011bkolik t\u00fddn\u016f. V nejhor\u0161\u00edm p\u0159\u00edpad\u011b u\u017e nebudeme mluvit jen o masivn\u00edm n\u00e1r\u016fstu cen, ale sp\u00ed\u0161e o p\u0159\u00edd\u011blov\u00fdch opat\u0159en\u00edch. A jak ukazuje p\u0159\u00edklad Ji\u017en\u00ed Koreje, motorist\u00e9 budou prvn\u00ed, kdo to postihne.<\/span><\/p>\n<p><img decoding=\"async\" loading=\"lazy\" class=\"alignnone size-full wp-image-1185\" src=\"http:\/\/www.infokuryr.cz\/n\/wp-content\/uploads\/2021\/04\/kuryr-podpis.png\" alt=\"\" width=\"84\" height=\"24\" \/><\/p>\n<p>&nbsp;<\/p>\n","protected":false},"excerpt":{"rendered":"<p>Kv\u016fli prudce rostouc\u00edm cen\u00e1m energi\u00ed a omezen\u00edm dod\u00e1vek ropy p\u0159ipravuje jihokorejsk\u00e1 vl\u00e1da drastick\u00e9 omezen\u00ed osobn\u00edch&#8230;<\/p>\n","protected":false},"author":2,"featured_media":103435,"comment_status":"closed","ping_status":"closed","sticky":false,"template":"","format":"standard","meta":[],"categories":[7],"tags":[1257,1189,371,10792],"_links":{"self":[{"href":"https:\/\/www.infokuryr.cz\/n\/wp-json\/wp\/v2\/posts\/103434"}],"collection":[{"href":"https:\/\/www.infokuryr.cz\/n\/wp-json\/wp\/v2\/posts"}],"about":[{"href":"https:\/\/www.infokuryr.cz\/n\/wp-json\/wp\/v2\/types\/post"}],"author":[{"embeddable":true,"href":"https:\/\/www.infokuryr.cz\/n\/wp-json\/wp\/v2\/users\/2"}],"replies":[{"embeddable":true,"href":"https:\/\/www.infokuryr.cz\/n\/wp-json\/wp\/v2\/comments?post=103434"}],"version-history":[{"count":0,"href":"https:\/\/www.infokuryr.cz\/n\/wp-json\/wp\/v2\/posts\/103434\/revisions"}],"wp:featuredmedia":[{"embeddable":true,"href":"https:\/\/www.infokuryr.cz\/n\/wp-json\/wp\/v2\/media\/103435"}],"wp:attachment":[{"href":"https:\/\/www.infokuryr.cz\/n\/wp-json\/wp\/v2\/media?parent=103434"}],"wp:term":[{"taxonomy":"category","embeddable":true,"href":"https:\/\/www.infokuryr.cz\/n\/wp-json\/wp\/v2\/categories?post=103434"},{"taxonomy":"post_tag","embeddable":true,"href":"https:\/\/www.infokuryr.cz\/n\/wp-json\/wp\/v2\/tags?post=103434"}],"curies":[{"name":"wp","href":"https:\/\/api.w.org\/{rel}","templated":true}]}}