{"id":103432,"date":"2026-04-01T00:21:39","date_gmt":"2026-03-31T22:21:39","guid":{"rendered":"https:\/\/www.infokuryr.cz\/n\/?p=103432"},"modified":"2026-03-31T12:58:51","modified_gmt":"2026-03-31T10:58:51","slug":"velka-britanie-cenova-exploze-o-38-500-nabijeci-stanice-pro-elektromobily-na-pokraji-financniho-kolapsu","status":"publish","type":"post","link":"https:\/\/www.infokuryr.cz\/n\/2026\/04\/01\/velka-britanie-cenova-exploze-o-38-500-nabijeci-stanice-pro-elektromobily-na-pokraji-financniho-kolapsu\/","title":{"rendered":"Velk\u00e1 Brit\u00e1nie: Cenov\u00e1 exploze o 38 500 %! Nab\u00edjec\u00ed stanice pro elektromobily na pokraji finan\u010dn\u00edho kolapsu"},"content":{"rendered":"<div id=\"fb-root\"><\/div>\n<p><strong><span dir=\"auto\">Ve Velk\u00e9 Brit\u00e1nii bij\u00ed provozovatel\u00e9 nab\u00edjec\u00edch stanic pro elektromobily na poplach. N\u00e1klady prudce rostou, proto\u017ee sen o \u201enulov\u00fdch emis\u00edch\u201c z\u00e1rove\u0148 zvy\u0161uje ceny elekt\u0159iny. N\u00e1klady na roz\u0161\u00ed\u0159en\u00ed s\u00edt\u011b, nezbytn\u00e9 pro \u201ezelenou transformaci\u201c, se p\u0159en\u00e1\u0161ej\u00ed p\u0159\u00edmo na spot\u0159ebitele. A to je drah\u00e9.<\/span><\/strong><\/p>\n<p><span dir=\"auto\">Kdo by tohle mohl p\u0159edv\u00eddat? \u201eZelen\u00e1 transformace\u201c po\u017e\u00edr\u00e1 sv\u00e9 vlastn\u00ed d\u011bti. Zat\u00edmco se politici sna\u017e\u00ed vnutit ob\u010dan\u016fm elektromobily, n\u00e1klady v z\u00e1kulis\u00ed prudce rostou.\u00a0<\/span><a href=\"https:\/\/archive.is\/MTBS7\"><span dir=\"auto\">Nyn\u00ed provozovatel\u00e9 nab\u00edjec\u00edch stanic ve Velk\u00e9 Brit\u00e1nii bij\u00ed na poplach<\/span><\/a><span dir=\"auto\"> : jejich \u00fa\u010dty za elekt\u0159inu se zv\u00fd\u0161ily a\u017e o 38 500 procent. Sen o \u201enulov\u00fdch emis\u00edch\u201c se op\u011bt m\u011bn\u00ed v no\u010dn\u00ed m\u016fru. Provozovatel\u00e9 nab\u00edjec\u00edch stanic pro elektromobily (zastoupen\u00ed asociac\u00ed ChargeUK) nyn\u00ed \u010del\u00ed zk\u00e1ze \u2013 nebo alespo\u0148 nutnosti drasticky zv\u00fd\u0161it ceny pro koncov\u00e9 z\u00e1kazn\u00edky. D\u016fvodem jsou poplatky za s\u00ed\u0165, kter\u00e9 se b\u011bhem n\u011bkolika let zcela vymkly kontrole.<\/span><\/p>\n<p><span dir=\"auto\">\u010c\u00edsla v tabulce se vzp\u00edraj\u00ed popisu. Hlavn\u00ed poskytovatel nab\u00edjec\u00edch stanic Osprey ned\u00e1vno otev\u0159el sv\u00e9 \u00fa\u010detnictv\u00ed: Za pobo\u010dku ve Wolverhamptonu v Anglii spole\u010dnost v roce 2022 zaplatila skromn\u00fdch 87 liber (p\u0159ibli\u017en\u011b 102 eur) ro\u010dn\u011b na s\u00ed\u0165ov\u00fdch poplatc\u00edch. Dnes obdr\u017eeli fakturu na neuv\u011b\u0159iteln\u00fdch 33 651 liber. To je n\u00e1r\u016fst ceny o 38 579 procent!<\/span><\/p>\n<p><span dir=\"auto\">Konkurent, Fastned, nyn\u00ed mus\u00ed platit 41 000 liber ro\u010dn\u011b za \u010derpac\u00ed stanici v South Lanarkshire ve Skotsku. T\u0159et\u00ed poskytovatel si st\u011b\u017euje na 250procentn\u00ed n\u00e1r\u016fst za pouh\u00e9 \u010dty\u0159i roky \u2013 n\u00e1klady nyn\u00ed \u201edosahuj\u00ed \u0161estim\u00edstn\u00e9 \u010d\u00e1stky\u201c. Jak se ale toto p\u0159emr\u0161t\u011bn\u00e9 zv\u00fd\u0161en\u00ed n\u00e1klad\u016f projev\u00ed na z\u00e1kazn\u00edc\u00edch?<\/span><\/p>\n<p><span dir=\"auto\">D\u016fvod takov\u00fdch exces\u016f je celkem jednoduch\u00fd: jsou to n\u00e1klady na utopickou agendu \u201eNet Zero\u201c. Britsk\u00e1 elektrick\u00e1 s\u00ed\u0165 mus\u00ed b\u00fdt za miliardy dolar\u016f p\u0159estav\u011bna a roz\u0161\u00ed\u0159ena, aby se p\u0159izp\u016fsobila politicky na\u0159\u00edzen\u00e9mu energetick\u00e9mu p\u0159echodu. A n\u011bkdo mus\u00ed zaplatit \u00fa\u010det. V roce 2023 regula\u010dn\u00ed org\u00e1n Ofgem zm\u011bnil pravidla hry. Poplatky se nyn\u00ed nepo\u010d\u00edtaj\u00ed na z\u00e1klad\u011b skute\u010dn\u00e9 spot\u0159eby elekt\u0159iny nab\u00edjec\u00ed stanice, ale jednodu\u0161e na z\u00e1klad\u011b velikosti s\u00ed\u0165ov\u00e9ho p\u0159ipojen\u00ed. To znamen\u00e1, \u017ee ka\u017ed\u00fd, kdo postav\u00ed vysoce v\u00fdkonnou rychlonab\u00edjec\u00ed stanici, zaplat\u00ed majlant \u2013 bez ohledu na to, zda se tam skute\u010dn\u011b nab\u00edjej\u00ed auta, nebo zda stanice stoj\u00ed ne\u010dinn\u011b kv\u016fli n\u00edzk\u00e9 popt\u00e1vce.<\/span><\/p>\n<p><span dir=\"auto\">To odhaluje plnou schizofrenii zeleno-globalistick\u00e9 pl\u00e1novan\u00e9 ekonomiky. Politici posedl\u00ed klimatickou hysteri\u00ed ne\u00fanavn\u011b shroma\u017e\u010fuj\u00ed podporu pro v\u00fdstavbu p\u0159ibli\u017en\u011b 300 000 ve\u0159ejn\u00fdch nab\u00edjec\u00edch stanic do roku 2030. Koneckonc\u016f i vl\u00e1d\u011b loaj\u00e1ln\u00ed think-tanky si uv\u011bdomily, \u017ee ob\u010dan\u00e9 trp\u00ed zcela opr\u00e1vn\u011bnou \u201eobavou z dojezdu\u201c, a proto nech\u00e1vaj\u00ed sv\u00e1 p\u0159edra\u017een\u00e1 elektromobily st\u00e1t na parkovi\u0161t\u00edch prodejc\u016f.<\/span><\/p>\n<p><span dir=\"auto\">Provozovatel\u00e9 d\u011blaj\u00ed p\u0159esn\u011b to, co vl\u00e1da po\u017eaduje: proaktivn\u011b buduj\u00ed po\u017eadovanou infrastrukturu. A pr\u00e1v\u011b za to jsou nyn\u00ed brut\u00e1ln\u011b penalizov\u00e1ni nov\u00fdm syst\u00e9mem poplatk\u016f. ChargeUK to shrnuje dokonale: jsou trest\u00e1ni za to, \u017ee \u201estav\u00ed p\u0159ed popt\u00e1vkou\u201c. Nakonec, jako v\u017edy, plat\u00ed ob\u010dan. Provozovatel\u00e9 ji\u017e dali jednozna\u010dn\u011b najevo, \u017ee tyto absurdn\u00ed n\u00e1klady budou muset p\u0159en\u00e9st do cen nab\u00edjen\u00ed. Elektromobil, kter\u00fd je ji\u017e drahou hra\u010dkou pro bohat\u00e9 obyvatele m\u011bst, se tak st\u00e1v\u00e1 bezednou j\u00e1mou pen\u011bz.<\/span><\/p>\n<p><img decoding=\"async\" loading=\"lazy\" class=\"alignnone size-full wp-image-1185\" src=\"http:\/\/www.infokuryr.cz\/n\/wp-content\/uploads\/2021\/04\/kuryr-podpis.png\" alt=\"\" width=\"84\" height=\"24\" \/><\/p>\n<p>&nbsp;<\/p>\n","protected":false},"excerpt":{"rendered":"<p>Ve Velk\u00e9 Brit\u00e1nii bij\u00ed provozovatel\u00e9 nab\u00edjec\u00edch stanic pro elektromobily na poplach. N\u00e1klady prudce rostou, proto\u017ee&#8230;<\/p>\n","protected":false},"author":2,"featured_media":103433,"comment_status":"closed","ping_status":"closed","sticky":false,"template":"","format":"standard","meta":[],"categories":[7],"tags":[1257,1299,7956,371,303],"_links":{"self":[{"href":"https:\/\/www.infokuryr.cz\/n\/wp-json\/wp\/v2\/posts\/103432"}],"collection":[{"href":"https:\/\/www.infokuryr.cz\/n\/wp-json\/wp\/v2\/posts"}],"about":[{"href":"https:\/\/www.infokuryr.cz\/n\/wp-json\/wp\/v2\/types\/post"}],"author":[{"embeddable":true,"href":"https:\/\/www.infokuryr.cz\/n\/wp-json\/wp\/v2\/users\/2"}],"replies":[{"embeddable":true,"href":"https:\/\/www.infokuryr.cz\/n\/wp-json\/wp\/v2\/comments?post=103432"}],"version-history":[{"count":0,"href":"https:\/\/www.infokuryr.cz\/n\/wp-json\/wp\/v2\/posts\/103432\/revisions"}],"wp:featuredmedia":[{"embeddable":true,"href":"https:\/\/www.infokuryr.cz\/n\/wp-json\/wp\/v2\/media\/103433"}],"wp:attachment":[{"href":"https:\/\/www.infokuryr.cz\/n\/wp-json\/wp\/v2\/media?parent=103432"}],"wp:term":[{"taxonomy":"category","embeddable":true,"href":"https:\/\/www.infokuryr.cz\/n\/wp-json\/wp\/v2\/categories?post=103432"},{"taxonomy":"post_tag","embeddable":true,"href":"https:\/\/www.infokuryr.cz\/n\/wp-json\/wp\/v2\/tags?post=103432"}],"curies":[{"name":"wp","href":"https:\/\/api.w.org\/{rel}","templated":true}]}}