{"id":103424,"date":"2026-04-01T00:17:57","date_gmt":"2026-03-31T22:17:57","guid":{"rendered":"https:\/\/www.infokuryr.cz\/n\/?p=103424"},"modified":"2026-03-31T12:08:31","modified_gmt":"2026-03-31T10:08:31","slug":"who-planuje-do-roku-2050-globalni-pandemicky-system-s-mrna-46-vakcin-je-jiz-ve-vyvoji","status":"publish","type":"post","link":"https:\/\/www.infokuryr.cz\/n\/2026\/04\/01\/who-planuje-do-roku-2050-globalni-pandemicky-system-s-mrna-46-vakcin-je-jiz-ve-vyvoji\/","title":{"rendered":"WHO pl\u00e1nuje do roku 2050 glob\u00e1ln\u00ed pandemick\u00fd syst\u00e9m s mRNA \u2013 46 vakc\u00edn je ji\u017e ve v\u00fdvoji"},"content":{"rendered":"<div id=\"fb-root\"><\/div>\n<div class=\"elementor-element elementor-element-1fb4c2c elementor-widget elementor-widget-theme-post-content\" data-id=\"1fb4c2c\" data-element_type=\"widget\" data-e-type=\"widget\" data-widget_type=\"theme-post-content.default\">\n<div class=\"elementor-widget-container\">\n<p><strong><span dir=\"auto\">Podle Sv\u011btov\u00e9 zdravotnick\u00e9 organizace (WHO) by m\u011bly b\u00fdt vakc\u00edny proti ch\u0159ipce nov\u00e9 generace k dispozici v p\u0159\u00ed\u0161t\u00edch dvou letech.<\/span><\/strong><\/p>\n<p><span dir=\"auto\">Tiskov\u00e1\u00a0<\/span><a href=\"https:\/\/www.who.int\/news\/item\/18-02-2026-next-generation-influenza-vaccines-could-save-millions-of-lives--finds-who\" target=\"_blank\" rel=\"noreferrer noopener\" data-type=\"link\" data-id=\"https:\/\/www.who.int\/news\/item\/18-02-2026-next-generation-influenza-vaccines-could-save-millions-of-lives--finds-who\"><span dir=\"auto\">zpr\u00e1va<\/span><\/a><span dir=\"auto\">\u00a0Sv\u011btov\u00e9 zdravotnick\u00e9 organizace (WHO) z minul\u00e9ho m\u011bs\u00edce p\u0159itahuje pozornost, proto\u017ee zd\u016fraz\u0148uje \u00fasil\u00ed organizace o v\u00fdvoj vakc\u00edn proti ch\u0159ipce nov\u00e9 generace. Uv\u00e1d\u00ed se v n\u00ed, \u017ee by tyto vakc\u00edny \u201emohly hr\u00e1t kl\u00ed\u010dovou roli p\u0159i sni\u017eov\u00e1n\u00ed glob\u00e1ln\u00ed z\u00e1t\u011b\u017ee ch\u0159ipky\u201c a usm\u011br\u0148ovat budouc\u00ed \u201einvestice, politick\u00e1 rozhodnut\u00ed a strategie nasazen\u00ed \u2013 a t\u00edm podporovat siln\u011bj\u0161\u00ed programy sez\u00f3nn\u00ed ch\u0159ipky a lep\u0161\u00ed p\u0159ipravenost na pandemii\u201c.<\/span><\/p>\n<p><span dir=\"auto\">WHO jinde uvedla, \u017ee \u201ev budoucnu dojde k pandemi\u00edm ch\u0159ipky\u201c.<\/span><\/p>\n<p><span dir=\"auto\">\u00danorov\u00e1 publikace se zam\u011b\u0159uje na tzv. Hodnocen\u00ed pln\u00e9 hodnoty vylep\u0161en\u00e9 vakc\u00edny proti ch\u0159ipce (FVIVA) WHO, komplexn\u00ed zpr\u00e1vu, kter\u00e1 jde nad r\u00e1mec pouh\u00e9ho hodnocen\u00ed vakc\u00edn a m\u00edsto toho zav\u00e1d\u00ed dlouhodob\u00fd mezin\u00e1rodn\u00ed syst\u00e9m pro jejich v\u00fdvoj, v\u00fdrobu a distribuci.<\/span><\/p>\n<p><span dir=\"auto\">Pl\u00e1n p\u0159ich\u00e1z\u00ed v dob\u011b, kdy se vl\u00e1dy a organizace po cel\u00e9m sv\u011bt\u011b p\u0159ipravuj\u00ed na budouc\u00ed pandemii ch\u0159ipky.<\/span><\/p>\n<p><span dir=\"auto\">Tiskov\u00e1 zpr\u00e1va WHO rovn\u011b\u017e zd\u016fraz\u0148uje, \u017ee v\u00fdvoj ji\u017e existuje: V sou\u010dasn\u00e9 dob\u011b je ve f\u00e1zi klinick\u00e9ho v\u00fdvoje 46 vakc\u00edn proti ch\u0159ipce nov\u00e9 generace.<\/span><\/p>\n<p><span dir=\"auto\">\u201eK \u00fanoru 2026 je v klinick\u00e9m v\u00fdvoji 46 vakc\u00edn proti ch\u0159ipce nov\u00e9 generace s vyu\u017eit\u00edm r\u016fzn\u00fdch technologick\u00fdch platforem, jak je uvedeno v pl\u00e1nu v\u00fdzkumu a v\u00fdvoje vakc\u00edn proti ch\u0159ipce.\u201c<\/span><\/p>\n<p><span dir=\"auto\">Ch\u0159ipka v sou\u010dasnosti vynik\u00e1 velk\u00fdm po\u010dtem r\u016fzn\u00fdch kandid\u00e1t\u016f sledovan\u00fdch v koordinovan\u00e9m prost\u0159ed\u00ed.<\/span><\/p>\n<p><span dir=\"auto\">Ned\u00e1vn\u00e1 studie v \u010dasopise Journal of Infection and Public Health ukazuje, \u017ee v\u00fdzkum pta\u010d\u00ed ch\u0159ipky se celosv\u011btov\u011b zv\u00fd\u0161il o 1 000 %, p\u0159i\u010dem\u017e mezi p\u0159edn\u00ed institucion\u00e1ln\u00ed hr\u00e1\u010de pat\u0159\u00ed WHO, CDC a EcoHealth.<\/span><\/p>\n<h2 class=\"wp-block-heading\"><span dir=\"auto\">Dokument WHO spojuje programy sez\u00f3nn\u00ed ch\u0159ipky s \u201ep\u0159ipravenost\u00ed na pandemii\u201c<\/span><\/h2>\n<p><span dir=\"auto\">Zat\u00edmco tiskov\u00e1 zpr\u00e1va zd\u016fraz\u0148uje zdravotn\u00ed v\u00fdsledky, z\u00e1kladn\u00ed anal\u00fdza WHO jasn\u011b ukazuje, \u017ee programy o\u010dkov\u00e1n\u00ed proti ch\u0159ipce jsou budov\u00e1ny jako sou\u010d\u00e1st infrastruktury pro boj s pandemi\u00ed.<\/span><\/p>\n<p><span dir=\"auto\">V dokumentu se uv\u00e1d\u00ed, \u017ee jeho \u00fa\u010delem je:<\/span><\/p>\n<p><span dir=\"auto\">\u201eSnahy o informov\u00e1n\u00ed s c\u00edlem urychlit v\u00fdvoj a dostupnost vylep\u0161en\u00fdch vakc\u00edn proti sez\u00f3nn\u00ed a pandemick\u00e9 ch\u0159ipce.\u201c<\/span><\/p>\n<p><span dir=\"auto\">D\u00e1le se zd\u016fraz\u0148uje, \u017ee roz\u0161\u00ed\u0159en\u00e9 programy proti ch\u0159ipce maj\u00ed za c\u00edl:<\/span><\/p>\n<p><span dir=\"auto\">\u201eZlep\u0161it glob\u00e1ln\u00ed p\u0159ipravenost na pandemii ch\u0159ipky.\u201c<\/span><\/p>\n<p><span dir=\"auto\">To znamen\u00e1, \u017ee rutinn\u00ed programy o\u010dkov\u00e1n\u00ed proti ch\u0159ipce jsou koordinov\u00e1ny s p\u0159ipravenost\u00ed na pandemii a tvo\u0159\u00ed kontinu\u00e1ln\u00ed, integrovan\u00fd syst\u00e9m, sp\u00ed\u0161e ne\u017e samostatn\u00e1 opat\u0159en\u00ed.<\/span><\/p>\n<h2 class=\"wp-block-heading\"><span dir=\"auto\">mRNA a platformy nov\u00e9 generace v centru strategie<\/span><\/h2>\n<p><span dir=\"auto\">WHO v\u00fdslovn\u011b ozna\u010duje kontroverzn\u00ed mRNA a souvisej\u00edc\u00ed technologie za kl\u00ed\u010dov\u00e9 pro budouc\u00ed vakc\u00edny proti ch\u0159ipce:<\/span><\/p>\n<p><span dir=\"auto\">\u201eTechnologie \u2013 jako jsou mRNA vakc\u00edny, rekombinantn\u00ed proteiny a virov\u00e9 \u010d\u00e1stice \u2013 ke zlep\u0161en\u00ed \u00fa\u010dinnosti vakc\u00edn.\u201c<\/span><\/p>\n<p><span dir=\"auto\">D\u00e1le uv\u00e1d\u00ed:<\/span><\/p>\n<p><span dir=\"auto\">\u201eO\u010dek\u00e1v\u00e1 se, \u017ee vakc\u00edny na b\u00e1zi nukleov\u00fdch kyselin, v\u010detn\u011b kombinovan\u00fdch vakc\u00edn na b\u00e1zi mRNA, budou dostupn\u00e9 v p\u0159\u00ed\u0161t\u00edch dvou letech.\u201c<\/span><\/p>\n<p><span dir=\"auto\">Vakc\u00ednov\u00e9 platformy z \u00e9ry COVIDu budou tak v budoucnu integrov\u00e1ny do b\u011b\u017en\u00fdch strategi\u00ed o\u010dkov\u00e1n\u00ed proti ch\u0159ipce.<\/span><\/p>\n<h2 class=\"wp-block-heading\"><span dir=\"auto\">Glob\u00e1ln\u00ed syst\u00e9m modelovan\u00fd do roku 2050<\/span><\/h2>\n<p><span dir=\"auto\">Anal\u00fdza WHO modeluje o\u010dkov\u00e1n\u00ed proti ch\u0159ipce v glob\u00e1ln\u00edm m\u011b\u0159\u00edtku po dobu n\u011bkolika desetilet\u00ed.<\/span><\/p>\n<p><span dir=\"auto\">To zahrnuje p\u0159edpov\u011bdi, jako nap\u0159\u00edklad:<\/span><\/p>\n<p><span dir=\"auto\">\u201eProgn\u00f3za popt\u00e1vky po vakc\u00edn\u011b proti ch\u0159ipce podle profilu vakc\u00edny, 2025\u20132050\u201c<\/span><\/p>\n<p><span dir=\"auto\">Odhadovan\u00fd po\u010det d\u00e1vek sez\u00f3nn\u00ed vakc\u00edny proti ch\u0159ipce po\u0159\u00edzen\u00fdch po cel\u00e9m sv\u011bt\u011b<\/span><\/p>\n<p><span dir=\"auto\">WHO tak nasti\u0148uje dlouhodob\u00fd glob\u00e1ln\u00ed syst\u00e9m o\u010dkov\u00e1n\u00ed, kter\u00fd zahrnuje popt\u00e1vku, nab\u00eddku a distribuci a\u017e do poloviny stolet\u00ed.<\/span><\/p>\n<h2 class=\"wp-block-heading\"><span dir=\"auto\">Pr\u016fb\u011b\u017en\u00e9 sledov\u00e1n\u00ed a adaptace vakc\u00edny<\/span><\/h2>\n<p><span dir=\"auto\">Zpr\u00e1va popisuje glob\u00e1ln\u00ed syst\u00e9m sledov\u00e1n\u00ed vir\u016f ch\u0159ipky:<\/span><\/p>\n<p><span dir=\"auto\">\u201eGlob\u00e1ln\u00ed sledov\u00e1n\u00ed ch\u0159ipky je zalo\u017eeno na Glob\u00e1ln\u00edm syst\u00e9mu sledov\u00e1n\u00ed a reakce na ch\u0159ipku (GISRS)\u201c<\/span><\/p>\n<p><span dir=\"auto\">D\u00e1le se uv\u00e1d\u00ed:<\/span><\/p>\n<p><span dir=\"auto\">\u201eAntigenn\u00ed slo\u017een\u00ed vakc\u00edn proti ch\u0159ipce se dvakr\u00e1t ro\u010dn\u011b p\u0159ezkoum\u00e1v\u00e1 a aktualizuje.\u201c<\/span><\/p>\n<p><span dir=\"auto\">O\u010dkov\u00e1n\u00ed proti ch\u0159ipce tak funguje jako nep\u0159etr\u017eit\u00fd cyklus \u2013 s glob\u00e1ln\u00edm pozorov\u00e1n\u00edm p\u0159edpokl\u00e1dan\u00fdch zm\u011bn viru a odpov\u00eddaj\u00edc\u00ed adaptac\u00ed vakc\u00edn.<\/span><\/p>\n<h2 class=\"wp-block-heading\"><span dir=\"auto\">Rychl\u00e1 v\u00fdroba a roz\u0161i\u0159ov\u00e1n\u00ed glob\u00e1ln\u00edch kapacit<\/span><\/h2>\n<p><span dir=\"auto\">WHO si stanovuje c\u00edle pro rychlej\u0161\u00ed v\u00fdrobu vakc\u00edn:<\/span><\/p>\n<p><span dir=\"auto\">&#8222;Doba v\u00fdroby: m\u00e9n\u011b ne\u017e 5 m\u011bs\u00edc\u016f od v\u00fdb\u011bru vakcina\u010dn\u00edho kmene po hotov\u00fd produkt&#8220;<\/span><\/p>\n<p><span dir=\"auto\">Zpr\u00e1va rovn\u011b\u017e vyz\u00fdv\u00e1 k:<\/span><\/p>\n<p><span dir=\"auto\">\u201evytvo\u0159en\u00ed distribuovan\u00e9ho produk\u010dn\u00edho ekosyst\u00e9mu\u201c<\/span><\/p>\n<p><span dir=\"auto\">Strategie up\u0159ednost\u0148uje rychlou a velkov\u00fdrobu ve v\u00edce regionech, aby umo\u017enila rychlej\u0161\u00ed reakci na hl\u00e1\u0161en\u00e1 ohniska n\u00e1kazy.<\/span><\/p>\n<h2 class=\"wp-block-heading\"><span dir=\"auto\">Hospod\u00e1\u0159sk\u00e1 a politick\u00e1 koordinace integrovan\u00e1 v r\u00e1mci syst\u00e9mu<\/span><\/h2>\n<p><span dir=\"auto\">Zpr\u00e1va WHO integruje finan\u010dn\u00ed modelov\u00e1n\u00ed do sv\u00e9ho konceptu a vysv\u011btluje, \u017ee jeho c\u00edlem je:<\/span><\/p>\n<p><span dir=\"auto\">\u201evytvo\u0159it pochopen\u00ed n\u00e1vratnosti kapit\u00e1lu pro zem\u011b i v\u00fdrobce\u201c<\/span><\/p>\n<p><span dir=\"auto\">D\u00e1le se zd\u016fraz\u0148uje:<\/span><\/p>\n<p><span dir=\"auto\">\u201ezaji\u0161t\u011bn\u00ed jejich ekonomick\u00e9 \u017eivotaschopnosti\u201c<\/span><\/p>\n<p><span dir=\"auto\">Syst\u00e9m je navr\u017een tak, aby koordinoval vl\u00e1dy, v\u00fdrobce a finan\u010dn\u00ed mechanismy s c\u00edlem dlouhodob\u011b udr\u017eet v\u00fdrobu a distribuci.<\/span><\/p>\n<h2 class=\"wp-block-heading\"><span dir=\"auto\">Z\u00e1v\u011br<\/span><\/h2>\n<p><span dir=\"auto\">Ozn\u00e1men\u00ed WHO z \u00fanora 2026 ve\u0159ejn\u011b p\u0159edstavuje vakc\u00edny proti ch\u0159ipce nov\u00e9 generace jako sou\u010d\u00e1st budouc\u00edho pl\u00e1nov\u00e1n\u00ed. Z\u00e1kladn\u00ed anal\u00fdza v\u0161ak popisuje koordinovan\u00fd glob\u00e1ln\u00ed syst\u00e9m, kter\u00fd integruje mRNA platformy, pr\u016fb\u011b\u017en\u00e9 monitorov\u00e1n\u00ed, rychlou v\u00fdrobu a dlouhodob\u00e9 pl\u00e1nov\u00e1n\u00ed popt\u00e1vky do roku 2050.<\/span><\/p>\n<p><span dir=\"auto\">Z\u00e1rove\u0148 organizace uv\u00e1d\u00ed, \u017ee \u201ev budoucnu dojde k pandemi\u00edm ch\u0159ipky\u201c, zat\u00edmco rostouc\u00ed po\u010det 46 vakc\u00edn nov\u00e9 generace a zdokumentovan\u00fd n\u00e1r\u016fst glob\u00e1ln\u00edho v\u00fdzkumu ch\u0159ipky nazna\u010duj\u00ed, \u017ee p\u0159\u00edslu\u0161n\u00e1 infrastruktura se ji\u017e buduje a roz\u0161i\u0159uje.<\/span><\/p>\n<p><span dir=\"auto\">V\u00fdsledkem je v\u00edcelet\u00fd r\u00e1mec, v n\u011bm\u017e programy boje proti ch\u0159ipce funguj\u00ed jako trval\u00fd, glob\u00e1ln\u011b koordinovan\u00fd syst\u00e9m pro p\u0159ipravenost na pandemii \u2013 a nikoli pouze jako reakce na jednotliv\u00e9 mimo\u0159\u00e1dn\u00e9 ud\u00e1losti.<\/span><\/p>\n<p><em><strong><span dir=\"auto\">Jon Fleetwood<\/span><\/strong><\/em><\/p>\n<\/div>\n<\/div>\n<div class=\"elementor-element elementor-element-8c57238 quelle dc-has-condition dc-condition-empty elementor-widget elementor-widget-heading\" data-id=\"8c57238\" data-element_type=\"widget\" data-e-type=\"widget\" data-widget_type=\"heading.default\">\n<div class=\"elementor-widget-container\">\n<h3 class=\"elementor-heading-title elementor-size-default\"><span style=\"font-size: 10pt;\"><a href=\"https:\/\/jonfleetwood.substack.com\/p\/who-influenza-plan-orchestrates-global\" target=\"_blank\" rel=\"nofollow noopener\"><span dir=\"auto\">Zdroj<\/span><\/a><\/span><\/h3>\n<p>&nbsp;<\/p>\n<\/div>\n<\/div>\n","protected":false},"excerpt":{"rendered":"<p>Podle Sv\u011btov\u00e9 zdravotnick\u00e9 organizace (WHO) by m\u011bly b\u00fdt vakc\u00edny proti ch\u0159ipce nov\u00e9 generace k dispozici&#8230;<\/p>\n","protected":false},"author":2,"featured_media":91537,"comment_status":"closed","ping_status":"closed","sticky":false,"template":"","format":"standard","meta":[],"categories":[7],"tags":[1503,694,651,81],"_links":{"self":[{"href":"https:\/\/www.infokuryr.cz\/n\/wp-json\/wp\/v2\/posts\/103424"}],"collection":[{"href":"https:\/\/www.infokuryr.cz\/n\/wp-json\/wp\/v2\/posts"}],"about":[{"href":"https:\/\/www.infokuryr.cz\/n\/wp-json\/wp\/v2\/types\/post"}],"author":[{"embeddable":true,"href":"https:\/\/www.infokuryr.cz\/n\/wp-json\/wp\/v2\/users\/2"}],"replies":[{"embeddable":true,"href":"https:\/\/www.infokuryr.cz\/n\/wp-json\/wp\/v2\/comments?post=103424"}],"version-history":[{"count":0,"href":"https:\/\/www.infokuryr.cz\/n\/wp-json\/wp\/v2\/posts\/103424\/revisions"}],"wp:featuredmedia":[{"embeddable":true,"href":"https:\/\/www.infokuryr.cz\/n\/wp-json\/wp\/v2\/media\/91537"}],"wp:attachment":[{"href":"https:\/\/www.infokuryr.cz\/n\/wp-json\/wp\/v2\/media?parent=103424"}],"wp:term":[{"taxonomy":"category","embeddable":true,"href":"https:\/\/www.infokuryr.cz\/n\/wp-json\/wp\/v2\/categories?post=103424"},{"taxonomy":"post_tag","embeddable":true,"href":"https:\/\/www.infokuryr.cz\/n\/wp-json\/wp\/v2\/tags?post=103424"}],"curies":[{"name":"wp","href":"https:\/\/api.w.org\/{rel}","templated":true}]}}