{"id":103420,"date":"2026-04-01T00:15:30","date_gmt":"2026-03-31T22:15:30","guid":{"rendered":"https:\/\/www.infokuryr.cz\/n\/?p=103420"},"modified":"2026-03-31T12:03:58","modified_gmt":"2026-03-31T10:03:58","slug":"evropsky-parlament-varuje-ze-kontinent-je-na-ceste-k-obcanske-valce","status":"publish","type":"post","link":"https:\/\/www.infokuryr.cz\/n\/2026\/04\/01\/evropsky-parlament-varuje-ze-kontinent-je-na-ceste-k-obcanske-valce\/","title":{"rendered":"Evropsk\u00fd parlament varuje, \u017ee kontinent je \u201ena cest\u011b k ob\u010dansk\u00e9 v\u00e1lce\u201c"},"content":{"rendered":"<div id=\"fb-root\"><\/div>\n<div class=\"elementor-element elementor-element-1fb4c2c elementor-widget elementor-widget-theme-post-content\" data-id=\"1fb4c2c\" data-element_type=\"widget\" data-e-type=\"widget\" data-widget_type=\"theme-post-content.default\">\n<div class=\"elementor-widget-container\">\n<p><span dir=\"auto\">Evropsk\u00e1 vl\u00e1dnouc\u00ed t\u0159\u00edda po cel\u00e1 desetilet\u00ed dov\u00e1\u017eela chaos pod hlavi\u010dkou \u201ediverzity\u201c a nyn\u00ed se \u00fa\u010det bl\u00ed\u017e\u00ed k zaplacen\u00ed t\u00edm nejexplozivn\u011bj\u0161\u00edm zp\u016fsobem.<\/span><\/p>\n<p><span dir=\"auto\">Na v\u00fdznamn\u00e9 konferenci v Evropsk\u00e9m parlamentu zazn\u011bla ostr\u00e1 varov\u00e1n\u00ed, \u017ee kontinent sm\u011b\u0159uje k ob\u010dansk\u00e9 v\u00e1lce, proto\u017ee masov\u00e1 migrace podkop\u00e1v\u00e1 d\u016fv\u011bru, vytv\u00e1\u0159\u00ed z\u00f3ny \u201eno-go\u201c a rozd\u011bluje spole\u010dnosti podle etnick\u00fdch hranic.<\/span><\/p>\n<p><span dir=\"auto\">Profesor David Betz z King&#8217;s College London to shrnul dokonale, kdy\u017e shrom\u00e1\u017ed\u011bn\u00fdm poslanc\u016fm a expert\u016fm \u0159ekl: \u201eEvropa je na cest\u011b k ob\u010dansk\u00e9 v\u00e1lce.\u201c<\/span><\/p>\n<p><span dir=\"auto\">Akci s n\u00e1zvem\u00a0<\/span><em><span dir=\"auto\">Ob\u010dansk\u00e1 v\u00e1lka: Evropa v ohro\u017een\u00ed?<\/span><\/em><span dir=\"auto\">\u00a0zorganizovali francouzsk\u00e1 pravicov\u011b populistick\u00e1 politi\u010dka Marion Mar\u00e9chal a \u0161v\u00e9dsk\u00fd europoslanec Charlie Weimers ze \u0160v\u00e9dsk\u00fdch demokrat\u016f.<\/span><\/p>\n<p><span dir=\"auto\">Byla tak\u00e9 p\u0159edstavena nov\u00e1 zpr\u00e1va dokumentuj\u00edc\u00ed a\u017e tis\u00edc no-go z\u00f3n v Evrop\u011b na z\u00e1klad\u011b ve\u0159ejn\u011b dostupn\u00fdch dat, jako je m\u00edra kriminality, sexu\u00e1ln\u00ed n\u00e1sil\u00ed, gangy ml\u00e1de\u017ee, nezam\u011bstnanost, \u0161koln\u00ed v\u00fdsledky, antisemitismus, homofobie, hustota me\u0161it, \u00fatoky na hasi\u010de a p\u0159\u00edtomnost nevl\u00e1dn\u00edch organizac\u00ed.<\/span><\/p>\n<p><span dir=\"auto\">Mar\u00e9chal zah\u00e1jil konferenci konstatov\u00e1n\u00edm, \u017ee d\u0159\u00edve m\u00edrov\u00e9 a stabiln\u00ed spole\u010dnosti se \u201ep\u0159ed na\u0161ima o\u010dima rychle transformuj\u00ed ve spole\u010dnosti n\u00e1sil\u00ed a ned\u016fv\u011bry\u201c, a prohl\u00e1sil, \u017ee \u201enejd\u016fle\u017eit\u011bj\u0161\u00edm z\u00e1kladem d\u016fv\u011bry mezi ob\u010dany je kulturn\u00ed homogenita\u201c, kter\u00e1 nyn\u00ed rychle eroduje.<\/span><\/p>\n<p><span dir=\"auto\">Varovala, \u017ee Evropa je ji\u017e nyn\u00ed pod siln\u00fdm tlakem \u201erozpt\u00fdlen\u00fdch guerillov\u00fdch aktivit\u201c, kter\u00e9 se projevuj\u00ed v r\u016fzn\u00fdch form\u00e1ch, v\u010detn\u011b \u201enepokoj\u016f, rabov\u00e1n\u00ed, n\u00e1hodn\u00fdch \u00fatok\u016f, rasismu nam\u00ed\u0159en\u00e9ho proti b\u00edl\u00fdm a teroristick\u00fdch \u00fatok\u016f\u201c.<\/span><\/p>\n<p><span dir=\"auto\">Weimers s t\u00edmto hodnocen\u00edm souhlasil a pouk\u00e1zal na dopad masov\u00e9 migrace na soci\u00e1ln\u00ed soudr\u017enost. \u0160v\u00e9dsk\u00fd poslanec Evropsk\u00e9ho parlamentu vysv\u011btlil: \u201eZ\u00e1padn\u00ed demokracie, kter\u00e9 byly kdysi relativn\u011b homogenn\u00edmi spole\u010dnostmi, se staly hluboce fragmentovan\u00fdmi. Nov\u011b p\u0159\u00edchoz\u00ed maj\u00ed \u010dasto jen m\u00e1lo spole\u010dn\u00e9ho s p\u016fvodn\u00edm obyvatelstvem. Je\u0161t\u011b alarmuj\u00edc\u00ed je, \u017ee mnoz\u00ed nemaj\u00ed v \u00famyslu se integrovat.\u201c<\/span><\/p>\n<p><span dir=\"auto\">Oba hostitel\u00e9 uvedli, \u017ee konferenci zorganizovali, aby na\u0161li politick\u00e9 odpov\u011bdi a zabr\u00e1nili \u201ehr\u016fz\u00e1m ob\u010dansk\u00e9 v\u00e1lky\u201c.<\/span><\/p>\n<p><span dir=\"auto\">Betz, zn\u00e1m\u00fd sv\u00fdmi varov\u00e1n\u00edmi p\u0159ed kolapsem soci\u00e1ln\u00ed soudr\u017enosti, popsal v\u00fdvoj situace drsn\u00fdmi slovy. Varoval p\u0159ed \u201erolnickou vzpourou. Konzervativn\u00edm povst\u00e1n\u00edm, v n\u011bm\u017e se vl\u00e1dnouc\u00ed sna\u017e\u00ed potrestat sv\u00e9 vl\u00e1dce za poru\u0161en\u00ed jejich povinnost\u00ed vypl\u00fdvaj\u00edc\u00edch ze spole\u010densk\u00e9 smlouvy a zm\u011bnu pravidel hry proti jejich v\u016fli. Bude to vypadat jako italsk\u00e9 \u201eroky olova\u201c, \u201e\u0161pinav\u00e9 v\u00e1lky\u201c v Latinsk\u00e9 Americe nebo mo\u017en\u00e1 konflikt v Severn\u00edm Irsku \u2013 ale ve v\u011bt\u0161\u00edm m\u011b\u0159\u00edtku.\u201c<\/span><\/p>\n<p><span dir=\"auto\">Pokra\u010doval: \u201eTo, co je ji\u017e nyn\u00ed sledovanou spole\u010dnost\u00ed, se stane je\u0161t\u011b opevn\u011bn\u011bj\u0161\u00ed, proto\u017ee elity budou usilovat o v\u011bt\u0161\u00ed ochranu prost\u0159ednictv\u00edm zd\u00ed, bezpe\u010dnostn\u00edch sil a sledov\u00e1n\u00ed. Bude to krvav\u00e9\u2026 balkanizace britsk\u00e9ho \u017eivota podle etnick\u00fdch hranic ji\u017e prob\u00edh\u00e1.\u201c<\/span><\/p>\n<p><span dir=\"auto\">Betz dodal: \u201eTo, co naz\u00fdv\u00e1m asortativn\u00edm hnut\u00edm, se ji\u017e d\u011bje \u2013 zcela zjevn\u011b na m\u00edstech, jako je Tower Hamlets v Lond\u00fdn\u011b nebo Sparkhill v Birminghamu, kter\u00e9 jsou ji\u017e etnick\u00fdmi enkl\u00e1vami, z\u00f3nami vyjednan\u00e9 policejn\u00ed pr\u00e1ce, paraleln\u00edmi pr\u00e1vn\u00edmi syst\u00e9my, alternativn\u00edmi ekonomikami a\u2026 oblastmi rozs\u00e1hl\u00e9ho a rozs\u00e1hl\u00e9ho sexu\u00e1ln\u00edho n\u00e1sil\u00ed p\u00e1chan\u00e9ho na cizinc\u00edch\u2026 to by m\u011blo b\u00fdt obecn\u011b znepokojiv\u00e9.\u201c<\/span><\/p>\n<p><span dir=\"auto\">\u201eVe vl\u00e1d\u011b je mnoho lid\u00ed, kte\u0159\u00ed pln\u011b ch\u00e1pou z\u00e1va\u017enost situace, i kdy\u017e otev\u0159en\u00e9 promluven\u00ed o n\u00ed znamen\u00e1 konec jejich kari\u00e9ry,\u201c dodal.<\/span><\/p>\n<p><span dir=\"auto\">Betz tak\u00e9 varoval p\u0159ed mo\u017en\u00fdmi d\u016fsledky pro m\u00edstn\u00ed obyvatelstvo: \u201eKam n\u00e1s balkanizace vede? &#8230; vede k z\u00e1niku Velk\u00e9 Brit\u00e1nie jako soudr\u017en\u00e9 kulturn\u00ed jednotky, formovan\u00e9 lidmi, kte\u0159\u00ed skute\u010dn\u011b sd\u00edlej\u00ed identitu \u201abrit\u016f\u2018 &#8230; vede k rozs\u00e1hl\u00e9 a roz\u0161\u00ed\u0159en\u00e9 ob\u010dansk\u00e9 v\u00e1lce&#8230;\u201c<\/span><\/p>\n<p><span dir=\"auto\">\u201eJe docela mo\u017en\u00e9, \u017ee Britov\u00e9 skon\u010d\u00ed jako Kananejci nebo Arka\u010fan\u00e9 \u2013 historicky zaj\u00edmav\u00fd n\u00e1rod, jeho\u017e pam\u00e1tky jsou tu a tam viditeln\u00e9 v trosk\u00e1ch, zaj\u00edmav\u00fd pro archeology a historiky,\u201c vysv\u011btlil Betz a dodal: \u201eTo by byla trag\u00e9die, ale je to velmi re\u00e1ln\u00e1 mo\u017enost, kter\u00e1 le\u017e\u00ed p\u0159ed n\u00e1mi, a ve skute\u010dnosti docela bl\u00edzk\u00e1.\u201c<\/span><\/p>\n<p><span dir=\"auto\">Weimers se p\u0159\u00edmo zeptal: \u201eKde bude Evropa za 50 let? Bude za 50 let v\u016fbec n\u011bjak\u00e1 Evropa existovat?\u201c<\/span><\/p>\n<p><span dir=\"auto\">Betz tak\u00e9 nast\u00ednil, jak by mohl vypadat potenci\u00e1ln\u00ed budouc\u00ed konflikt, kdy\u017e hovo\u0159il o \u201eobl\u00e9h\u00e1n\u00ed m\u011bstsk\u00fdch oblast\u00ed s n\u011bkter\u00fdmi zvraty 21. stolet\u00ed. V mnoha ohledech to bude p\u0159ipom\u00ednat obl\u00e9h\u00e1n\u00ed Sarajeva, ale mnohem siln\u011bji ovlivn\u011bno paramilit\u00e1rn\u00edmi akt\u00e9ry pou\u017e\u00edvaj\u00edc\u00edmi taktiku naru\u0161ov\u00e1n\u00ed syst\u00e9mu. A co je nejd\u016fle\u017eit\u011bj\u0161\u00ed, \u00fatoky na infrastrukturu budou zam\u011b\u0159eny na oslaben\u00ed a zni\u010den\u00ed z\u00e1sobovac\u00edch syst\u00e9m\u016f m\u011bstsk\u00fdch enkl\u00e1v s nedomorod\u00fdm obyvatelstvem.\u201c<\/span><\/p>\n<p><span dir=\"auto\">Pokra\u010doval: \u201ePolitick\u00fd c\u00edl je velmi jednoduch\u00fd: donutit nep\u016fvodn\u00ed obyvatelstvo k odchodu. Strategi\u00ed je u\u010dinit \u017eivotn\u00ed podm\u00ednky ve m\u011bstech natolik nesnesiteln\u00fdmi, aby odchod byl lep\u0161\u00ed ne\u017e setrv\u00e1n\u00ed\u2026 nen\u00ed to nerealistick\u00e1 strategie, proto\u017ee jej\u00ed \u00fast\u0159edn\u00ed p\u0159edpoklad \u2013 nestabilita modern\u00edch \u017eivotn\u00edch podm\u00ednek ve m\u011bstech \u2013 popisuj\u00ed v\u00fdzkumn\u00edci m\u011bst ji\u017e 50 let.\u201c<\/span><\/p>\n<p><span dir=\"auto\">Betz d\u00e1le varoval: \u201eEnergetick\u00e9 syst\u00e9my jsou snadno napadnuteln\u00e9, ze sv\u00e9 podstaty jsou ho\u0159lav\u00e9 nebo v\u00fdbu\u0161n\u00e9, obt\u00ed\u017en\u011b se opravuj\u00ed a jejich v\u00fdm\u011bna je drah\u00e1. Ve skute\u010dnosti jsou za podm\u00ednek ob\u010dansk\u00e9 v\u00e1lky, kdy neexistuje poji\u0161t\u011bn\u00ed, nenahraditeln\u00e9.\u201c<\/span><\/p>\n<p><span dir=\"auto\">Dodal: \u201eP\u0159eru\u0161en\u00ed dod\u00e1vek energie m\u00e1 nav\u00edc velmi rychl\u00fd dopad na v\u0161echny ostatn\u00ed logistick\u00e9 syst\u00e9my, zejm\u00e9na na distribuci potravin, kter\u00e1 je tradi\u010dn\u011b kl\u00ed\u010dov\u00fdm prost\u0159edkem obl\u00e9h\u00e1n\u00ed.\u201c<\/span><\/p>\n<p><span dir=\"auto\">Cel\u00e1 konference:<\/span><\/p>\n<figure class=\"wp-block-embed is-type-video is-provider-youtube wp-block-embed-youtube wp-embed-aspect-16-9 wp-has-aspect-ratio\">\n<div class=\"wp-block-embed__wrapper\"><iframe loading=\"lazy\" title=\"Ob\u010dansk\u00e1 v\u00e1lka? Evropa v ohro\u017een\u00ed\" src=\"https:\/\/www.youtube.com\/embed\/lm7UGul5j2U?feature=oembed\" width=\"800\" height=\"450\" frameborder=\"0\" allowfullscreen=\"allowfullscreen\" data-mce-fragment=\"1\"><\/iframe><\/div>\n<\/figure>\n<p><span dir=\"auto\">Betz opakovan\u011b varoval p\u0159ed hlubokou soci\u00e1ln\u00ed eroz\u00ed, kter\u00e1 podle n\u011bj vede k ob\u010dansk\u00e9 v\u00e1lce v Brit\u00e1nii a Evrop\u011b.<\/span><\/p>\n<p><span dir=\"auto\">Britsk\u00fd plukovn\u00edk ve v\u00fdslu\u017eb\u011b Richard Kemp tak\u00e9 varoval, \u017ee probl\u00e9my s integrac\u00ed se v posledn\u00edch dvou desetilet\u00edch zhor\u0161ily a p\u0159ipravily p\u016fdu pro nevyhnuteln\u00e9 konflikty.<\/span><\/p>\n<p><span dir=\"auto\">Kemp prohl\u00e1sil, \u017ee \u201e\u017e\u00e1dn\u00e1 vl\u00e1da \u2013 ani sou\u010dasn\u00e1, ani \u017e\u00e1dn\u00e1 budouc\u00ed vl\u00e1da Velk\u00e9 Brit\u00e1nie \u2013 nem\u00e1 odvahu to zastavit\u201c, zejm\u00e9na s ohledem na rostouc\u00ed islamizaci.<\/span><\/p>\n<p><span dir=\"auto\">Vzorec je jasn\u00fd: globalistick\u00e1 politika otev\u0159en\u00fdch hranic a pop\u00edr\u00e1n\u00ed ze strany elit vytvo\u0159ila paraleln\u00ed spole\u010dnosti, oslabila n\u00e1rodn\u00ed identitu a nechala oby\u010dejn\u00e9 Evropany bez m\u00edrov\u00fdch politick\u00fdch mo\u017enost\u00ed.<\/span><\/p>\n<p><span dir=\"auto\">Jak zd\u016fraznil Betz, mnoz\u00ed ve vl\u00e1d\u011b si ji\u017e uv\u011bdomuj\u00ed z\u00e1va\u017enost situace, ale z kari\u00e9rn\u00edch d\u016fvod\u016f ml\u010d\u00ed.<\/span><\/p>\n<p><span dir=\"auto\">Jakkoli je to v\u0161echno pou\u010dn\u00e9, Evropa nepot\u0159ebuje dal\u0161\u00ed konference ani zpr\u00e1vy. Pot\u0159ebuje v\u016fdce s odvahou ukon\u010dit masovou migraci, obnovit soci\u00e1ln\u00ed soudr\u017enost a d\u00e1t na prvn\u00ed m\u00edsto sv\u00e9 ob\u010dany \u2013 d\u0159\u00edve, ne\u017e varov\u00e1n\u00ed p\u0159estanou b\u00fdt teoretick\u00e1 a konflikt se stane realitou.<\/span><\/p>\n<\/div>\n<\/div>\n<div class=\"elementor-element elementor-element-8c57238 quelle dc-has-condition dc-condition-empty elementor-widget elementor-widget-heading\" data-id=\"8c57238\" data-element_type=\"widget\" data-e-type=\"widget\" data-widget_type=\"heading.default\">\n<div class=\"elementor-widget-container\">\n<h3 class=\"elementor-heading-title elementor-size-default\"><span style=\"font-size: 10pt;\"><a href=\"https:\/\/www.zerohedge.com\/political\/watch-eu-parliament-told-continent-track-civil-war\" target=\"_blank\" rel=\"nofollow noopener\"><span dir=\"auto\">Zdroj<\/span><\/a><\/span><\/h3>\n<p>&nbsp;<\/p>\n<\/div>\n<\/div>\n","protected":false},"excerpt":{"rendered":"<p>Evropsk\u00e1 vl\u00e1dnouc\u00ed t\u0159\u00edda po cel\u00e1 desetilet\u00ed dov\u00e1\u017eela chaos pod hlavi\u010dkou \u201ediverzity\u201c a nyn\u00ed se \u00fa\u010det&#8230;<\/p>\n","protected":false},"author":2,"featured_media":103421,"comment_status":"closed","ping_status":"closed","sticky":false,"template":"","format":"standard","meta":[],"categories":[7],"tags":[41,1401,1402],"_links":{"self":[{"href":"https:\/\/www.infokuryr.cz\/n\/wp-json\/wp\/v2\/posts\/103420"}],"collection":[{"href":"https:\/\/www.infokuryr.cz\/n\/wp-json\/wp\/v2\/posts"}],"about":[{"href":"https:\/\/www.infokuryr.cz\/n\/wp-json\/wp\/v2\/types\/post"}],"author":[{"embeddable":true,"href":"https:\/\/www.infokuryr.cz\/n\/wp-json\/wp\/v2\/users\/2"}],"replies":[{"embeddable":true,"href":"https:\/\/www.infokuryr.cz\/n\/wp-json\/wp\/v2\/comments?post=103420"}],"version-history":[{"count":0,"href":"https:\/\/www.infokuryr.cz\/n\/wp-json\/wp\/v2\/posts\/103420\/revisions"}],"wp:featuredmedia":[{"embeddable":true,"href":"https:\/\/www.infokuryr.cz\/n\/wp-json\/wp\/v2\/media\/103421"}],"wp:attachment":[{"href":"https:\/\/www.infokuryr.cz\/n\/wp-json\/wp\/v2\/media?parent=103420"}],"wp:term":[{"taxonomy":"category","embeddable":true,"href":"https:\/\/www.infokuryr.cz\/n\/wp-json\/wp\/v2\/categories?post=103420"},{"taxonomy":"post_tag","embeddable":true,"href":"https:\/\/www.infokuryr.cz\/n\/wp-json\/wp\/v2\/tags?post=103420"}],"curies":[{"name":"wp","href":"https:\/\/api.w.org\/{rel}","templated":true}]}}