{"id":103416,"date":"2026-04-01T00:12:37","date_gmt":"2026-03-31T22:12:37","guid":{"rendered":"https:\/\/www.infokuryr.cz\/n\/?p=103416"},"modified":"2026-03-31T12:40:16","modified_gmt":"2026-03-31T10:40:16","slug":"pocet-zadosti-o-odepreni-vojenske-sluzby-z-duvodu-svedomi-prudce-od-zacatku-valky-v-iranu-vzrostl","status":"publish","type":"post","link":"https:\/\/www.infokuryr.cz\/n\/2026\/04\/01\/pocet-zadosti-o-odepreni-vojenske-sluzby-z-duvodu-svedomi-prudce-od-zacatku-valky-v-iranu-vzrostl\/","title":{"rendered":"Po\u010det \u017e\u00e1dost\u00ed o odep\u0159en\u00ed vojensk\u00e9 slu\u017eby z d\u016fvodu sv\u011bdom\u00ed prudce od za\u010d\u00e1tku v\u00e1lky v \u00cdr\u00e1nu vzrostl"},"content":{"rendered":"<div id=\"fb-root\"><\/div>\n<div class=\"elementor-element elementor-element-1fb4c2c elementor-widget elementor-widget-theme-post-content\" data-id=\"1fb4c2c\" data-element_type=\"widget\" data-e-type=\"widget\" data-widget_type=\"theme-post-content.default\">\n<div class=\"elementor-widget-container\">\n<h3><span dir=\"auto\">Protiv\u00e1le\u010dn\u00fd veter\u00e1n Mike Prysner p\u0159ipisuje n\u00e1r\u016fst zm\u011bn\u011b v\u011bdom\u00ed, kter\u00e1 za\u010dala genocidou v Gaze.<\/span><\/h3>\n<p><span dir=\"auto\">Od Amy Goodmanov\u00e9 a Juana Gonzaleze, Demokracie te\u010f!<\/span><\/p>\n<p><span dir=\"auto\">Vzhledem k tomu, \u017ee na Bl\u00edzk\u00fd v\u00fdchod jsou vysl\u00e1ny dal\u0161\u00ed tis\u00edce americk\u00fdch mari\u0148\u00e1k\u016f a prezident Trump \u00fadajn\u011b zva\u017euje pozemn\u00ed invazi do \u00cdr\u00e1nu, hovo\u0159ili jsme s Mikem Prysnerem, v\u00fdkonn\u00fdm \u0159editelem Centra pro sv\u011bdom\u00ed a v\u00e1lku, kter\u00fd \u0159\u00edk\u00e1, \u017ee jeho organizace zaznamenala masivn\u00ed n\u00e1r\u016fst dotaz\u016f od p\u0159\u00edslu\u0161n\u00edk\u016f ozbrojen\u00fdch sil, kte\u0159\u00ed cht\u011bj\u00ed podat \u017e\u00e1dost o odep\u0159en\u00ed vojensk\u00e9 slu\u017eby z d\u016fvodu sv\u011bdom\u00ed. Prysner poukazuje na \u201eposun ve v\u011bdom\u00ed\u201c mlad\u00fdch lid\u00ed ve Spojen\u00fdch st\u00e1tech, kter\u00fd vyvolala genocida v Gaze. \u201eA arm\u00e1da se ve Spojen\u00fdch st\u00e1tech skl\u00e1d\u00e1 z mlad\u00fdch lid\u00ed.\u201c<\/span><\/p>\n<p><iframe loading=\"lazy\" src=\"https:\/\/www.democracynow.org\/embed\/story\/2026\/3\/23\/prysner_mike_conscience_war_military\" width=\"640\" height=\"360\" frameborder=\"0\" allowfullscreen=\"allowfullscreen\" data-mce-fragment=\"1\"><\/iframe><strong><span dir=\"auto\">P\u0158EPIS<\/span><\/strong><\/p>\n<p><span dir=\"auto\">Toto je shrnut\u00ed. Text nemus\u00ed b\u00fdt v kone\u010dn\u00e9 podob\u011b.<\/span><\/p>\n<p><strong><span dir=\"auto\">AMY GOODMANOV\u00c1:<\/span><\/strong><span dir=\"auto\">\u00a0Toto je Demokracie te\u010f!, democracynow.org. Jsem Amy Goodmanov\u00e1 a jmenuji se Juan Gonz\u00e1lez.<\/span><\/p>\n<p><strong><span dir=\"auto\">JUAN GONZ\u00c1LEZ:<\/span><\/strong><span dir=\"auto\">\u00a0Nyn\u00ed se zam\u011b\u0159\u00edme na rostouc\u00ed odpor v americk\u00e9 arm\u00e1d\u011b v\u016f\u010di v\u00e1lce USA a Izraele proti \u00cdr\u00e1nu. Centrum pro sv\u011bdom\u00ed a v\u00e1lku hl\u00e1s\u00ed n\u00e1r\u016fst \u017e\u00e1dost\u00ed voj\u00e1k\u016f o status odp\u00edra\u010de vojensk\u00e9 slu\u017eby z d\u016fvodu sv\u011bdom\u00ed.<\/span><\/p>\n<p><strong><span dir=\"auto\">AMY GOODMAN:<\/span><\/strong><span dir=\"auto\">\u00a0S n\u00e1mi je v\u00fdkonn\u00fd \u0159editel organizace Mike Prysner. \u017dije v Portlandu v Oregonu. Do americk\u00e9 arm\u00e1dy vstoupil v roce 2001 ve v\u011bku 17 let a arm\u00e1du opustil v roce 2005 pot\u00e9, co se jeho jednotka z\u00fa\u010dastnila invaze do Ir\u00e1ku v roce 2003, kde slou\u017eil rok. Byl tak\u00e9 spoluzakladatelem organizace March Forward!, protiv\u00e1le\u010dn\u00e9 organizace veter\u00e1n\u016f a voj\u00e1k\u016f v aktivn\u00ed slu\u017eb\u011b.<\/span><\/p>\n<p><span dir=\"auto\">Mikeu, moc d\u011bkujeme, \u017ee jsi s n\u00e1mi. Hl\u00e1sil jsi obrovsk\u00fd n\u00e1r\u016fst telefon\u00e1t\u016f od voj\u00e1k\u016f, kte\u0159\u00ed se ptali na odep\u0159en\u00ed vojensk\u00e9 slu\u017eby z d\u016fvodu sv\u011bdom\u00ed. Vysv\u011btli pros\u00edm, co to znamen\u00e1 a jak roz\u0161\u00ed\u0159en\u00fd je tento probl\u00e9m.<\/span><\/p>\n<p><strong><span dir=\"auto\">MIKE PRYSNER:<\/span><\/strong><span dir=\"auto\">\u00a0No, odep\u0159en\u00ed vojensk\u00e9 slu\u017eby z d\u016fvodu sv\u011bdom\u00ed jednodu\u0161e znamen\u00e1 odm\u00edtnut\u00ed \u00fa\u010dasti v jak\u00e9koli form\u011b v\u00e1lky. A v\u00edte, bylo to t\u011b\u017ek\u00fdch p\u00e1r t\u00fddn\u016f, proto\u017ee tolik lid\u00ed a jejich rodin zoufale hled\u00e1 alternativy k vysl\u00e1n\u00ed na Bl\u00edzk\u00fd v\u00fdchod. M\u00e1me situaci, kdy Trump a jeho t\u00fdm zah\u00e1jili nevyprovokovanou v\u00e1lku bez legitimn\u00edho d\u016fvodu, bez racion\u00e1ln\u00edho ospravedln\u011bn\u00ed a ve spolupr\u00e1ci s arm\u00e1dou, kter\u00e1 pr\u00e1v\u011b v regionu sp\u00e1chala genocidu. Vnucuj\u00ed to americk\u00e9mu lidu, \u00edr\u00e1nsk\u00e9mu lidu a des\u00edtk\u00e1m tis\u00edc voj\u00e1k\u016f a jejich rodin\u00e1m, kte\u0159\u00ed v\u011b\u0159\u00ed, \u017ee je to hluboce \u0161patn\u011b.<\/span><\/p>\n<p><span dir=\"auto\">Nejen\u017ee jsme zaznamenali n\u00e1r\u016fst telefon\u00e1t\u016f a dotaz\u016f, ale tak\u00e9 n\u00e1r\u016fst po\u010dtu lid\u00ed, kte\u0159\u00ed skute\u010dn\u011b zah\u00e1jili proces registrace jako odp\u00edra\u010di vojensk\u00e9 slu\u017eby z d\u016fvodu sv\u011bdom\u00ed \u2013 co\u017e je pr\u00e1vo, kter\u00e9 maj\u00ed v\u0161ichni p\u0159\u00edslu\u0161n\u00edci ozbrojen\u00fdch sil, pokud se ho odm\u00edtnou z\u00fa\u010dastnit. Od za\u010d\u00e1tku v\u00e1lky jsme zaznamenali n\u00e1r\u016fst po\u010dtu na\u0161ich klient\u016f, kte\u0159\u00ed odp\u00edraj\u00ed vojenskou slu\u017ebu z d\u016fvodu sv\u011bdom\u00ed, p\u0159ibli\u017en\u011b o 1 000 %.<\/span><\/p>\n<p><span dir=\"auto\">A abychom to uvedli do perspektivy: N\u011bkte\u0159\u00ed z na\u0161ich konzultant\u016f tuto pr\u00e1ci vykon\u00e1vaj\u00ed ji\u017e mnoho desetilet\u00ed a d\u011blali tak po celou dobu tzv. \u201ev\u00e1lky proti teroru\u201c, p\u0159es nejhor\u0161\u00ed roky v\u00e1lky v Ir\u00e1ku, nejhor\u0161\u00ed roky v\u00e1lky v Afgh\u00e1nist\u00e1nu, p\u0159es nejvy\u0161\u0161\u00ed po\u010det civiln\u00edch ob\u011bt\u00ed v obou v\u00e1lk\u00e1ch. A \u0159\u00edkaj\u00ed, \u017ee \u00farove\u0148 nov\u00fdch klient\u016f, kter\u00e9 nyn\u00ed vid\u00edme, se nepodob\u00e1 ni\u010demu, co kdy vid\u011bli \u2013 a to ani b\u011bhem nejhor\u0161\u00edch let t\u011bchto v\u00e1lek.<\/span><\/p>\n<p><span dir=\"auto\">A v\u00edte, mus\u00edte to d\u00e1t do perspektivy. Je to mal\u00e9 procento ve srovn\u00e1n\u00ed s celkov\u00fdm po\u010dtem lid\u00ed v arm\u00e1d\u011b. Ne\u0159\u00edk\u00e1m, \u017ee pr\u00e1v\u011b te\u010f prob\u00edh\u00e1 masov\u00e9 povst\u00e1n\u00ed. Je to zna\u010dn\u00e9 \u010d\u00edslo. Ale tohle jsou jen lid\u00e9, kte\u0159\u00ed kontaktovali na\u0161i organizaci, vyhledali na\u0161i pomoc a dokonce si uv\u011bdomuj\u00ed, \u017ee toto pr\u00e1vo existuje. Kolik lid\u00ed v arm\u00e1d\u011b v\u00ed o Centru pro sv\u011bdom\u00ed a v\u00e1lku? Pravd\u011bpodobn\u011b ne moc.<\/span><\/p>\n<p><span dir=\"auto\">A i kdy\u017e je to ve srovn\u00e1n\u00ed se stovkami tis\u00edc voj\u00e1k\u016f relativn\u011b mal\u00e9 \u010d\u00edslo, p\u0159edpokl\u00e1d\u00e1m, \u017ee o na\u0161\u00ed organizaci v\u00ed jen velmi mal\u00e1 \u010d\u00e1st z nich. A zji\u0161\u0165ujeme, \u017ee \u010d\u00edm v\u00edce lid\u00ed oslov\u00edme, t\u00edm v\u00edce n\u00e1s bude kontaktovat s \u017e\u00e1dost\u00ed o odep\u0159en\u00ed vojensk\u00e9 slu\u017eby z d\u016fvodu sv\u011bdom\u00ed.<\/span><\/p>\n<p><strong><span dir=\"auto\">JUAN GONZ\u00c1LEZ:<\/span><\/strong><span dir=\"auto\">\u00a0A Miku, to je je\u0161t\u011b p\u0159edt\u00edm, ne\u017e prezident Trump skute\u010dn\u011b vyslal pozemn\u00ed jednotky do t\u00e9to v\u00e1lky. V p\u0159edchoz\u00edch v\u00e1lk\u00e1ch to hodn\u011b za\u010dalo a\u017e uprost\u0159ed konfliktu. A samoz\u0159ejm\u011b ve Vietnamu to byl v\u00fdznamn\u00fd faktor demoralizace a sn\u00ed\u017een\u00ed opera\u010dn\u00edch schopnost\u00ed USA, kdy\u017e tis\u00edce lid\u00ed uprchly do Kanady nebo po\u017e\u00e1daly o odep\u0159en\u00ed vojensk\u00e9 slu\u017eby z d\u016fvodu sv\u011bdom\u00ed v arm\u00e1d\u011b. Co byste \u010dekal, a\u017e prezident skute\u010dn\u011b vy\u0161le pozemn\u00ed jednotky do t\u00e9to v\u00e1lky?<\/span><\/p>\n<p><strong><span dir=\"auto\">MIKE PRYSNER:<\/span><\/strong><span dir=\"auto\">\u00a0Mysl\u00edm, \u017ee n\u00e1r\u016fst bude pokra\u010dovat. Ale co pova\u017euji za obzvl\u00e1\u0161t\u011b pozoruhodn\u00e9, je toto: V mnoha des\u00edtk\u00e1ch rozhovor\u016f, kter\u00e9 jsem vedl s lidmi, kte\u0159\u00ed za\u010dali p\u0159ipravovat sv\u00e9 \u017e\u00e1dosti nebo je podali jen n\u011bkolik hodin p\u0159ed nasazen\u00edm \u2013 co\u017e se tak\u00e9 st\u00e1v\u00e1 \u2013 mi ani jeden voj\u00e1k ne\u0159ekl, \u017ee se boj\u00ed zem\u0159\u00edt ve v\u00e1lce, ve kterou nev\u011b\u0159\u00ed. Boj\u00ed se zab\u00edjen\u00ed ve v\u00e1lce, ve kterou nev\u011b\u0159\u00ed. Boj\u00ed se dlouhodob\u00fdch mor\u00e1ln\u00edch d\u016fsledk\u016f sv\u00fdch \u010din\u016f v dan\u00e9m okam\u017eiku.<\/span><\/p>\n<p><span dir=\"auto\">Nejd\u016fle\u017eit\u011bj\u0161\u00edm d\u016fvodem, kter\u00fd voj\u00e1ci uv\u00e1d\u011bj\u00ed, kdy\u017e se jich pt\u00e1m, co bylo pro n\u011b zlomov\u00fdm bodem, je bombardov\u00e1n\u00ed \u0161koly v Minabu \u2013 masakr d\u00edv\u010d\u00ed \u0161koly v \u00cdr\u00e1nu, kter\u00fd sp\u00e1chaly Ameri\u010dan\u00e9.<\/span><\/p>\n<p><span dir=\"auto\">Mysl\u00edm, \u017ee si je toho v\u011bdoma i arm\u00e1da. Dokonce jsme od n\u011bkter\u00fdch sly\u0161eli, \u017ee jim byl na lodi odebr\u00e1n p\u0159\u00edstup k internetu a soci\u00e1ln\u00edm m\u00e9di\u00edm p\u0159esn\u011b v okam\u017eiku, kdy se tato zpr\u00e1va objevila.<\/span><\/p>\n<p><span dir=\"auto\">Mysl\u00edm, \u017ee bez ohledu na to, zda USA vy\u0161lou pozemn\u00ed jednotky, \u010di nikoli, skute\u010dnost, \u017ee americk\u00e9 jednotky jsou pou\u017e\u00edv\u00e1ny k zab\u00edjen\u00ed ze sousedn\u00edch zem\u00ed, lidi t\u011b\u017ece zat\u011b\u017euje.<\/span><\/p>\n<p><span dir=\"auto\">Pod\u00edvejte, tohle \u00fazce souvis\u00ed s posledn\u00edmi lety. Nestalo se to jen tak z ni\u010deho nic. V\u00edme, \u017ee genocida v Gaze spustila v\u00fdznamn\u00fd posun ve v\u011bdom\u00ed americk\u00e9 spole\u010dnosti, zejm\u00e9na mezi mlad\u00fdmi lidmi. A arm\u00e1da se skl\u00e1d\u00e1 z mlad\u00fdch lid\u00ed.<\/span><\/p>\n<p><span dir=\"auto\">K tomuto posunu v pov\u011bdom\u00ed do\u0161lo i v arm\u00e1d\u011b. Pozorovali, co se d\u011bje, a rozhodli se, \u017ee nemohou podporovat vl\u00e1du, kter\u00e1 beztrestn\u011b zab\u00edj\u00ed d\u011bti. A nyn\u00ed se nach\u00e1z\u00edme ve v\u00e1lce, kterou USA nejen vedou po boku t\u00e9to zem\u011b, ale kterou tak\u00e9 zahajuj\u00ed p\u0159esn\u011b takov\u00fdmi akcemi, pro kter\u00e9 se Izrael b\u011bhem t\u00e9to v\u00e1lky nechvaln\u011b proslavil.<\/span><\/p>\n<p><span dir=\"auto\">A proto si mus\u00ed polo\u017eit ot\u00e1zku: \u201eCo jsem p\u0159ipraven ud\u011blat? Jak\u00fd jsem \u010dlov\u011bk? Mohu se pod\u00edlet na takov\u00fdch zv\u011brstvech, kter\u00fdm jsem se v posledn\u00edch letech postavil?\u201c<\/span><\/p>\n<p><strong><span dir=\"auto\">AMY GOODMANOV\u00c1:<\/span><\/strong><span dir=\"auto\">\u00a0Zb\u00fdv\u00e1 n\u00e1m u\u017e jen 10 sekund, ale existuje n\u011bkolik p\u0159\u00edpad\u016f voj\u00e1k\u016f, kte\u0159\u00ed se chystaj\u00ed nasadit, a jsou ze seznamu nasazen\u00fdch vy\u0159azeni, pokud zva\u017euj\u00ed pod\u00e1n\u00ed \u017e\u00e1dosti o odep\u0159en\u00ed vojensk\u00e9 slu\u017eby z d\u016fvodu sv\u011bdom\u00ed?<\/span><\/p>\n<p><strong><span dir=\"auto\">MIKE PRYSNER:<\/span><\/strong><span dir=\"auto\">\u00a0Za to m\u016f\u017eeme bojovat. Va\u0161i nad\u0159\u00edzen\u00ed jsou povinni zv\u00e1\u017eit va\u0161e p\u0159esv\u011bd\u010den\u00ed. Pod\u00edvejte, v\u011bt\u0161ina z nich \u0159\u00edk\u00e1: \u201eVstoupil jste do arm\u00e1dy. Nez\u00e1le\u017e\u00ed na tom, jestli si mysl\u00edte, \u017ee je to nemor\u00e1ln\u00ed. Zav\u00e1zal jste se. Mus\u00edte plnit rozkazy.\u201c<\/span><\/p>\n<p><span dir=\"auto\">Ale nikdo nesouhlasil s t\u00edm, \u017ee poru\u0161\u00ed sv\u00e9 sv\u011bdom\u00ed. Nikdo nesouhlasil se zradou sv\u00fdch nejhlub\u0161\u00edch p\u0159esv\u011bd\u010den\u00ed. A v\u00edte co? Existuj\u00ed z\u00e1sady Ministerstva obrany, kter\u00e9 v\u00e1s p\u0159ed t\u00edm mohou ochr\u00e1nit \u2013 a my v\u00e1m m\u016f\u017eeme pomoci tato pr\u00e1va vym\u00e1hat.<\/span><\/p>\n<p><strong><span dir=\"auto\">AMY GOODMAN:<\/span><\/strong><span dir=\"auto\">\u00a0Mikeu Prysnere, moc v\u00e1m d\u011bkujeme, \u017ee jste s n\u00e1mi, v\u00fdkonn\u00fd \u0159editeli Centra pro sv\u011bdom\u00ed a v\u00e1lku.<\/span><\/p>\n<p><span dir=\"auto\">Nala\u010fte si dnes ve\u010der v 19:00 SE\u010c n\u00e1\u0161 \u017eiv\u00fd p\u0159enos na democracynow.org k oslav\u011b 30. v\u00fdro\u010d\u00ed po\u0159adu Democracy Now! s Angelou Davis, Patti Smith, Michaelem Stipem a mnoha dal\u0161\u00edmi. Jsem Amy Goodman a vystoup\u00ed i Juan Gonz\u00e1lez.<\/span><\/p>\n<\/div>\n<\/div>\n<div class=\"elementor-element elementor-element-8c57238 quelle dc-has-condition dc-condition-empty elementor-widget elementor-widget-heading\" data-id=\"8c57238\" data-element_type=\"widget\" data-e-type=\"widget\" data-widget_type=\"heading.default\">\n<div class=\"elementor-widget-container\">\n<h3 class=\"elementor-heading-title elementor-size-default\"><span style=\"font-size: 10pt;\"><a href=\"https:\/\/truthout.org\/video\/applications-for-conscientious-objector-status-have-spiked-since-iran-war-began\/\" target=\"_blank\" rel=\"nofollow noopener\"><span dir=\"auto\">Zdroj<\/span><\/a><\/span><\/h3>\n<p>&nbsp;<\/p>\n<\/div>\n<\/div>\n","protected":false},"excerpt":{"rendered":"<p>Protiv\u00e1le\u010dn\u00fd veter\u00e1n Mike Prysner p\u0159ipisuje n\u00e1r\u016fst zm\u011bn\u011b v\u011bdom\u00ed, kter\u00e1 za\u010dala genocidou v Gaze. Od Amy&#8230;<\/p>\n","protected":false},"author":2,"featured_media":103417,"comment_status":"closed","ping_status":"closed","sticky":false,"template":"","format":"standard","meta":[],"categories":[7],"tags":[80,1503,1052,37],"_links":{"self":[{"href":"https:\/\/www.infokuryr.cz\/n\/wp-json\/wp\/v2\/posts\/103416"}],"collection":[{"href":"https:\/\/www.infokuryr.cz\/n\/wp-json\/wp\/v2\/posts"}],"about":[{"href":"https:\/\/www.infokuryr.cz\/n\/wp-json\/wp\/v2\/types\/post"}],"author":[{"embeddable":true,"href":"https:\/\/www.infokuryr.cz\/n\/wp-json\/wp\/v2\/users\/2"}],"replies":[{"embeddable":true,"href":"https:\/\/www.infokuryr.cz\/n\/wp-json\/wp\/v2\/comments?post=103416"}],"version-history":[{"count":0,"href":"https:\/\/www.infokuryr.cz\/n\/wp-json\/wp\/v2\/posts\/103416\/revisions"}],"wp:featuredmedia":[{"embeddable":true,"href":"https:\/\/www.infokuryr.cz\/n\/wp-json\/wp\/v2\/media\/103417"}],"wp:attachment":[{"href":"https:\/\/www.infokuryr.cz\/n\/wp-json\/wp\/v2\/media?parent=103416"}],"wp:term":[{"taxonomy":"category","embeddable":true,"href":"https:\/\/www.infokuryr.cz\/n\/wp-json\/wp\/v2\/categories?post=103416"},{"taxonomy":"post_tag","embeddable":true,"href":"https:\/\/www.infokuryr.cz\/n\/wp-json\/wp\/v2\/tags?post=103416"}],"curies":[{"name":"wp","href":"https:\/\/api.w.org\/{rel}","templated":true}]}}