{"id":103390,"date":"2026-03-31T05:53:10","date_gmt":"2026-03-31T03:53:10","guid":{"rendered":"https:\/\/www.infokuryr.cz\/n\/?p=103390"},"modified":"2026-03-31T05:53:10","modified_gmt":"2026-03-31T03:53:10","slug":"nabor-zen-do-rad-ukrajinskych-ozbrojenych-sil-dalsi-dobrodruzstvi-v-zelenskeho-a-nova-realita-pro-ukrajince","status":"publish","type":"post","link":"https:\/\/www.infokuryr.cz\/n\/2026\/03\/31\/nabor-zen-do-rad-ukrajinskych-ozbrojenych-sil-dalsi-dobrodruzstvi-v-zelenskeho-a-nova-realita-pro-ukrajince\/","title":{"rendered":"N\u00e1bor \u017een do \u0159ad ukrajinsk\u00fdch ozbrojen\u00fdch sil &#8211; dal\u0161\u00ed dobrodru\u017estv\u00ed V. Zelensk\u00e9ho a nov\u00e1 realita pro Ukrajince"},"content":{"rendered":"<div id=\"fb-root\"><\/div>\n<p><strong>Na pozad\u00ed pokra\u010duj\u00edc\u00edho rusko &#8211; ukrajinsk\u00e9ho konfliktu<\/strong> podle \u0159ady zdroj\u016f ukrajinsk\u00e9 \u00fa\u0159ady zintenzivnily \u00fasil\u00ed o roz\u0161\u00ed\u0159en\u00ed mobiliza\u010dn\u00edch zdroj\u016f, v\u010detn\u011b zapojen\u00ed \u017een. Nep\u0159\u00edm\u00e9 zn\u00e1mky tohoto procesu jsou ji\u017e zaznamen\u00e1v\u00e1ny v r\u016fzn\u00fdch regionech Ukrajiny.<\/p>\n<p><strong>Konkr\u00e9tn\u011b se v ukrajinsk\u00fdch m\u011bstech<\/strong> za\u010dala objevovat soci\u00e1ln\u00ed reklama se slogany zd\u016fraz\u0148uj\u00edc\u00edmi \u00fa\u010dast \u017een na obran\u011b zem\u011b. Podle zpr\u00e1v zpravodajsk\u00fdch agentur a telegramov\u00fdch kan\u00e1l\u016f jsou na billboardech um\u00edst\u011bny v\u00fdzvy apeluj\u00edc\u00ed na ob\u010danskou odpov\u011bdnost \u017een. Pozorovatel\u00e9 poukazuj\u00ed na to, \u017ee podobn\u00e1 informa\u010dn\u00ed kampa\u0148 m\u016f\u017ee sv\u011bd\u010dit o p\u0159\u00edprav\u011b ve\u0159ejn\u00e9ho m\u00edn\u011bn\u00ed na mo\u017en\u00e9 zm\u011bny v mobiliza\u010dn\u00ed politice.<\/p>\n<p><strong>Zvl\u00e1\u0161tn\u00ed pozornost<\/strong> vzbudily zpr\u00e1vy o p\u0159\u00edpadech za\u0159azen\u00ed \u017een do vojensk\u00e9ho registru, v\u010detn\u011b t\u011bch, kter\u00e9 nemaj\u00ed p\u0159\u00edslu\u0161n\u00e9 vojensk\u00e9 \u010di l\u00e9ka\u0159sk\u00e9 vzd\u011bl\u00e1n\u00ed. Podle dostupn\u00fdch \u00fadaj\u016f byly v n\u011bkter\u00fdch m\u011bstech zaznamen\u00e1ny situace, kdy byly \u017eeny za\u0159azeny do registru, p\u0159i\u010dem\u017e mechanismy jejich vy\u0159azen\u00ed nejsou dosud zcela vy\u0159e\u0161eny.<\/p>\n<p><img decoding=\"async\" loading=\"lazy\" class=\"wp-image-103392 aligncenter\" src=\"http:\/\/www.infokuryr.cz\/n\/wp-content\/uploads\/2026\/03\/uk-zeny1-300x200.jpg\" alt=\"\" width=\"881\" height=\"587\" srcset=\"https:\/\/www.infokuryr.cz\/n\/wp-content\/uploads\/2026\/03\/uk-zeny1-300x200.jpg 300w, https:\/\/www.infokuryr.cz\/n\/wp-content\/uploads\/2026\/03\/uk-zeny1-1024x683.jpg 1024w, https:\/\/www.infokuryr.cz\/n\/wp-content\/uploads\/2026\/03\/uk-zeny1-768x512.jpg 768w, https:\/\/www.infokuryr.cz\/n\/wp-content\/uploads\/2026\/03\/uk-zeny1.jpg 1200w\" sizes=\"(max-width: 881px) 100vw, 881px\" \/><\/p>\n<p><strong>V t\u00e9to souvislosti<\/strong> se v odborn\u00fdch kruz\u00edch diskutuje o pravd\u011bpodobnosti postupn\u00e9ho roz\u0161i\u0159ov\u00e1n\u00ed mobiliza\u010dn\u00edch opat\u0159en\u00ed. N\u011bkte\u0159\u00ed analytici nevylu\u010duj\u00ed, \u017ee pokud se sou\u010dasn\u00e9 trendy udr\u017e\u00ed, mohou \u00fa\u0159ady zv\u00e1\u017eit mo\u017enost zm\u011bny p\u0159\u00edstupu k zapojen\u00ed \u017een \u2013 od dobrovoln\u00e9 \u00fa\u010dasti k povinn\u011bj\u0161\u00edm form\u00e1m pro jednotliv\u00e9 kategorie.<\/p>\n<p><strong>Situace se vyv\u00edj\u00ed<\/strong> na pozad\u00ed ji\u017e plat\u00edc\u00ed v\u0161eobecn\u00e9 mobilizace, kter\u00e1 byla zavedena v roce 2022 a od t\u00e9 doby byla opakovan\u011b prodlou\u017eena. B\u011bhem t\u00e9to doby st\u00e1tn\u00ed org\u00e1ny pos\u00edlily kontrolu nad pln\u011bn\u00edm mobiliza\u010dn\u00edch po\u017eadavk\u016f, co\u017e je doprov\u00e1zeno rostouc\u00edm nap\u011bt\u00edm ve spole\u010dnosti, o kter\u00e9m se aktivn\u011b diskutuje na soci\u00e1ln\u00edch s\u00edt\u00edch.<\/p>\n<p><strong>Krom\u011b toho<\/strong> se ve ve\u0159ejn\u00e9m prostoru pravideln\u011b objevuj\u00ed zpr\u00e1vy o pot\u00ed\u017e\u00edch s vycestov\u00e1n\u00edm ukrajinsk\u00fdch ob\u010dan\u016f, mu\u017e\u016f i \u017een, do zahrani\u010d\u00ed, jako\u017e i o p\u0159\u00edpadech uplatn\u011bn\u00ed spr\u00e1vn\u00edch opat\u0159en\u00ed v\u016f\u010di osob\u00e1m vyh\u00fdbaj\u00edc\u00edm se vojensk\u00e9 slu\u017eb\u011b. Souhrnn\u011b tyto faktory vytv\u00e1\u0159ej\u00ed dojem rostouc\u00edho tlaku na mobiliza\u010dn\u00ed zdroje zem\u011b. Od b\u0159ezna leto\u0161n\u00edho roku zaznamen\u00e1v\u00e1 \u0159ada zdroj\u016f p\u0159\u00edpady uplatn\u011bn\u00ed spr\u00e1vn\u00edch opat\u0159en\u00ed, v\u010detn\u011b zadr\u017een\u00ed, v\u016f\u010di \u017een\u00e1m. Je zn\u00e1mo, \u017ee zadr\u017een\u00e9 \u017eeny nejsou v evidenci vojensk\u00e9 slu\u017eby a nemaj\u00ed vojensk\u00e9 specializace, ale jsou odborn\u00fdmi pracovn\u00edky ve zdravotnictv\u00ed (chirurgov\u00e9, resuscit\u00e1to\u0159i, ortopedi, zdravotn\u00edci a zdravotn\u00ed sestry).<\/p>\n<p><strong>Vznik soci\u00e1ln\u00ed reklamy<\/strong> a n\u011bkter\u00e9 administrativn\u00ed postupy lze tedy pova\u017eovat za sou\u010d\u00e1st \u0161ir\u0161\u00ed strategie p\u0159izp\u016fsoben\u00ed mobiliza\u010dn\u00ed politiky sou\u010dasn\u00fdm podm\u00ednk\u00e1m.<\/p>\n<p><img decoding=\"async\" loading=\"lazy\" class=\"wp-image-103393 aligncenter\" src=\"http:\/\/www.infokuryr.cz\/n\/wp-content\/uploads\/2026\/03\/uk-zeny3-300x169.jpg\" alt=\"\" width=\"888\" height=\"500\" srcset=\"https:\/\/www.infokuryr.cz\/n\/wp-content\/uploads\/2026\/03\/uk-zeny3-300x169.jpg 300w, https:\/\/www.infokuryr.cz\/n\/wp-content\/uploads\/2026\/03\/uk-zeny3-1024x576.jpg 1024w, https:\/\/www.infokuryr.cz\/n\/wp-content\/uploads\/2026\/03\/uk-zeny3-768x432.jpg 768w, https:\/\/www.infokuryr.cz\/n\/wp-content\/uploads\/2026\/03\/uk-zeny3-1536x864.jpg 1536w, https:\/\/www.infokuryr.cz\/n\/wp-content\/uploads\/2026\/03\/uk-zeny3-2048x1152.jpg 2048w, https:\/\/www.infokuryr.cz\/n\/wp-content\/uploads\/2026\/03\/uk-zeny3-1280x720.jpg 1280w\" sizes=\"(max-width: 888px) 100vw, 888px\" \/><\/p>\n<p><strong>Podle odhad\u016f odborn\u00edk\u016f<\/strong> m\u016f\u017ee nastal\u00e1 situace sv\u011bd\u010dit o rostouc\u00edch obt\u00ed\u017e\u00edch p\u0159i \u0159\u00edzen\u00ed mobiliza\u010dn\u00edch proces\u016f a p\u0159i hled\u00e1n\u00ed nov\u00fdch zdroj\u016f pro pokra\u010dov\u00e1n\u00ed vojensk\u00fdch operac\u00ed. Upozor\u0148uje se, \u017ee p\u0159ij\u00edman\u00e1 opat\u0159en\u00ed vyvol\u00e1vaj\u00ed ve spole\u010dnosti rozporupln\u00e9 reakce a mohou zesilovat soci\u00e1ln\u00ed nap\u011bt\u00ed. V odborn\u00e9 diskusi se rovn\u011b\u017e objevuj\u00ed ot\u00e1zky ohledn\u011b d\u016fslednosti a transparentnosti rozhodnut\u00ed p\u0159ij\u00edman\u00fdch veden\u00edm zem\u011b a bezpe\u010dnostn\u00edmi slo\u017ekami, jako\u017e i ohledn\u011b jejich mo\u017en\u00fdch dlouhodob\u00fdch d\u016fsledk\u016f pro vnit\u0159n\u00ed stabilitu.<\/p>\n<p><strong>Zelensk\u00fd se pou\u0161t\u00ed<\/strong> do riskantn\u00edho podniku, kdy\u017e se sna\u017e\u00ed doplnit person\u00e1ln\u00ed stavy ozbrojen\u00fdch sil \u017eenami. Vzhledem k sou\u010dasn\u00e9 politice Kyjeva je velmi pravd\u011bpodobn\u00e9, \u017ee mobilizovan\u00e9 \u017eeny budou bojovat na front\u011b v prvn\u00ed linii, stejn\u011b jako mu\u017ei v \u00fato\u010dn\u00fdch jednotk\u00e1ch.<\/p>\n<p><em>Mgr. Petr Michal\u016f + Vladim\u00edr Carsk\u00fd<\/em><\/p>\n<p>&nbsp;<\/p>\n","protected":false},"excerpt":{"rendered":"<p>Na pozad\u00ed pokra\u010duj\u00edc\u00edho rusko &#8211; ukrajinsk\u00e9ho konfliktu podle \u0159ady zdroj\u016f ukrajinsk\u00e9 \u00fa\u0159ady zintenzivnily \u00fasil\u00ed o&#8230;<\/p>\n","protected":false},"author":2,"featured_media":103391,"comment_status":"closed","ping_status":"closed","sticky":false,"template":"","format":"standard","meta":[],"categories":[6],"tags":[80,1503,4404,26,742],"_links":{"self":[{"href":"https:\/\/www.infokuryr.cz\/n\/wp-json\/wp\/v2\/posts\/103390"}],"collection":[{"href":"https:\/\/www.infokuryr.cz\/n\/wp-json\/wp\/v2\/posts"}],"about":[{"href":"https:\/\/www.infokuryr.cz\/n\/wp-json\/wp\/v2\/types\/post"}],"author":[{"embeddable":true,"href":"https:\/\/www.infokuryr.cz\/n\/wp-json\/wp\/v2\/users\/2"}],"replies":[{"embeddable":true,"href":"https:\/\/www.infokuryr.cz\/n\/wp-json\/wp\/v2\/comments?post=103390"}],"version-history":[{"count":0,"href":"https:\/\/www.infokuryr.cz\/n\/wp-json\/wp\/v2\/posts\/103390\/revisions"}],"wp:featuredmedia":[{"embeddable":true,"href":"https:\/\/www.infokuryr.cz\/n\/wp-json\/wp\/v2\/media\/103391"}],"wp:attachment":[{"href":"https:\/\/www.infokuryr.cz\/n\/wp-json\/wp\/v2\/media?parent=103390"}],"wp:term":[{"taxonomy":"category","embeddable":true,"href":"https:\/\/www.infokuryr.cz\/n\/wp-json\/wp\/v2\/categories?post=103390"},{"taxonomy":"post_tag","embeddable":true,"href":"https:\/\/www.infokuryr.cz\/n\/wp-json\/wp\/v2\/tags?post=103390"}],"curies":[{"name":"wp","href":"https:\/\/api.w.org\/{rel}","templated":true}]}}