{"id":103387,"date":"2026-03-31T05:42:32","date_gmt":"2026-03-31T03:42:32","guid":{"rendered":"https:\/\/www.infokuryr.cz\/n\/?p=103387"},"modified":"2026-03-31T05:42:32","modified_gmt":"2026-03-31T03:42:32","slug":"spanelsko-uzavrelo-vzdusny-prostor-pro-americka-letadla-zapojene-do-valky-s-iranem","status":"publish","type":"post","link":"https:\/\/www.infokuryr.cz\/n\/2026\/03\/31\/spanelsko-uzavrelo-vzdusny-prostor-pro-americka-letadla-zapojene-do-valky-s-iranem\/","title":{"rendered":"\u0160pan\u011blsko uzav\u0159elo vzdu\u0161n\u00fd prostor pro americk\u00e1 letadla zapojen\u00e9 do v\u00e1lky s \u00cdr\u00e1nem"},"content":{"rendered":"<div id=\"fb-root\"><\/div>\n<h3>\u0160pan\u011blsko zak\u00e1zalo americk\u00fdm bombard\u00e9r\u016fm vstup na sv\u00e9 nebe a z\u00e1kladny pot\u00e9, co kritizovalo bl\u00edzkov\u00fdchodn\u00ed kampa\u0148 jako neleg\u00e1ln\u00ed.<\/h3>\n<p><span dir=\"auto\">\u0160pan\u011blsko uzav\u0159elo sv\u016fj vzdu\u0161n\u00fd prostor pro letadla spojen\u00e1 s americko-izraelskou v\u00e1lkou proti \u00cdr\u00e1nu, \u010d\u00edm\u017e prohloubilo rozpor s Washingtonem ohledn\u011b m\u011bs\u00ed\u010dn\u00edho konfliktu, kter\u00fd zm\u00edt\u00e1 Bl\u00edzk\u00fd v\u00fdchod.<\/span><\/p>\n<p data-start=\"953\" data-end=\"1324\"><span dir=\"auto\">\u0160pan\u011blsk\u00e1 ministryn\u011b obrany Margarita Roblesov\u00e1 v pond\u011bl\u00ed prohl\u00e1sila, \u017ee letadla \u00fa\u010dastn\u00edc\u00ed se operac\u00ed proti \u00cdr\u00e1nu nebudou sm\u011bt operovat ve \u0161pan\u011blsk\u00e9m vzdu\u0161n\u00e9m prostoru, a to ani americk\u00e1 letadla um\u00edst\u011bn\u00e1 v jin\u00fdch zem\u00edch NATO, jako je Velk\u00e1 Brit\u00e1nie nebo Francie. Madrid ji\u017e d\u0159\u00edve zak\u00e1zal vyu\u017e\u00edv\u00e1n\u00ed spole\u010dn\u011b provozovan\u00fdch z\u00e1kladen Rota a Mor\u00f3n de la Frontera v ji\u017en\u00edm \u0160pan\u011blsku pro \u00fadern\u00e9 mise.<\/span><\/p>\n<p data-start=\"1331\" data-end=\"1591\"><span dir=\"auto\">Robles novin\u00e1\u0159\u016fm \u0159ekl, \u017ee \u0160pan\u011blsko se \u201enebude\u00a0<\/span><em><span dir=\"auto\">\u00fa\u010dastnit ani p\u0159isp\u00edvat do v\u00e1lky, kter\u00e1 byla zah\u00e1jena jednostrann\u011b a v rozporu s mezin\u00e1rodn\u00edm pr\u00e1vem\u201c,<\/span><\/em><span dir=\"auto\">\u00a0\u010d\u00edm\u017e zopakoval slova premi\u00e9ra Pedra S\u00e1ncheze, kter\u00fd ozna\u010dil americko-izraelskou kampa\u0148 za\u00a0<\/span><em><span dir=\"auto\">\u201enez\u00e1konnou, bezohlednou a nespravedlivou v\u00e1lku\u201c.<\/span><\/em><\/p>\n<p data-start=\"1598\" data-end=\"1927\"><span dir=\"auto\">P\u0159ibli\u017en\u011b 15 americk\u00fdch tankovac\u00edch letadel KC-135 bylo p\u0159em\u00edst\u011bno na z\u00e1kladny ve Francii a N\u011bmecku, informovala \u0161pan\u011blsk\u00e1 m\u00e9dia. Vzhledem k uzav\u0159en\u00ed \u0161pan\u011blsk\u00e9ho vzdu\u0161n\u00e9ho prostoru mus\u00ed nyn\u00ed bombard\u00e9ry B-52 a B-1 s dlouh\u00fdm doletem operuj\u00edc\u00ed z britsk\u00e9 leteck\u00e9 z\u00e1kladny Fairford l\u00e9tat na del\u0161\u00edch tras\u00e1ch, co\u017e sni\u017euje provozn\u00ed efektivitu a nut\u00ed ke kompromis\u016fm mezi palivem a u\u017eite\u010dn\u00fdm zat\u00ed\u017een\u00edm.<\/span><\/p>\n<p data-start=\"1934\" data-end=\"2183\"><span dir=\"auto\">Madridsk\u00e9 rozhodnut\u00ed, o kter\u00e9m jako prvn\u00ed informoval den\u00edk El Pais, je nejv\u00fdznamn\u011bj\u0161\u00edm ve\u0159ejn\u00fdm rozchodem v\u00fdznamn\u00e9ho z\u00e1padn\u00edho spojence s Washingtonem od invaze do Ir\u00e1ku v roce 2003, kdy \u0160pan\u011blsko povolilo USA vyu\u017e\u00edvat jeho \u00fazem\u00ed navzdory dom\u00e1c\u00edmu odporu, napsaly noviny.<\/span><\/p>\n<p data-start=\"2190\" data-end=\"2489\"><span dir=\"auto\">\u0160pan\u011blsko pat\u0159\u00ed mezi nejotev\u0159en\u011bj\u0161\u00ed zem\u011b EU, kter\u00e9 se stav\u00ed proti v\u00e1lce s \u00cdr\u00e1nem, st\u00e1hlo sv\u00e9ho velvyslance z Izraele a zhor\u0161ilo diplomatick\u00e9 vztahy. Sanchez opakovan\u011b nal\u00e9hal na ukon\u010den\u00ed nep\u0159\u00e1telsk\u00fdch akc\u00ed a minul\u00fd t\u00fdden varoval, \u017ee by to mohlo m\u00edt\u00a0<\/span><em><span dir=\"auto\">\u201emnohem hor\u0161\u00ed\u201c<\/span><\/em><span dir=\"auto\">\u00a0d\u016fsledky ne\u017e kampa\u0148 v Ir\u00e1ku.<\/span><\/p>\n<p data-start=\"2496\" data-end=\"2673\"><span dir=\"auto\">\u0160pan\u011blsk\u00fd vzdor vyvolal kritiku americk\u00e9ho prezidenta Donalda Trumpa, kter\u00fd pohrozil obchodn\u00edmi opat\u0159en\u00edmi a p\u0159ipomn\u011bl, \u017ee Madrid nesplnil c\u00edl NATO ohledn\u011b 5% v\u00fddaj\u016f na obranu.<\/span><\/p>\n<p data-start=\"2680\" data-end=\"3064\"><span dir=\"auto\">\u0160pan\u011blsko sice uzav\u00edr\u00e1 sv\u016fj vzdu\u0161n\u00fd prostor a z\u00e1kladny pro mise proti \u00cdr\u00e1nu, ale z\u00e1rove\u0148 prohla\u0161uje, \u017ee je i nad\u00e1le odhodl\u00e1no plnit sv\u00e9 \u0161ir\u0161\u00ed z\u00e1vazky v\u016f\u010di NATO a pokra\u010dovat ve spolupr\u00e1ci v r\u00e1mci vojensk\u00e9 aliance a EU v dal\u0161\u00edch bezpe\u010dnostn\u00edch ot\u00e1zk\u00e1ch. Americk\u00e1 vojensk\u00e1 letadla mohou i nad\u00e1le vyu\u017e\u00edvat \u0161pan\u011blsk\u00e1 za\u0159\u00edzen\u00ed v r\u00e1mci st\u00e1vaj\u00edc\u00edch dvoustrann\u00fdch dohod pro logistiku a podporu p\u0159ibli\u017en\u011b 80 000 americk\u00fdch voj\u00e1k\u016f um\u00edst\u011bn\u00fdch v Evrop\u011b.<\/span><\/p>\n<p data-start=\"2680\" data-end=\"3064\"><img decoding=\"async\" loading=\"lazy\" class=\"alignnone size-full wp-image-1185\" src=\"http:\/\/www.infokuryr.cz\/n\/wp-content\/uploads\/2021\/04\/kuryr-podpis.png\" alt=\"\" width=\"84\" height=\"24\" \/><\/p>\n<p data-start=\"2680\" data-end=\"3064\">\n","protected":false},"excerpt":{"rendered":"<p>\u0160pan\u011blsko zak\u00e1zalo americk\u00fdm bombard\u00e9r\u016fm vstup na sv\u00e9 nebe a z\u00e1kladny pot\u00e9, co kritizovalo bl\u00edzkov\u00fdchodn\u00ed kampa\u0148&#8230;<\/p>\n","protected":false},"author":2,"featured_media":103388,"comment_status":"closed","ping_status":"closed","sticky":false,"template":"","format":"standard","meta":[],"categories":[7],"tags":[457,39,440,37,3069],"_links":{"self":[{"href":"https:\/\/www.infokuryr.cz\/n\/wp-json\/wp\/v2\/posts\/103387"}],"collection":[{"href":"https:\/\/www.infokuryr.cz\/n\/wp-json\/wp\/v2\/posts"}],"about":[{"href":"https:\/\/www.infokuryr.cz\/n\/wp-json\/wp\/v2\/types\/post"}],"author":[{"embeddable":true,"href":"https:\/\/www.infokuryr.cz\/n\/wp-json\/wp\/v2\/users\/2"}],"replies":[{"embeddable":true,"href":"https:\/\/www.infokuryr.cz\/n\/wp-json\/wp\/v2\/comments?post=103387"}],"version-history":[{"count":0,"href":"https:\/\/www.infokuryr.cz\/n\/wp-json\/wp\/v2\/posts\/103387\/revisions"}],"wp:featuredmedia":[{"embeddable":true,"href":"https:\/\/www.infokuryr.cz\/n\/wp-json\/wp\/v2\/media\/103388"}],"wp:attachment":[{"href":"https:\/\/www.infokuryr.cz\/n\/wp-json\/wp\/v2\/media?parent=103387"}],"wp:term":[{"taxonomy":"category","embeddable":true,"href":"https:\/\/www.infokuryr.cz\/n\/wp-json\/wp\/v2\/categories?post=103387"},{"taxonomy":"post_tag","embeddable":true,"href":"https:\/\/www.infokuryr.cz\/n\/wp-json\/wp\/v2\/tags?post=103387"}],"curies":[{"name":"wp","href":"https:\/\/api.w.org\/{rel}","templated":true}]}}