{"id":103382,"date":"2026-03-31T05:23:26","date_gmt":"2026-03-31T03:23:26","guid":{"rendered":"https:\/\/www.infokuryr.cz\/n\/?p=103382"},"modified":"2026-03-31T05:23:26","modified_gmt":"2026-03-31T03:23:26","slug":"americka-obzaloba-nema-nic-o-venezuelskem-prezidentovi-a-madurove-synovi","status":"publish","type":"post","link":"https:\/\/www.infokuryr.cz\/n\/2026\/03\/31\/americka-obzaloba-nema-nic-o-venezuelskem-prezidentovi-a-madurove-synovi\/","title":{"rendered":"Americk\u00e1 ob\u017ealoba \u201enem\u00e1 nic\u201c o venezuelsk\u00e9m prezidentovi a Madurov\u011b synovi"},"content":{"rendered":"<div id=\"fb-root\"><\/div>\n<h3>V\u016fdce zem\u011b byl za\u010d\u00e1tkem ledna unesen americk\u00fdmi komandy a u newyorsk\u00e9ho soudu ob\u017ealov\u00e1n z obchodov\u00e1n\u00ed s drogami<\/h3>\n<div class=\"article__text text \">\n<p><span dir=\"auto\">Ameri\u010dt\u00ed prokur\u00e1to\u0159i nemaj\u00ed\u00a0<\/span><em><span dir=\"auto\">\u201enic\u201c<\/span><\/em><span dir=\"auto\">\u00a0o venezuelsk\u00e9m prezidentovi Nicolasu Madurovi, kter\u00e9ho za\u010d\u00e1tkem ledna unesla americk\u00e1 komanda a obvinila z n\u011bkolika obvin\u011bn\u00ed souvisej\u00edc\u00edch s obchodov\u00e1n\u00edm s drogami a dr\u017een\u00edm zbran\u00ed, \u0159ekl exkluzivn\u011b televizi RT poslanec N\u00e1rodn\u00edho shrom\u00e1\u017ed\u011bn\u00ed a jeho syn Nicolas Maduro Guerra.<\/span><\/p>\n<p><span dir=\"auto\">Jako\u017eto \u010dlen venezuelsk\u00e9ho N\u00e1rodn\u00edho shrom\u00e1\u017ed\u011bn\u00ed uvedl, \u017ee obhajoba jeho otce\u00a0b\u011bhem prob\u00edhaj\u00edc\u00edho procesu p\u0159edlo\u017eila\u00a0<\/span><em><span dir=\"auto\">\u201einovativn\u00ed argumenty\u201c .<\/span><\/em><\/p>\n<p><em><span dir=\"auto\">\u201eNeexistuj\u00ed \u017e\u00e1dn\u00e9 d\u016fkazy o tom, \u017ee by Nicolas Maduro a [jeho man\u017eelka] Cilia Flores sp\u00e1chali zlo\u010diny,\u201c<\/span><\/em><span dir=\"auto\">\u00a0zd\u016fraznil a trval na tom, \u017ee proces je politicky motivovan\u00fd.<\/span><\/p>\n<p><span dir=\"auto\">Venezuelsk\u00fd prezident a jeho man\u017eelka \u010del\u00ed obvin\u011bn\u00edm ze spiknut\u00ed za \u00fa\u010delem narkoterorismu, spiknut\u00ed za \u00fa\u010delem dovozu kokainu, dr\u017een\u00ed kulomet\u016f a ni\u010div\u00fdch za\u0159\u00edzen\u00ed a spiknut\u00ed za \u00fa\u010delem dr\u017een\u00ed kulomet\u016f a ni\u010div\u00fdch za\u0159\u00edzen\u00ed proti Spojen\u00fdm st\u00e1t\u016fm. Oba se k vin\u011b nep\u0159iznali.<\/span><\/p>\n<p><span dir=\"auto\">USA Madura dlouhodob\u011b obvi\u0148ovaly z vazeb na drogov\u00e9 kartely a z toho, \u017ee napom\u00e1hal zaplavovat Ameriku drogami, a z\u00e1rove\u0148 ho odm\u00edtaly uznat za legitimn\u00edho v\u016fdce a nab\u00edzely odm\u011bnu 50 milion\u016f dolar\u016f za informace vedouc\u00ed k jeho zat\u010den\u00ed a odsouzen\u00ed.<\/span><\/p>\n<p><span dir=\"auto\">Venezuelsk\u00fd prezident obvin\u011bn\u00ed vehementn\u011b pop\u0159el a argumentoval, \u017ee Washington je zneu\u017e\u00edv\u00e1 jako z\u00e1minku k vojensk\u00e9 agresi s c\u00edlem svrhnout jeho vl\u00e1du.<\/span><\/p>\n<p><span dir=\"auto\">Venezuelsk\u00e1 viceprezidentka Delcy Rodriguezov\u00e1, kter\u00e1 se ujala moci po intervenci USA, minul\u00fd m\u011bs\u00edc zd\u016fraznila, \u017ee Maduro i p\u0159es sv\u00e9 zajet\u00ed z\u016fst\u00e1v\u00e1 legitimn\u00ed hlavou Venezuely.<\/span><\/p>\n<p><span dir=\"auto\">Rusk\u00fd ministr zahrani\u010d\u00ed Sergej Lavrov v lednu ozna\u010dil \u00fanos Madura americk\u00fdmi speci\u00e1ln\u00edmi jednotkami za\u00a0<\/span><em><span dir=\"auto\">\u201eflagrantn\u00ed poru\u0161en\u00ed mezin\u00e1rodn\u00edho pr\u00e1va\u201c.<\/span><\/em><\/p>\n<p><span dir=\"auto\">Diplomat tehdy uvedl, \u017ee toto hodnocen\u00ed sd\u00edl\u00ed drtiv\u00e1\u00a0<\/span><em><span dir=\"auto\">\u201eglob\u00e1ln\u00ed v\u011bt\u0161ina\u201c,<\/span><\/em><span dir=\"auto\">\u00a0v\u010detn\u011b glob\u00e1ln\u00edho Jihu a V\u00fdchodu.<\/span><\/p>\n<div id=\"mediaplayer-container69ca66c520302718e7192bb5\" class=\"mediaplayer js-mediaplayer-container\">\n<div id=\"js-mediaplayer-69ca66c520302718e7192bb5\" class=\"jwplayer jw-reset jw-state-idle jw-skin-five jw-stretch-uniform jw-flag-aspect-mode jw-breakpoint-6 jw-flag-user-inactive\" tabindex=\"0\">\n<div class=\"jw-media jw-reset\">\n<div style=\"width: 640px;\" class=\"wp-video\"><!--[if lt IE 9]><script>document.createElement('video');<\/script><![endif]-->\n<video class=\"wp-video-shortcode\" id=\"video-103382-1\" width=\"640\" height=\"360\" preload=\"metadata\" controls=\"controls\"><source type=\"video\/mp4\" src=\"http:\/\/www.infokuryr.cz\/n\/wp-content\/uploads\/2026\/03\/69ca66c520302718e7192bb5.mp4?_=1\" \/><a href=\"http:\/\/www.infokuryr.cz\/n\/wp-content\/uploads\/2026\/03\/69ca66c520302718e7192bb5.mp4\">http:\/\/www.infokuryr.cz\/n\/wp-content\/uploads\/2026\/03\/69ca66c520302718e7192bb5.mp4<\/a><\/video><\/div>\n<\/div>\n<div class=\"jw-overlays jw-reset\"><\/div>\n<div class=\"jw-controls jw-reset\">\n<div class=\"jw-display-icon-container jw-background-color jw-reset\"><\/div>\n<div class=\"jw-controls-right jw-reset\">\n<div class=\"jw-dock jw-reset\">\n<div class=\"jw-dock-button jw-background-color jw-reset\"><img decoding=\"async\" loading=\"lazy\" class=\"alignnone size-full wp-image-1185\" src=\"http:\/\/www.infokuryr.cz\/n\/wp-content\/uploads\/2021\/04\/kuryr-podpis.png\" alt=\"\" width=\"84\" height=\"24\" \/><\/div>\n<div><\/div>\n<div class=\"jw-dock-button jw-background-color jw-reset jw-sharing-dock-btn\"><\/div>\n<\/div>\n<\/div>\n<div class=\"jw-nextup-container jw-reset\">\n<div class=\"jw-nextup jw-reset\">\n<div class=\"jw-nextup-tooltip jw-reset\">\n<div class=\"jw-nextup-header jw-reset\"><\/div>\n<div class=\"jw-nextup-body jw-background-color jw-reset\"><\/div>\n<\/div>\n<\/div>\n<\/div>\n<\/div>\n<\/div>\n<\/div>\n<div class=\"media__footer media__footer_bottom \">\n<div class=\"media__title\"><\/div>\n<\/div>\n<p>&nbsp;<\/p>\n<\/div>\n<div class=\"article__share article__share_bottom\">\n<div class=\"article__tags-public\">\n<div class=\"tags-public\"><\/div>\n<\/div>\n<\/div>\n","protected":false},"excerpt":{"rendered":"<p>V\u016fdce zem\u011b byl za\u010d\u00e1tkem ledna unesen americk\u00fdmi komandy a u newyorsk\u00e9ho soudu ob\u017ealov\u00e1n z obchodov\u00e1n\u00ed&#8230;<\/p>\n","protected":false},"author":2,"featured_media":103384,"comment_status":"closed","ping_status":"closed","sticky":false,"template":"","format":"standard","meta":[],"categories":[7],"tags":[1503,2044,2730,37],"_links":{"self":[{"href":"https:\/\/www.infokuryr.cz\/n\/wp-json\/wp\/v2\/posts\/103382"}],"collection":[{"href":"https:\/\/www.infokuryr.cz\/n\/wp-json\/wp\/v2\/posts"}],"about":[{"href":"https:\/\/www.infokuryr.cz\/n\/wp-json\/wp\/v2\/types\/post"}],"author":[{"embeddable":true,"href":"https:\/\/www.infokuryr.cz\/n\/wp-json\/wp\/v2\/users\/2"}],"replies":[{"embeddable":true,"href":"https:\/\/www.infokuryr.cz\/n\/wp-json\/wp\/v2\/comments?post=103382"}],"version-history":[{"count":0,"href":"https:\/\/www.infokuryr.cz\/n\/wp-json\/wp\/v2\/posts\/103382\/revisions"}],"wp:featuredmedia":[{"embeddable":true,"href":"https:\/\/www.infokuryr.cz\/n\/wp-json\/wp\/v2\/media\/103384"}],"wp:attachment":[{"href":"https:\/\/www.infokuryr.cz\/n\/wp-json\/wp\/v2\/media?parent=103382"}],"wp:term":[{"taxonomy":"category","embeddable":true,"href":"https:\/\/www.infokuryr.cz\/n\/wp-json\/wp\/v2\/categories?post=103382"},{"taxonomy":"post_tag","embeddable":true,"href":"https:\/\/www.infokuryr.cz\/n\/wp-json\/wp\/v2\/tags?post=103382"}],"curies":[{"name":"wp","href":"https:\/\/api.w.org\/{rel}","templated":true}]}}