{"id":103376,"date":"2026-03-31T05:09:45","date_gmt":"2026-03-31T03:09:45","guid":{"rendered":"https:\/\/www.infokuryr.cz\/n\/?p=103376"},"modified":"2026-03-31T05:09:45","modified_gmt":"2026-03-31T03:09:45","slug":"maskovani-zlodeji-ukradli-z-italskeho-muzea-obrazy-za-milion-dolaru","status":"publish","type":"post","link":"https:\/\/www.infokuryr.cz\/n\/2026\/03\/31\/maskovani-zlodeji-ukradli-z-italskeho-muzea-obrazy-za-milion-dolaru\/","title":{"rendered":"Maskovan\u00ed zlod\u011bji ukradli z italsk\u00e9ho muzea obrazy za milion dolar\u016f"},"content":{"rendered":"<div id=\"fb-root\"><\/div>\n<h3>Vet\u0159elci se vloupali do vily nadace Magnani Rocca a odnesli d\u00edla Renoira, C\u00e9zanna a Matisse<\/h3>\n<p><span dir=\"auto\">\u010cty\u0159i maskovan\u00ed zlod\u011bji ukradli za\u010d\u00e1tkem tohoto m\u011bs\u00edce z italsk\u00e9ho muzea n\u011bkolik cenn\u00fdch obraz\u016f, ozn\u00e1mily m\u00edstn\u00ed \u00fa\u0159ady.<\/span><\/p>\n<p><span dir=\"auto\">Mezi uko\u0159ist\u011bn\u00fdmi d\u00edly jsou \u201eRyba\u201c od Pierra-Augusta Renoira, \u201eOdaliska na terase\u201c od Henriho Matisse a \u201eZ\u00e1ti\u0161\u00ed s t\u0159e\u0161n\u011bmi\u201c od Paula C\u00e9zanna, p\u0159i\u010dem\u017e hodnota t\u011bchto d\u011bl se podle italsk\u00fdch m\u00e9di\u00ed odhaduje na zhruba 10 milion\u016f dolar\u016f.<\/span><\/p>\n<p><span dir=\"auto\">Italsk\u00e1 policie v pond\u011bl\u00ed uvedla, \u017ee vet\u0159elci se v noci 22. b\u0159ezna vynucovali do vily, v n\u00ed\u017e s\u00eddl\u00ed Nadace Magnani Rocca pobl\u00ed\u017e Parmy. Z\u00e1stupci muzea m\u00edstn\u00edm m\u00e9di\u00edm sd\u011blili, \u017ee loupe\u017e trvala m\u00e9n\u011b ne\u017e t\u0159i minuty a zd\u00e1lo se, \u017ee se jednalo o vysoce koordinovanou akci.<\/span><\/p>\n<p><span dir=\"auto\">Vy\u0161et\u0159ovatel\u00e9 se domn\u00edvaj\u00ed, \u017ee se skupina dostala na pozemek zadn\u00ed branou, pot\u00e9 vyp\u00e1\u010dila vstupn\u00ed dve\u0159e p\u00e1\u010didlem a kr\u00e1tce p\u0159ed p\u0159\u00edjezdem policist\u016f na m\u00edsto \u010dinu uprchla.<\/span><\/p>\n<p><span dir=\"auto\">Tato drz\u00e1 razie se p\u0159id\u00e1v\u00e1 k \u0159ad\u011b v\u00fdznamn\u00fdch kr\u00e1de\u017e\u00ed um\u011bleck\u00fdch d\u011bl po cel\u00e9 Evrop\u011b a zd\u016fraz\u0148uje p\u0159etrv\u00e1vaj\u00edc\u00ed zranitelnost muze\u00ed.<\/span><\/p>\n<p><span dir=\"auto\">Loni v \u0159\u00edjnu se muzeum Louvre v sousedn\u00ed Francii stalo ob\u011bt\u00ed odv\u00e1\u017en\u00e9 loupe\u017ee \u0161perk\u016f. \u010cty\u0159i maskovan\u00ed mu\u017ei ozbrojen\u00ed motorovou pilou vnikli do ikonick\u00e9ho pa\u0159\u00ed\u017esk\u00e9ho muzea a pomoc\u00ed je\u0159\u00e1bu se dostali do druh\u00e9ho patra. Dva z nich se n\u00e1sil\u00edm dostali do galerie Apollo, kde rozbili vitr\u00ednu a uprchli se \u0161perky v \u00fadajn\u00e9 hodnot\u011b 100 milion\u016f dolar\u016f. Kr\u00e1de\u017e si v m\u00edstn\u00edch m\u00e9di\u00edch rychle vyslou\u017eila p\u0159ezd\u00edvku\u00a0<\/span><em><span dir=\"auto\">\u201eloupe\u017e stolet\u00ed\u201c<\/span><\/em><span dir=\"auto\">\u00a0.<\/span><\/p>\n<p><span dir=\"auto\">Francouzsk\u00e1 policie do konce listopadu zatkla \u010dty\u0159i podez\u0159el\u00e9, a\u010dkoli ukraden\u00e9 \u0161perky se dosud nepoda\u0159ilo nal\u00e9zt.<\/span><\/p>\n<p><span dir=\"auto\">Po incidentu rezignoval \u0159editel Louvru Laurence des Cars a sv\u00e9 rozhodnut\u00ed ozna\u010dil za\u00a0<\/span><em><span dir=\"auto\">\u201eakt zodpov\u011bdnosti\u201c.<\/span><\/em><\/p>\n<p><span dir=\"auto\">Nov\u011b jmenovan\u00e1 ministryn\u011b kultury Catherine Pegardov\u00e1 v pond\u011bl\u00ed v rozhovoru pro France Inter uvedla, \u017ee pl\u00e1ny na rozs\u00e1hlou rekonstrukci muzea budou revidov\u00e1ny tak, aby kladly v\u011bt\u0161\u00ed d\u016fraz na bezpe\u010dnost.<\/span><\/p>\n<p><img decoding=\"async\" loading=\"lazy\" class=\"alignnone size-full wp-image-1185\" src=\"http:\/\/www.infokuryr.cz\/n\/wp-content\/uploads\/2021\/04\/kuryr-podpis.png\" alt=\"\" width=\"84\" height=\"24\" \/><\/p>\n<p>&nbsp;<\/p>\n","protected":false},"excerpt":{"rendered":"<p>Vet\u0159elci se vloupali do vily nadace Magnani Rocca a odnesli d\u00edla Renoira, C\u00e9zanna a Matisse&#8230;<\/p>\n","protected":false},"author":2,"featured_media":103377,"comment_status":"closed","ping_status":"closed","sticky":false,"template":"","format":"standard","meta":[],"categories":[7],"tags":[191,959,2139],"_links":{"self":[{"href":"https:\/\/www.infokuryr.cz\/n\/wp-json\/wp\/v2\/posts\/103376"}],"collection":[{"href":"https:\/\/www.infokuryr.cz\/n\/wp-json\/wp\/v2\/posts"}],"about":[{"href":"https:\/\/www.infokuryr.cz\/n\/wp-json\/wp\/v2\/types\/post"}],"author":[{"embeddable":true,"href":"https:\/\/www.infokuryr.cz\/n\/wp-json\/wp\/v2\/users\/2"}],"replies":[{"embeddable":true,"href":"https:\/\/www.infokuryr.cz\/n\/wp-json\/wp\/v2\/comments?post=103376"}],"version-history":[{"count":0,"href":"https:\/\/www.infokuryr.cz\/n\/wp-json\/wp\/v2\/posts\/103376\/revisions"}],"wp:featuredmedia":[{"embeddable":true,"href":"https:\/\/www.infokuryr.cz\/n\/wp-json\/wp\/v2\/media\/103377"}],"wp:attachment":[{"href":"https:\/\/www.infokuryr.cz\/n\/wp-json\/wp\/v2\/media?parent=103376"}],"wp:term":[{"taxonomy":"category","embeddable":true,"href":"https:\/\/www.infokuryr.cz\/n\/wp-json\/wp\/v2\/categories?post=103376"},{"taxonomy":"post_tag","embeddable":true,"href":"https:\/\/www.infokuryr.cz\/n\/wp-json\/wp\/v2\/tags?post=103376"}],"curies":[{"name":"wp","href":"https:\/\/api.w.org\/{rel}","templated":true}]}}