{"id":103357,"date":"2026-03-31T00:28:56","date_gmt":"2026-03-30T22:28:56","guid":{"rendered":"https:\/\/www.infokuryr.cz\/n\/?p=103357"},"modified":"2026-03-30T17:01:44","modified_gmt":"2026-03-30T15:01:44","slug":"pentagon-ocekava-ze-pozemni-operace-v-iranu-budou-trvat-nekolik-tydnu-zatimco-irgc-hrozi-odvetnymi-udery-proti-univerzitam","status":"publish","type":"post","link":"https:\/\/www.infokuryr.cz\/n\/2026\/03\/31\/pentagon-ocekava-ze-pozemni-operace-v-iranu-budou-trvat-nekolik-tydnu-zatimco-irgc-hrozi-odvetnymi-udery-proti-univerzitam\/","title":{"rendered":"Pentagon o\u010dek\u00e1v\u00e1, \u017ee pozemn\u00ed operace v \u00cdr\u00e1nu budou trvat \u201en\u011bkolik t\u00fddn\u016f\u201c, zat\u00edmco IRGC hroz\u00ed odvetn\u00fdmi \u00fadery proti univerzit\u00e1m"},"content":{"rendered":"<div id=\"fb-root\"><\/div>\n<div class=\"elementor-element elementor-element-1fb4c2c elementor-widget elementor-widget-theme-post-content\" data-id=\"1fb4c2c\" data-element_type=\"widget\" data-e-type=\"widget\" data-widget_type=\"theme-post-content.default\">\n<div class=\"elementor-widget-container\">\n<h2 class=\"has-medium-font-size\"><strong><span dir=\"auto\">Shrnut\u00ed<\/span><\/strong><\/h2>\n<ul>\n<li><strong><em><span dir=\"auto\">Podle zpr\u00e1v Pentagon p\u0159ipravuje pozemn\u00ed operace ji\u017e t\u00fddny,<\/span><\/em><\/strong><em><span dir=\"auto\">\u00a0proto\u017ee do regionu (WaPo) doraz\u00ed prvn\u00ed mari\u0148\u00e1ci.<\/span><\/em><\/li>\n<li><strong><em><span dir=\"auto\">Minist\u0159i zahrani\u010d\u00ed zem\u00ed regionu, kter\u00e9 usiluj\u00ed o m\u00edr a \u0159e\u0161en\u00ed situace,<\/span><\/em><\/strong><em><span dir=\"auto\">\u00a0se v ned\u011bli sejdou v P\u00e1kist\u00e1nu.<\/span><\/em><\/li>\n<li><strong><em><span dir=\"auto\">Po \u00fatoc\u00edch na dva \u00edr\u00e1nsk\u00e9 univerzitn\u00ed kampusy varuje IRGC p\u0159ed \u00fatoky na americk\u00e9 univerzitn\u00ed kampusy na Bl\u00edzk\u00e9m v\u00fdchod\u011b<\/span><\/em><\/strong><em><span dir=\"auto\">\u00a0.<\/span><\/em><\/li>\n<li><strong><em><span dir=\"auto\">Nejen \u201epo\u0161kozen\u00fd\u201c, ale kompletn\u011b zni\u010den\u00fd:<\/span><\/em><\/strong><em><span dir=\"auto\">\u00a0Fotografie ukazuj\u00ed zni\u010den\u00fd americk\u00fd letoun AWACS na sa\u00fadskoarabsk\u00e9 leteck\u00e9 z\u00e1kladn\u011b.<\/span><\/em><\/li>\n<\/ul>\n<p><span dir=\"auto\">***<\/span><\/p>\n<h2 class=\"wp-block-heading\"><span dir=\"auto\">P\u0159ipravuj\u00ed se pozemn\u00ed operace trvaj\u00edc\u00ed \u201et\u00fddny\u201c: WaPo<\/span><\/h2>\n<p><span dir=\"auto\">P\u0159edseda \u00edr\u00e1nsk\u00e9ho parlamentu Mohammad Bagher Ghalibaf, o kter\u00e9m se mnoz\u00ed domn\u00edvaj\u00ed, \u017ee de facto vl\u00e1dne zemi b\u011bhem v\u00e1lky, prohl\u00e1sil\u00a0<\/span><strong><span dir=\"auto\">, \u017ee Spojen\u00e9 st\u00e1ty se i p\u0159es ve\u0159ejn\u00e9 diplomatick\u00e9 \u00fasil\u00ed o dosa\u017een\u00ed p\u0159\u00edm\u011b\u0159\u00ed st\u00e1le usilovn\u011b sna\u017e\u00ed o pl\u00e1nov\u00e1n\u00ed pozemn\u00edho \u00fatoku<\/span><\/strong><span dir=\"auto\">\u00a0.<\/span><\/p>\n<p><span dir=\"auto\">Ned\u00e1vn\u00e9 zpr\u00e1vy v\u00a0<\/span><em><span dir=\"auto\">den\u00edku The Washington Post<\/span><\/em><span dir=\"auto\">\u00a0nazna\u010duj\u00ed, \u017ee by mohl m\u00edt pravdu: \u201ePentagon\u00a0<\/span><strong><span dir=\"auto\">se p\u0159ipravuje na t\u00fddny pozemn\u00edch operac\u00ed v \u00cdr\u00e1nu, uvedli ameri\u010dt\u00ed p\u0159edstavitel\u00e9, proto\u017ee na Bl\u00edzk\u00fd v\u00fdchod doraz\u00ed tis\u00edce americk\u00fdch voj\u00e1k\u016f a mari\u0148\u00e1k\u016f \u2013 na potenci\u00e1ln\u011b nebezpe\u010dnou novou f\u00e1zi<\/span><\/strong><span dir=\"auto\">\u00a0v\u00e1lky, pokud by se prezident Donald Trump rozhodl eskalaci,\u201c uv\u00e1d\u00ed se ve zpr\u00e1v\u011b ze sobotn\u00edho ve\u010dera. Washington Post d\u00e1le uv\u00e1d\u00ed, \u017ee pl\u00e1ny se vyv\u00edjej\u00ed nejm\u00e9n\u011b t\u00fddny, a p\u00ed\u0161e: \u201eJak\u00e1koli potenci\u00e1ln\u00ed pozemn\u00ed operace by se nejednala o invazi v pln\u00e9m rozsahu a m\u00edsto toho by mohla zahrnovat n\u00e1jezdy kombinace speci\u00e1ln\u00edch sil a konven\u010dn\u00edch p\u011bchotn\u00edch jednotek, uvedli p\u0159edstavitel\u00e9. V\u0161ichni hovo\u0159ili pod podm\u00ednkou anonymity, aby diskutovali o vysoce citliv\u00fdch vojensk\u00fdch pl\u00e1nech, kter\u00e9 se vyv\u00edjej\u00ed ji\u017e t\u00fddny.\u201c<\/span><\/p>\n<figure class=\"wp-block-image aligncenter size-large\"><img decoding=\"async\" loading=\"lazy\" class=\"aligncenter\" src=\"https:\/\/www.zerohedge.com\/_next\/image?url=https%3A%2F%2Fassets.zerohedge.com%2Fs3fs-public%2Finline-images%2Firanianclassroom.jpg&amp;w=1080&amp;q=75\" alt=\"\" width=\"727\" height=\"545\" \/><\/figure>\n<p><span dir=\"auto\">V\u0161em by m\u011blo b\u00fdt jasn\u00e9, jak extr\u00e9mn\u011b riskantn\u00ed by to byl podnik, a geografick\u00e9 okolnosti rozhodn\u011b nep\u0159ej\u00ed americk\u00e9 arm\u00e1d\u011b. Zpr\u00e1va pokra\u010duje: \u201eTakov\u00e1 mise by mohla vystavit americk\u00fd person\u00e1l \u0159ad\u011b hrozeb, v\u010detn\u011b \u00edr\u00e1nsk\u00fdch dron\u016f a raket, pozemn\u00edch \u00fatok\u016f a improvizovan\u00fdch v\u00fdbu\u0161n\u00fdch za\u0159\u00edzen\u00ed. V sobotu nebylo jasn\u00e9, zda Trump schv\u00e1l\u00ed v\u0161echny, n\u011bkter\u00e9 nebo \u017e\u00e1dn\u00e9 pl\u00e1ny Pentagonu.\u201c<\/span><\/p>\n<h2 class=\"wp-block-heading\"><span dir=\"auto\">Hled\u00e1n\u00ed cesty ven: Vrcholov\u00fd sch\u016fzka v Isl\u00e1m\u00e1b\u00e1du<\/span><\/h2>\n<p><span dir=\"auto\">N\u011bkolik zem\u00ed v regionu se setk\u00e1v\u00e1 v Isl\u00e1m\u00e1b\u00e1du, aby nalezly cestu k p\u0159\u00edm\u011b\u0159\u00ed a m\u00edru. \u010cty\u0159i minist\u0159i zahrani\u010d\u00ed, zastupuj\u00edc\u00ed\u00a0<\/span><strong><span dir=\"auto\">P\u00e1kist\u00e1n, Turecko, Egypt a Sa\u00fadskou Ar\u00e1bii<\/span><\/strong><span dir=\"auto\">\u00a0, zah\u00e1jili konzultace v ned\u011bli.<\/span><\/p>\n<p><span dir=\"auto\">P\u00e1kist\u00e1nsk\u00e1 vl\u00e1da o v\u00edkendu ozn\u00e1mila, \u017ee premi\u00e9r Muhammad \u0160ehb\u00e1z \u0160ar\u00edf pracuje na vytvo\u0159en\u00ed \u201ep\u0159\u00edzniv\u00e9ho prost\u0159ed\u00ed\u201c pro m\u00edrov\u00e1 jedn\u00e1n\u00ed a p\u0159\u00edm\u00e9 rozhovory mezi Teher\u00e1nem a Washingtonem, a to i po\u00a0<\/span><strong><span dir=\"auto\">m\u011bs\u00edci trv\u00e1n\u00ed v\u00e1lky<\/span><\/strong><span dir=\"auto\">\u00a0. \u00cdr\u00e1nsk\u00fd prezident Mas\u00fad Peze\u0161kijan je v r\u00e1mci komunikace s P\u00e1kist\u00e1nem pr\u016fb\u011b\u017en\u011b informov\u00e1n o v\u00fdvoji situace. Existuj\u00ed n\u011bjak\u00e9 zn\u00e1mky pokroku?<\/span><\/p>\n<p><strong><em><span dir=\"auto\">\u00cdr\u00e1n souhlasil s t\u00edm, \u017ee<\/span><\/em><\/strong><em><span dir=\"auto\">\u00a0umo\u017en\u00ed 20 lod\u00edm pluj\u00edc\u00edm pod p\u00e1kist\u00e1nskou vlajkou bez \u00fahony proplout Hormuzsk\u00fdm pr\u016flivem, ozn\u00e1mil v sobotu ministr zahrani\u010d\u00ed Ish\u00e1k Dar.<\/span><\/em><\/p>\n<div class=\"twitter-tweet twitter-tweet-rendered\"><iframe id=\"twitter-widget-0\" class=\"\" title=\"X Post\" src=\"https:\/\/platform.twitter.com\/embed\/Tweet.html?dnt=false&amp;embedId=twitter-widget-0&amp;features=eyJ0ZndfdGltZWxpbmVfbGlzdCI6eyJidWNrZXQiOltdLCJ2ZXJzaW9uIjpudWxsfSwidGZ3X2ZvbGxvd2VyX2NvdW50X3N1bnNldCI6eyJidWNrZXQiOnRydWUsInZlcnNpb24iOm51bGx9LCJ0ZndfdHdlZXRfZWRpdF9iYWNrZW5kIjp7ImJ1Y2tldCI6Im9uIiwidmVyc2lvbiI6bnVsbH0sInRmd19yZWZzcmNfc2Vzc2lvbiI6eyJidWNrZXQiOiJvbiIsInZlcnNpb24iOm51bGx9LCJ0ZndfZm9zbnJfc29mdF9pbnRlcnZlbnRpb25zX2VuYWJsZWQiOnsiYnVja2V0Ijoib24iLCJ2ZXJzaW9uIjpudWxsfSwidGZ3X21peGVkX21lZGlhXzE1ODk3Ijp7ImJ1Y2tldCI6InRyZWF0bWVudCIsInZlcnNpb24iOm51bGx9LCJ0ZndfZXhwZXJpbWVudHNfY29va2llX2V4cGlyYXRpb24iOnsiYnVja2V0IjoxMjA5NjAwLCJ2ZXJzaW9uIjpudWxsfSwidGZ3X3Nob3dfYmlyZHdhdGNoX3Bpdm90c19lbmFibGVkIjp7ImJ1Y2tldCI6Im9uIiwidmVyc2lvbiI6bnVsbH0sInRmd19kdXBsaWNhdGVfc2NyaWJlc190b19zZXR0aW5ncyI6eyJidWNrZXQiOiJvbiIsInZlcnNpb24iOm51bGx9LCJ0ZndfdXNlX3Byb2ZpbGVfaW1hZ2Vfc2hhcGVfZW5hYmxlZCI6eyJidWNrZXQiOiJvbiIsInZlcnNpb24iOm51bGx9LCJ0ZndfdmlkZW9faGxzX2R5bmFtaWNfbWFuaWZlc3RzXzE1MDgyIjp7ImJ1Y2tldCI6InRydWVfYml0cmF0ZSIsInZlcnNpb24iOm51bGx9LCJ0ZndfbGVnYWN5X3RpbWVsaW5lX3N1bnNldCI6eyJidWNrZXQiOnRydWUsInZlcnNpb24iOm51bGx9LCJ0ZndfdHdlZXRfZWRpdF9mcm9udGVuZCI6eyJidWNrZXQiOiJvbiIsInZlcnNpb24iOm51bGx9fQ%3D%3D&amp;frame=false&amp;hideCard=false&amp;hideThread=false&amp;id=2038130725547872418&amp;lang=cs&amp;origin=https%3A%2F%2Funcutnews.ch%2Fdas-pentagon-rechnet-mit-mehrwoechigen-bodenoperationen-im-iran-waehrend-die-irgc-mit-vergeltungsschlaegen-gegen-universitaeten-droht%2F&amp;sessionId=8a8a25ea0b85c28a40c2c4fafa233fb194a2ba43&amp;theme=light&amp;widgetsVersion=2615f7e52b7e0%3A1702314776716&amp;width=550px\" frameborder=\"0\" scrolling=\"no\" allowfullscreen=\"allowfullscreen\" data-tweet-id=\"2038130725547872418\" data-mce-fragment=\"1\"><\/iframe><\/div>\n<p><em><strong><span dir=\"auto\">P\u0159eklad \u201eX\u201c<\/span><\/strong><span dir=\"auto\">\u00a0: Ropn\u00fd tanker p\u0159epravuj\u00edc\u00ed sa\u00fadskoarabskou ropu do P\u00e1kist\u00e1nu.<\/span><\/em><\/p>\n<p><span dir=\"auto\">Pezeshkian v sobotu v telefon\u00e1tu premi\u00e9rovi \u0160ar\u00edfovi \u0159ekl, \u017ee \u201e\u00fatoky na infrastrukturu a atent\u00e1ty ze strany agresor\u016f ukazuj\u00ed, \u017ee jim nelze v\u011b\u0159it\u201c.<\/span><\/p>\n<p><span dir=\"auto\">Ohledn\u011b ned\u011bln\u00edho summitu v P\u00e1kist\u00e1nu vyvst\u00e1v\u00e1 ot\u00e1zka:\u00a0<\/span><strong><span dir=\"auto\">Kde jsou ameri\u010dt\u00ed vyjednava\u010di?<\/span><\/strong><span dir=\"auto\">\u00a0P\u0159ed p\u00e1r dny se objevily zv\u011bsti, \u017ee by v P\u00e1kist\u00e1nu mohl pracovat v z\u00e1kulis\u00ed viceprezident J. D. Vance, p\u0159\u00edpadn\u011b Witkoff \u010di Kushner, ale nen\u00ed jasn\u00e9, jak\u00fd je sou\u010dasn\u00fd diplomatick\u00fd postoj Washingtonu.<\/span><\/p>\n<div class=\"twitter-tweet twitter-tweet-rendered\"><iframe id=\"twitter-widget-1\" class=\"\" title=\"X Post\" src=\"https:\/\/platform.twitter.com\/embed\/Tweet.html?dnt=false&amp;embedId=twitter-widget-1&amp;features=eyJ0ZndfdGltZWxpbmVfbGlzdCI6eyJidWNrZXQiOltdLCJ2ZXJzaW9uIjpudWxsfSwidGZ3X2ZvbGxvd2VyX2NvdW50X3N1bnNldCI6eyJidWNrZXQiOnRydWUsInZlcnNpb24iOm51bGx9LCJ0ZndfdHdlZXRfZWRpdF9iYWNrZW5kIjp7ImJ1Y2tldCI6Im9uIiwidmVyc2lvbiI6bnVsbH0sInRmd19yZWZzcmNfc2Vzc2lvbiI6eyJidWNrZXQiOiJvbiIsInZlcnNpb24iOm51bGx9LCJ0ZndfZm9zbnJfc29mdF9pbnRlcnZlbnRpb25zX2VuYWJsZWQiOnsiYnVja2V0Ijoib24iLCJ2ZXJzaW9uIjpudWxsfSwidGZ3X21peGVkX21lZGlhXzE1ODk3Ijp7ImJ1Y2tldCI6InRyZWF0bWVudCIsInZlcnNpb24iOm51bGx9LCJ0ZndfZXhwZXJpbWVudHNfY29va2llX2V4cGlyYXRpb24iOnsiYnVja2V0IjoxMjA5NjAwLCJ2ZXJzaW9uIjpudWxsfSwidGZ3X3Nob3dfYmlyZHdhdGNoX3Bpdm90c19lbmFibGVkIjp7ImJ1Y2tldCI6Im9uIiwidmVyc2lvbiI6bnVsbH0sInRmd19kdXBsaWNhdGVfc2NyaWJlc190b19zZXR0aW5ncyI6eyJidWNrZXQiOiJvbiIsInZlcnNpb24iOm51bGx9LCJ0ZndfdXNlX3Byb2ZpbGVfaW1hZ2Vfc2hhcGVfZW5hYmxlZCI6eyJidWNrZXQiOiJvbiIsInZlcnNpb24iOm51bGx9LCJ0ZndfdmlkZW9faGxzX2R5bmFtaWNfbWFuaWZlc3RzXzE1MDgyIjp7ImJ1Y2tldCI6InRydWVfYml0cmF0ZSIsInZlcnNpb24iOm51bGx9LCJ0ZndfbGVnYWN5X3RpbWVsaW5lX3N1bnNldCI6eyJidWNrZXQiOnRydWUsInZlcnNpb24iOm51bGx9LCJ0ZndfdHdlZXRfZWRpdF9mcm9udGVuZCI6eyJidWNrZXQiOiJvbiIsInZlcnNpb24iOm51bGx9fQ%3D%3D&amp;frame=false&amp;hideCard=false&amp;hideThread=false&amp;id=2038231270015058067&amp;lang=cs&amp;origin=https%3A%2F%2Funcutnews.ch%2Fdas-pentagon-rechnet-mit-mehrwoechigen-bodenoperationen-im-iran-waehrend-die-irgc-mit-vergeltungsschlaegen-gegen-universitaeten-droht%2F&amp;sessionId=8a8a25ea0b85c28a40c2c4fafa233fb194a2ba43&amp;theme=light&amp;widgetsVersion=2615f7e52b7e0%3A1702314776716&amp;width=550px\" frameborder=\"0\" scrolling=\"no\" allowfullscreen=\"allowfullscreen\" data-tweet-id=\"2038231270015058067\" data-mce-fragment=\"1\"><\/iframe><\/div>\n<p><em><strong><span dir=\"auto\">P\u0159eklad \u201eX\u201c<\/span><\/strong><span dir=\"auto\">\u00a0: Konzultace mezi ministry zahrani\u010d\u00ed P\u00e1kist\u00e1nu, Sa\u00fadsk\u00e9 Ar\u00e1bie, Turecka a Egypta za\u010daly 29. b\u0159ezna 2026 v Isl\u00e1m\u00e1b\u00e1du. Na pozv\u00e1n\u00ed m\u00edstop\u0159edsedy vl\u00e1dy a ministra zahrani\u010d\u00ed sen\u00e1tora Mohammada Ishaqa Dara @MIshaqDar50 budou minist\u0159i zahrani\u010d\u00ed b\u011bhem konzultac\u00ed diskutovat o v\u00fdvoji situace v regionu a zab\u00fdvat se ot\u00e1zkami spole\u010dn\u00e9ho z\u00e1jmu.<\/span><\/em><\/p>\n<h2 class=\"wp-block-heading has-medium-font-size\"><strong><span dir=\"auto\">\u00datoky na univerzity a infrastrukturu<\/span><\/strong><\/h2>\n<p><span dir=\"auto\">V posledn\u00edch 48 hodin\u00e1ch se \u00edr\u00e1nsk\u00e1 Univerzita v\u011bdy a techniky na severov\u00fdchod\u011b hlavn\u00edho m\u011bsta stala ter\u010dem nov\u00fdch \u00fatok\u016f ze strany USA a Izraele. Budovy byly v\u00e1\u017en\u011b po\u0161kozeny, ale nejsou hl\u00e1\u0161eny \u017e\u00e1dn\u00e9 ob\u011bti.<\/span><\/p>\n<p><span dir=\"auto\">Izrael dal jasn\u011b najevo, \u017ee c\u00edl\u00ed na \u0159adu c\u00edl\u016f, v\u010detn\u011b civiln\u00ed infrastruktury v \u00cdr\u00e1nu. \u00cdr\u00e1n o v\u00edkendu reagoval odvetn\u00fdmi \u00fatoky a na Izrael vyp\u00e1lil dal\u0161\u00ed rakety. \u00cdr\u00e1nsk\u00e9 isl\u00e1msk\u00e9 revolu\u010dn\u00ed gardy (IRGC)\u00a0<\/span><strong><span dir=\"auto\">nyn\u00ed varuj\u00ed, \u017ee americk\u00e9 univerzitn\u00ed kampusy na Bl\u00edzk\u00e9m v\u00fdchod\u011b jsou volnou ko\u0159ist\u00ed . V prohl\u00e1\u0161en\u00ed se uv\u00e1d\u00ed, \u017ee je to proto, \u017ee byly napadeny dv\u011b \u00edr\u00e1nsk\u00e9 univerzity. Podle agentury\u00a0<\/span><\/strong><em><span dir=\"auto\">Fars<\/span><\/em><span dir=\"auto\">\u00a0IRGC prohl\u00e1sily americk\u00e9 univerzity za \u201elegitimn\u00ed c\u00edle\u201c, pokud USA do pond\u011bln\u00edho poledne \u00fatoky na \u00edr\u00e1nsk\u00e9 instituce ofici\u00e1ln\u011b neodsoud\u00ed\u00a0.<\/span><\/p>\n<p><em><span dir=\"auto\">Eskalace odvetn\u00fdch \u00fatok\u016f na infrastrukturu:<\/span><\/em><\/p>\n<div class=\"twitter-tweet twitter-tweet-rendered\"><iframe id=\"twitter-widget-2\" class=\"\" title=\"X Post\" src=\"https:\/\/platform.twitter.com\/embed\/Tweet.html?dnt=false&amp;embedId=twitter-widget-2&amp;features=eyJ0ZndfdGltZWxpbmVfbGlzdCI6eyJidWNrZXQiOltdLCJ2ZXJzaW9uIjpudWxsfSwidGZ3X2ZvbGxvd2VyX2NvdW50X3N1bnNldCI6eyJidWNrZXQiOnRydWUsInZlcnNpb24iOm51bGx9LCJ0ZndfdHdlZXRfZWRpdF9iYWNrZW5kIjp7ImJ1Y2tldCI6Im9uIiwidmVyc2lvbiI6bnVsbH0sInRmd19yZWZzcmNfc2Vzc2lvbiI6eyJidWNrZXQiOiJvbiIsInZlcnNpb24iOm51bGx9LCJ0ZndfZm9zbnJfc29mdF9pbnRlcnZlbnRpb25zX2VuYWJsZWQiOnsiYnVja2V0Ijoib24iLCJ2ZXJzaW9uIjpudWxsfSwidGZ3X21peGVkX21lZGlhXzE1ODk3Ijp7ImJ1Y2tldCI6InRyZWF0bWVudCIsInZlcnNpb24iOm51bGx9LCJ0ZndfZXhwZXJpbWVudHNfY29va2llX2V4cGlyYXRpb24iOnsiYnVja2V0IjoxMjA5NjAwLCJ2ZXJzaW9uIjpudWxsfSwidGZ3X3Nob3dfYmlyZHdhdGNoX3Bpdm90c19lbmFibGVkIjp7ImJ1Y2tldCI6Im9uIiwidmVyc2lvbiI6bnVsbH0sInRmd19kdXBsaWNhdGVfc2NyaWJlc190b19zZXR0aW5ncyI6eyJidWNrZXQiOiJvbiIsInZlcnNpb24iOm51bGx9LCJ0ZndfdXNlX3Byb2ZpbGVfaW1hZ2Vfc2hhcGVfZW5hYmxlZCI6eyJidWNrZXQiOiJvbiIsInZlcnNpb24iOm51bGx9LCJ0ZndfdmlkZW9faGxzX2R5bmFtaWNfbWFuaWZlc3RzXzE1MDgyIjp7ImJ1Y2tldCI6InRydWVfYml0cmF0ZSIsInZlcnNpb24iOm51bGx9LCJ0ZndfbGVnYWN5X3RpbWVsaW5lX3N1bnNldCI6eyJidWNrZXQiOnRydWUsInZlcnNpb24iOm51bGx9LCJ0ZndfdHdlZXRfZWRpdF9mcm9udGVuZCI6eyJidWNrZXQiOiJvbiIsInZlcnNpb24iOm51bGx9fQ%3D%3D&amp;frame=false&amp;hideCard=false&amp;hideThread=false&amp;id=2038238777957630331&amp;lang=cs&amp;origin=https%3A%2F%2Funcutnews.ch%2Fdas-pentagon-rechnet-mit-mehrwoechigen-bodenoperationen-im-iran-waehrend-die-irgc-mit-vergeltungsschlaegen-gegen-universitaeten-droht%2F&amp;sessionId=8a8a25ea0b85c28a40c2c4fafa233fb194a2ba43&amp;theme=light&amp;widgetsVersion=2615f7e52b7e0%3A1702314776716&amp;width=550px\" frameborder=\"0\" scrolling=\"no\" allowfullscreen=\"allowfullscreen\" data-tweet-id=\"2038238777957630331\" data-mce-fragment=\"1\"><\/iframe><\/div>\n<p><em><strong><span dir=\"auto\">P\u0159eklad \u201eX\u201c<\/span><\/strong><span dir=\"auto\">\u00a0: HLAVN\u00cd ZPR\u00c1VA: \u00cdr\u00e1nsk\u00e1 raketa pr\u00e1v\u011b zas\u00e1hla d\u016fle\u017eitou izraelskou chemickou tov\u00e1rnu Rotem. Tov\u00e1rna vyr\u00e1b\u00ed saf\u00edrov\u00e9 kopule pro obrann\u00e9 rakety a tak\u00e9 podporuje izraelsk\u00fd jadern\u00fd program.<\/span><\/em><\/p>\n<p><span dir=\"auto\">IRGC dokonce vydala prohl\u00e1\u0161en\u00ed, v n\u011bm\u017e nal\u00e9hav\u011b\u00a0<\/span><a href=\"https:\/\/x.com\/IRTruePromise\/status\/2038017446192271719?ref_src=twsrc%5Etfw%7Ctwcamp%5Etweetembed%7Ctwterm%5E2038017446192271719%7Ctwgr%5Ed2bd393de1e56706aaafebd4c128e172949630ef%7Ctwcon%5Es1_&amp;ref_url=https%3A%2F%2Ftribune.com.pk%2Fstory%2F2599923%2Firan-warns-of-strikes-on-us-linked-universities-in-region-after-campus-bombings\"><span dir=\"auto\">vyz\u00fdv\u00e1<\/span><\/a><span dir=\"auto\">\u00a0zam\u011bstnance, fakultu a studenty, aby tyto kampusy opustili a dr\u017eeli se od nich d\u00e1l. Mezi prominentn\u00ed pobo\u010dky americk\u00fdch univerzit v Persk\u00e9m z\u00e1livu (z des\u00edtek) pat\u0159\u00ed Texas A&amp;M University v Kataru a Newyorsk\u00e1 univerzita ve Spojen\u00fdch arabsk\u00fdch emir\u00e1tech.<\/span><\/p>\n<h2 class=\"wp-block-heading has-medium-font-size\"><strong><span dir=\"auto\">Nejen \u201epo\u0161kozen\u00fd\u201c, ale zcela zni\u010den\u00fd: Sn\u00edmky americk\u00e9ho letounu AWACS na sa\u00fadskoarabsk\u00e9 leteck\u00e9 z\u00e1kladn\u011b<\/span><\/strong><\/h2>\n<p><span dir=\"auto\">Objevily se sn\u00edmky, kter\u00e9 ukazuj\u00ed, \u017ee\u00a0<\/span><strong><span dir=\"auto\">p\u016fvodn\u00ed zpr\u00e1va\u00a0<\/span><em><span dir=\"auto\">Wall Street Journalu<\/span><\/em><span dir=\"auto\">\u00a0o tom, \u017ee letadlo v hodnot\u011b 500 milion\u016f dolar\u016f bylo pouze \u201epo\u0161kozeno\u201c, byla hrub\u00fdm podcen\u011bn\u00edm.<\/span><\/strong><span dir=\"auto\">\u00a0Velk\u00e1 \u010d\u00e1st trupu je zni\u010dena, stejn\u011b jako charakteristick\u00fd rotuj\u00edc\u00ed radarov\u00fd kryt o pr\u016fm\u011bru 9 metr\u016f a tlou\u0161\u0165ce 1,8 metru, kter\u00fd je namontov\u00e1n na letounech AWACS. Na s\u00e9rii fotografi\u00ed jsme se pod\u00edvali bl\u00ed\u017ee\u00a0<\/span><a href=\"https:\/\/www.zerohedge.com\/geopolitical\/incredibly-problematic-iran-destroys-us-awacs-jet-saudi-airbase\" target=\"_blank\" rel=\"noreferrer noopener\"><span dir=\"auto\">zde<\/span><\/a><span dir=\"auto\">\u00a0.<\/span><\/p>\n<p><span dir=\"auto\">Sn\u00edmky zni\u010den\u00e9ho letounu E-3 Sentry byly poprv\u00e9 zve\u0159ejn\u011bny na facebookov\u00e9 str\u00e1nce\u00a0<\/span><a href=\"https:\/\/www.facebook.com\/AFamnncosnco\/posts\/pfbid0EyRd1yEBdwj6m1VCqMVQ8M851p34C7pxSXzCZtuNrTVSTjfxprAeUuj6GLDT5896l\" target=\"_blank\" rel=\"noreferrer noopener\"><em><span dir=\"auto\">Air Force amn\/nco\/snco<\/span><\/em><\/a><span dir=\"auto\">\u00a0:<\/span><\/p>\n<figure class=\"wp-block-image aligncenter size-large\"><img decoding=\"async\" loading=\"lazy\" class=\"aligncenter\" src=\"https:\/\/www.zerohedge.com\/_next\/image?url=https%3A%2F%2Fassets.zerohedge.com%2Fs3fs-public%2Finline-images%2Fawaksloss.jpg&amp;w=1080&amp;q=75\" alt=\"\" width=\"755\" height=\"548\" \/><\/figure>\n<p><span dir=\"auto\">\u201eZtr\u00e1ta tohoto E-3 je neuv\u011b\u0159iteln\u011b problematick\u00e1, vezmeme-li v \u00favahu, jak kl\u00ed\u010dov\u00ed jsou tito opera\u010dn\u00ed velitel\u00e9 pro v\u0161e od koordinace vzdu\u0161n\u00e9ho prostoru a \u0159\u00edzen\u00ed letadel a\u017e po zam\u011b\u0159ov\u00e1n\u00ed c\u00edl\u016f a poskytov\u00e1n\u00ed dal\u0161\u00edch zdroj\u016f pot\u0159ebn\u00fdch pro cel\u00e9 s\u00edly v oblasti operac\u00ed,\u201c \u0159ekla \u010dasopisu\u00a0<\/span><a href=\"https:\/\/www.airandspaceforces.com\/key-e-3-awacs-aircraft-damaged-iranian-attack-saudi-air-base\/\" target=\"_blank\" rel=\"noreferrer noopener\"><em><span dir=\"auto\">Air &amp; Space Forces Magazine<\/span><\/em><\/a><span dir=\"auto\">\u00a0Heather Penneyov\u00e1, b\u00fdval\u00e1 pilotka F-16 a \u0159editelka studi\u00ed a v\u00fdzkumu v Mitchellov\u011b institutu pro leteck\u00e9 studie AFA . Pokud je to pe\u010dliv\u011b utajeno, co dal\u0161\u00edho B\u00edl\u00fd d\u016fm a Pentagon p\u0159ed ve\u0159ejnost\u00ed skr\u00fdvaj\u00ed?<\/span><\/p>\n<p><span dir=\"auto\">* * *<\/span><\/p>\n<p><strong><em>Od Tylera Durdena<\/em><\/strong><\/p>\n<\/div>\n<\/div>\n<div class=\"elementor-element elementor-element-8c57238 quelle dc-has-condition dc-condition-empty elementor-widget elementor-widget-heading\" data-id=\"8c57238\" data-element_type=\"widget\" data-e-type=\"widget\" data-widget_type=\"heading.default\">\n<div class=\"elementor-widget-container\">\n<h3 class=\"elementor-heading-title elementor-size-default\"><span style=\"font-size: 10pt;\"><a href=\"https:\/\/www.zerohedge.com\/geopolitical\/pentagon-eyes-weeks-ground-operations-iran-irgc-threatens-tit-tat-strikes-universities\" target=\"_blank\" rel=\"nofollow noopener\"><span dir=\"auto\">Zdroj<\/span><\/a><\/span><\/h3>\n<p>&nbsp;<\/p>\n<\/div>\n<\/div>\n","protected":false},"excerpt":{"rendered":"<p>Shrnut\u00ed Podle zpr\u00e1v Pentagon p\u0159ipravuje pozemn\u00ed operace ji\u017e t\u00fddny,\u00a0proto\u017ee do regionu (WaPo) doraz\u00ed prvn\u00ed mari\u0148\u00e1ci&#8230;.<\/p>\n","protected":false},"author":2,"featured_media":40273,"comment_status":"closed","ping_status":"closed","sticky":false,"template":"","format":"standard","meta":[],"categories":[7],"tags":[1042,80,38,380,10693,40],"_links":{"self":[{"href":"https:\/\/www.infokuryr.cz\/n\/wp-json\/wp\/v2\/posts\/103357"}],"collection":[{"href":"https:\/\/www.infokuryr.cz\/n\/wp-json\/wp\/v2\/posts"}],"about":[{"href":"https:\/\/www.infokuryr.cz\/n\/wp-json\/wp\/v2\/types\/post"}],"author":[{"embeddable":true,"href":"https:\/\/www.infokuryr.cz\/n\/wp-json\/wp\/v2\/users\/2"}],"replies":[{"embeddable":true,"href":"https:\/\/www.infokuryr.cz\/n\/wp-json\/wp\/v2\/comments?post=103357"}],"version-history":[{"count":0,"href":"https:\/\/www.infokuryr.cz\/n\/wp-json\/wp\/v2\/posts\/103357\/revisions"}],"wp:featuredmedia":[{"embeddable":true,"href":"https:\/\/www.infokuryr.cz\/n\/wp-json\/wp\/v2\/media\/40273"}],"wp:attachment":[{"href":"https:\/\/www.infokuryr.cz\/n\/wp-json\/wp\/v2\/media?parent=103357"}],"wp:term":[{"taxonomy":"category","embeddable":true,"href":"https:\/\/www.infokuryr.cz\/n\/wp-json\/wp\/v2\/categories?post=103357"},{"taxonomy":"post_tag","embeddable":true,"href":"https:\/\/www.infokuryr.cz\/n\/wp-json\/wp\/v2\/tags?post=103357"}],"curies":[{"name":"wp","href":"https:\/\/api.w.org\/{rel}","templated":true}]}}