{"id":103352,"date":"2026-03-31T00:26:11","date_gmt":"2026-03-30T22:26:11","guid":{"rendered":"https:\/\/www.infokuryr.cz\/n\/?p=103352"},"modified":"2026-03-30T16:55:30","modified_gmt":"2026-03-30T14:55:30","slug":"svet-neni-pripraven-na-to-co-prijde","status":"publish","type":"post","link":"https:\/\/www.infokuryr.cz\/n\/2026\/03\/31\/svet-neni-pripraven-na-to-co-prijde\/","title":{"rendered":"Sv\u011bt nen\u00ed p\u0159ipraven na to, co p\u0159ijde"},"content":{"rendered":"<div id=\"fb-root\"><\/div>\n<div class=\"elementor-element elementor-element-1fb4c2c elementor-widget elementor-widget-theme-post-content\" data-id=\"1fb4c2c\" data-element_type=\"widget\" data-e-type=\"widget\" data-widget_type=\"theme-post-content.default\">\n<div class=\"elementor-widget-container\">\n<p class=\"has-medium-font-size\"><strong><span dir=\"auto\">V\u0161ichni sleduj\u00ed v\u00e1lku. Nikdo nemluv\u00ed o skute\u010dn\u00e9 hrozb\u011b.<\/span><\/strong><\/p>\n<p><span dir=\"auto\">Pod povrchem sv\u011btov\u00fdch ud\u00e1lost\u00ed se n\u011bco ti\u0161e hrout\u00ed \u2013 a v\u011bt\u0161ina lid\u00ed si toho nev\u0161\u00edm\u00e1.<\/span><\/p>\n<p><span dir=\"auto\">Zat\u00edmco se titulky zam\u011b\u0159uj\u00ed na v\u00e1lku a geopolitiku, v z\u00e1kulis\u00ed se odehr\u00e1v\u00e1 mnohem nebezpe\u010dn\u011bj\u0161\u00ed \u0159et\u011bzov\u00e1 reakce, kter\u00e1 by mohla postihnout ka\u017ed\u00fd obchod s potravinami, ka\u017ed\u00fd dodavatelsk\u00fd \u0159et\u011bzec a ka\u017edou dom\u00e1cnost najednou.<\/span><\/p>\n<p><span dir=\"auto\">V\u00e1le\u010dn\u00fd zpravodaj Michael Yon str\u00e1vil roky sledov\u00e1n\u00edm t\u011bchto vzorc\u016f nap\u0159\u00ed\u010d kontinenty. Nyn\u00ed \u0159\u00edk\u00e1, \u017ee d\u00edlky skl\u00e1da\u010dky kone\u010dn\u011b zapadaj\u00ed na sv\u00e9 m\u00edsto \u2013 a v\u00fdsledkem by mohl\u00a0<\/span><strong><span dir=\"auto\">b\u00fdt hladomor, jak\u00fd modern\u00ed sv\u011bt je\u0161t\u011b neza\u017eil<\/span><\/strong><span dir=\"auto\">\u00a0.<\/span><\/p>\n<p><span dir=\"auto\">Pokud m\u00e1 pravdu, to, co bude n\u00e1sledovat, nebude vypadat jako v\u00e1lka, jak ji zn\u00e1me. Bude to vypadat jako nedostatek&#8230; a jako p\u0159e\u017eit\u00ed.<\/span><\/p>\n<div class=\"twitter-tweet twitter-tweet-rendered\"><iframe id=\"twitter-widget-0\" class=\"\" title=\"X P\u0159\u00edsp\u011bvek\" src=\"https:\/\/platform.twitter.com\/embed\/Tweet.html?dnt=false&amp;embedId=twitter-widget-0&amp;features=eyJ0ZndfdGltZWxpbmVfbGlzdCI6eyJidWNrZXQiOltdLCJ2ZXJzaW9uIjpudWxsfSwidGZ3X2ZvbGxvd2VyX2NvdW50X3N1bnNldCI6eyJidWNrZXQiOnRydWUsInZlcnNpb24iOm51bGx9LCJ0ZndfdHdlZXRfZWRpdF9iYWNrZW5kIjp7ImJ1Y2tldCI6Im9uIiwidmVyc2lvbiI6bnVsbH0sInRmd19yZWZzcmNfc2Vzc2lvbiI6eyJidWNrZXQiOiJvbiIsInZlcnNpb24iOm51bGx9LCJ0ZndfZm9zbnJfc29mdF9pbnRlcnZlbnRpb25zX2VuYWJsZWQiOnsiYnVja2V0Ijoib24iLCJ2ZXJzaW9uIjpudWxsfSwidGZ3X21peGVkX21lZGlhXzE1ODk3Ijp7ImJ1Y2tldCI6InRyZWF0bWVudCIsInZlcnNpb24iOm51bGx9LCJ0ZndfZXhwZXJpbWVudHNfY29va2llX2V4cGlyYXRpb24iOnsiYnVja2V0IjoxMjA5NjAwLCJ2ZXJzaW9uIjpudWxsfSwidGZ3X3Nob3dfYmlyZHdhdGNoX3Bpdm90c19lbmFibGVkIjp7ImJ1Y2tldCI6Im9uIiwidmVyc2lvbiI6bnVsbH0sInRmd19kdXBsaWNhdGVfc2NyaWJlc190b19zZXR0aW5ncyI6eyJidWNrZXQiOiJvbiIsInZlcnNpb24iOm51bGx9LCJ0ZndfdXNlX3Byb2ZpbGVfaW1hZ2Vfc2hhcGVfZW5hYmxlZCI6eyJidWNrZXQiOiJvbiIsInZlcnNpb24iOm51bGx9LCJ0ZndfdmlkZW9faGxzX2R5bmFtaWNfbWFuaWZlc3RzXzE1MDgyIjp7ImJ1Y2tldCI6InRydWVfYml0cmF0ZSIsInZlcnNpb24iOm51bGx9LCJ0ZndfbGVnYWN5X3RpbWVsaW5lX3N1bnNldCI6eyJidWNrZXQiOnRydWUsInZlcnNpb24iOm51bGx9LCJ0ZndfdHdlZXRfZWRpdF9mcm9udGVuZCI6eyJidWNrZXQiOiJvbiIsInZlcnNpb24iOm51bGx9fQ%3D%3D&amp;frame=false&amp;hideCard=false&amp;hideThread=false&amp;id=2037680952307023941&amp;lang=cs&amp;maxWidth=560px&amp;origin=https%3A%2F%2Funcutnews.ch%2Fdie-welt-ist-nicht-bereit-fuer-das-was-als-naechstes-kommt-daily-pulse%2F&amp;sessionId=adeb3b1548484a453f5315b650c4813bf323a27c&amp;theme=light&amp;widgetsVersion=2615f7e52b7e0%3A1702314776716&amp;width=550px\" frameborder=\"0\" scrolling=\"no\" allowfullscreen=\"allowfullscreen\" data-tweet-id=\"2037680952307023941\" data-mce-fragment=\"1\"><\/iframe><\/div>\n<p><span dir=\"auto\">Yon za\u010dal rozhovor konstatov\u00e1n\u00edm, \u017ee glob\u00e1ln\u00ed hladomor neza\u010d\u00edn\u00e1 pr\u00e1zdn\u00fdmi reg\u00e1ly \u2013 za\u010d\u00edn\u00e1 naru\u0161en\u00fdmi dopravn\u00edmi trasami.<\/span><\/p>\n<p><span dir=\"auto\">Vysv\u011btlil, \u017ee kritick\u00e1 \u00fazk\u00e1 m\u00edsta v n\u00e1mo\u0159n\u00ed doprav\u011b, jako je Hormuzsk\u00fd pr\u016fliv, Suezsk\u00fd pr\u016fplav a tureck\u00fd pr\u016fliv, nejsou jen obchodn\u00edmi cestami, ale tak\u00e9 z\u00e1chrann\u00fdmi tahy pro potraviny, hnojiva a palivo. Pokud bude zablokov\u00e1no by\u0165 jen n\u011bkolik z nich sou\u010dasn\u011b,\u00a0<\/span><strong><span dir=\"auto\">zp\u016fsob\u00ed to glob\u00e1ln\u00ed \u0159et\u011bzovou reakci.<\/span><\/strong><\/p>\n<p><span dir=\"auto\">Jako v\u010dasn\u00fd varovn\u00fd sign\u00e1l pouk\u00e1zal na Thajsko. Jako jeden z nejv\u011bt\u0161\u00edch sv\u011btov\u00fdch v\u00fdvozc\u016f r\u00fd\u017ee je zem\u011b extr\u00e9mn\u011b zraniteln\u00e1 kv\u016fli sv\u00e9 z\u00e1vislosti na palivech a hnojivech. Kdy\u017e se z\u00e1soby energie stanou vz\u00e1cn\u00fdmi, produkce kles\u00e1. Kdy\u017e produkce klesne v zemi, kter\u00e1 \u017eiv\u00ed miliony lid\u00ed, nedostatek dod\u00e1vek se \u0161\u00ed\u0159\u00ed.<\/span><\/p>\n<p><span dir=\"auto\">Yon jasn\u011b uvedl, \u017ee se nejedn\u00e1 o hypotetickou situaci. \u0158ekl: \u201eP\u0159ed touto&#8230; p\u0159esn\u011b touto situac\u00ed varuji u\u017e \u0161est let,\u201c a nyn\u00ed\u00a0<\/span><strong><span dir=\"auto\">ji\u017e doch\u00e1z\u00ed k prvn\u00edm naru\u0161en\u00edm<\/span><\/strong><span dir=\"auto\">\u00a0.<\/span><\/p>\n<p><span dir=\"auto\">Pozn\u00e1n\u00ed je jednoduch\u00e9, ale z\u00e1rove\u0148 hlubok\u00e9: Hladomor neza\u010d\u00edn\u00e1, kdy\u017e j\u00eddlo zmiz\u00ed. Za\u010d\u00edn\u00e1, kdy\u017e se syst\u00e9my, kter\u00e9 potraviny p\u0159epravuj\u00ed a produkuj\u00ed, zhrout\u00ed \u2013 ti\u0161e a najednou.<\/span><\/p>\n<div class=\"twitter-tweet twitter-tweet-rendered\"><iframe id=\"twitter-widget-1\" class=\"\" title=\"X P\u0159\u00edsp\u011bvek\" src=\"https:\/\/platform.twitter.com\/embed\/Tweet.html?dnt=false&amp;embedId=twitter-widget-1&amp;features=eyJ0ZndfdGltZWxpbmVfbGlzdCI6eyJidWNrZXQiOltdLCJ2ZXJzaW9uIjpudWxsfSwidGZ3X2ZvbGxvd2VyX2NvdW50X3N1bnNldCI6eyJidWNrZXQiOnRydWUsInZlcnNpb24iOm51bGx9LCJ0ZndfdHdlZXRfZWRpdF9iYWNrZW5kIjp7ImJ1Y2tldCI6Im9uIiwidmVyc2lvbiI6bnVsbH0sInRmd19yZWZzcmNfc2Vzc2lvbiI6eyJidWNrZXQiOiJvbiIsInZlcnNpb24iOm51bGx9LCJ0ZndfZm9zbnJfc29mdF9pbnRlcnZlbnRpb25zX2VuYWJsZWQiOnsiYnVja2V0Ijoib24iLCJ2ZXJzaW9uIjpudWxsfSwidGZ3X21peGVkX21lZGlhXzE1ODk3Ijp7ImJ1Y2tldCI6InRyZWF0bWVudCIsInZlcnNpb24iOm51bGx9LCJ0ZndfZXhwZXJpbWVudHNfY29va2llX2V4cGlyYXRpb24iOnsiYnVja2V0IjoxMjA5NjAwLCJ2ZXJzaW9uIjpudWxsfSwidGZ3X3Nob3dfYmlyZHdhdGNoX3Bpdm90c19lbmFibGVkIjp7ImJ1Y2tldCI6Im9uIiwidmVyc2lvbiI6bnVsbH0sInRmd19kdXBsaWNhdGVfc2NyaWJlc190b19zZXR0aW5ncyI6eyJidWNrZXQiOiJvbiIsInZlcnNpb24iOm51bGx9LCJ0ZndfdXNlX3Byb2ZpbGVfaW1hZ2Vfc2hhcGVfZW5hYmxlZCI6eyJidWNrZXQiOiJvbiIsInZlcnNpb24iOm51bGx9LCJ0ZndfdmlkZW9faGxzX2R5bmFtaWNfbWFuaWZlc3RzXzE1MDgyIjp7ImJ1Y2tldCI6InRydWVfYml0cmF0ZSIsInZlcnNpb24iOm51bGx9LCJ0ZndfbGVnYWN5X3RpbWVsaW5lX3N1bnNldCI6eyJidWNrZXQiOnRydWUsInZlcnNpb24iOm51bGx9LCJ0ZndfdHdlZXRfZWRpdF9mcm9udGVuZCI6eyJidWNrZXQiOiJvbiIsInZlcnNpb24iOm51bGx9fQ%3D%3D&amp;frame=false&amp;hideCard=false&amp;hideThread=false&amp;id=2037681671743455406&amp;lang=cs&amp;maxWidth=560px&amp;origin=https%3A%2F%2Funcutnews.ch%2Fdie-welt-ist-nicht-bereit-fuer-das-was-als-naechstes-kommt-daily-pulse%2F&amp;sessionId=adeb3b1548484a453f5315b650c4813bf323a27c&amp;theme=light&amp;widgetsVersion=2615f7e52b7e0%3A1702314776716&amp;width=550px\" frameborder=\"0\" scrolling=\"no\" allowfullscreen=\"allowfullscreen\" data-tweet-id=\"2037681671743455406\" data-mce-fragment=\"1\"><\/iframe><\/div>\n<p><span dir=\"auto\">Yon tvrdil, \u017ee sou\u010dasn\u00e1 krize nebyla n\u00e1hoda \u2013 byla systematicky pl\u00e1nov\u00e1na.<\/span><\/p>\n<p><span dir=\"auto\">Vysv\u011btlil, \u017ee vyvol\u00e1n\u00ed glob\u00e1ln\u00edho hladomoru vy\u017eaduje roky p\u0159\u00edprav a \u017ee kl\u00ed\u010dov\u00e9 syst\u00e9my ji\u017e byly c\u00edlem \u00fatok\u016f. Energetick\u00e9 potrub\u00ed bylo naru\u0161eno, produkce hnojiv omezena a zem\u011bd\u011blsk\u00e9 vstupy se staly vz\u00e1cn\u00fdmi.<\/span><\/p>\n<p><span dir=\"auto\">Popsal j\u00eddlo jako \u201ezbra\u0148\u201c a tvrdil, \u017ee produkce potravin by se zhroutila, kdyby se energie a hnojiva omezovaly \u2013 \u00famysln\u011b, nikoli ne\u00famysln\u011b.<\/span><\/p>\n<p><span dir=\"auto\">Yon zd\u016fraznil, \u017ee sou\u010dasn\u00fd \u00fatok na v\u00edce \u00fazk\u00fdch m\u00edst by tento proces urychlil. Varoval, \u017ee pokud by byly ohro\u017eeny v\u0161echny trasy jako Suez, Panama a Hormuz, v\u00fdsledkem by nebyla lok\u00e1ln\u00ed \u00fazk\u00e1 m\u00edsta, ale syst\u00e9mov\u00fd kolaps.<\/span><\/p>\n<p><span dir=\"auto\">\u0158ekl to bez obalu:\u00a0<\/span><strong><span dir=\"auto\">\u201eU\u017e te\u010f sm\u011b\u0159ujeme k hladomor\u016fm&#8230; V\u011b\u0159\u00edm, \u017ee to je u\u017e hotov\u00e1 v\u011bc.\u201c<\/span><\/strong><\/p>\n<p><span dir=\"auto\">Z\u00e1v\u011br je, \u017ee to, co p\u0159ich\u00e1z\u00ed, nen\u00ed n\u00e1hl\u00fd \u0161ok, ale v\u00fdsledek dlouhodob\u00e9 \u0159et\u011bzov\u00e9 reakce, kter\u00e1\u00a0<\/span><strong><span dir=\"auto\">u\u017e m\u016f\u017ee b\u00fdt nevratn\u00e1.<\/span><\/strong><\/p>\n<div class=\"twitter-tweet twitter-tweet-rendered\"><iframe id=\"twitter-widget-2\" class=\"\" title=\"X P\u0159\u00edsp\u011bvek\" src=\"https:\/\/platform.twitter.com\/embed\/Tweet.html?dnt=false&amp;embedId=twitter-widget-2&amp;features=eyJ0ZndfdGltZWxpbmVfbGlzdCI6eyJidWNrZXQiOltdLCJ2ZXJzaW9uIjpudWxsfSwidGZ3X2ZvbGxvd2VyX2NvdW50X3N1bnNldCI6eyJidWNrZXQiOnRydWUsInZlcnNpb24iOm51bGx9LCJ0ZndfdHdlZXRfZWRpdF9iYWNrZW5kIjp7ImJ1Y2tldCI6Im9uIiwidmVyc2lvbiI6bnVsbH0sInRmd19yZWZzcmNfc2Vzc2lvbiI6eyJidWNrZXQiOiJvbiIsInZlcnNpb24iOm51bGx9LCJ0ZndfZm9zbnJfc29mdF9pbnRlcnZlbnRpb25zX2VuYWJsZWQiOnsiYnVja2V0Ijoib24iLCJ2ZXJzaW9uIjpudWxsfSwidGZ3X21peGVkX21lZGlhXzE1ODk3Ijp7ImJ1Y2tldCI6InRyZWF0bWVudCIsInZlcnNpb24iOm51bGx9LCJ0ZndfZXhwZXJpbWVudHNfY29va2llX2V4cGlyYXRpb24iOnsiYnVja2V0IjoxMjA5NjAwLCJ2ZXJzaW9uIjpudWxsfSwidGZ3X3Nob3dfYmlyZHdhdGNoX3Bpdm90c19lbmFibGVkIjp7ImJ1Y2tldCI6Im9uIiwidmVyc2lvbiI6bnVsbH0sInRmd19kdXBsaWNhdGVfc2NyaWJlc190b19zZXR0aW5ncyI6eyJidWNrZXQiOiJvbiIsInZlcnNpb24iOm51bGx9LCJ0ZndfdXNlX3Byb2ZpbGVfaW1hZ2Vfc2hhcGVfZW5hYmxlZCI6eyJidWNrZXQiOiJvbiIsInZlcnNpb24iOm51bGx9LCJ0ZndfdmlkZW9faGxzX2R5bmFtaWNfbWFuaWZlc3RzXzE1MDgyIjp7ImJ1Y2tldCI6InRydWVfYml0cmF0ZSIsInZlcnNpb24iOm51bGx9LCJ0ZndfbGVnYWN5X3RpbWVsaW5lX3N1bnNldCI6eyJidWNrZXQiOnRydWUsInZlcnNpb24iOm51bGx9LCJ0ZndfdHdlZXRfZWRpdF9mcm9udGVuZCI6eyJidWNrZXQiOiJvbiIsInZlcnNpb24iOm51bGx9fQ%3D%3D&amp;frame=false&amp;hideCard=false&amp;hideThread=false&amp;id=2037682772035137698&amp;lang=cs&amp;maxWidth=560px&amp;origin=https%3A%2F%2Funcutnews.ch%2Fdie-welt-ist-nicht-bereit-fuer-das-was-als-naechstes-kommt-daily-pulse%2F&amp;sessionId=adeb3b1548484a453f5315b650c4813bf323a27c&amp;theme=light&amp;widgetsVersion=2615f7e52b7e0%3A1702314776716&amp;width=550px\" frameborder=\"0\" scrolling=\"no\" allowfullscreen=\"allowfullscreen\" data-tweet-id=\"2037682772035137698\" data-mce-fragment=\"1\"><\/iframe><\/div>\n<p><span dir=\"auto\">Yon se od glob\u00e1ln\u00edch syst\u00e9m\u016f p\u0159esunul k d\u016fsledk\u016fm pro lidi a argumentoval, \u017ee v\u00e1lka samotn\u00e1 by mohla b\u00fdt pou\u017eita jako n\u00e1stroj k transformaci populac\u00ed.<\/span><\/p>\n<p><span dir=\"auto\">Tvrdil, \u017ee vojensk\u00e1 eskalace by mohla v\u00e9st k masivn\u00edm ztr\u00e1t\u00e1m mezi mlad\u00fdmi Ameri\u010dany, po nich\u017e by n\u00e1sledovalo roz\u0161\u00ed\u0159en\u00ed brann\u00e9 povinnosti. Podle jeho n\u00e1zoru c\u00edlem nen\u00ed vyhr\u00e1vat v\u00e1lky,\u00a0<\/span><strong><span dir=\"auto\">ale vy\u010derp\u00e1vat populaci.<\/span><\/strong><\/p>\n<p><span dir=\"auto\">Na z\u00e1klad\u011b vlastn\u00ed zku\u0161enosti jasn\u011b rozli\u0161oval mezi minulost\u00ed a p\u0159\u00edtomnost\u00ed a \u0159ekl: \u201eKdybych byl nucen k vojensk\u00e9 slu\u017eb\u011b,\u00a0<\/span><strong><span dir=\"auto\">nemysl\u00edm si, \u017ee bych \u0161el&#8230; T\u00e9m\u011b\u0159 jist\u011b bych byl odp\u00edra\u010dem vojensk\u00e9 slu\u017eby z d\u016fvodu sv\u011bdom\u00ed.\u201c<\/span><\/strong><\/p>\n<p><span dir=\"auto\">Jeho argument byl jasn\u00fd: V\u011b\u0159\u00ed, \u017ee sou\u010dasn\u00fd kurz nepovede k obran\u011b, ale ke\u00a0<\/span><strong><span dir=\"auto\">zk\u00e1ze<\/span><\/strong><span dir=\"auto\">\u00a0.<\/span><\/p>\n<p><span dir=\"auto\">A\u0165 u\u017e s n\u00edm n\u011bkdo souhlas\u00ed, nebo ne, hlavn\u00ed my\u0161lenkou, kterou zm\u00ednil, je toto: velk\u00e9 konflikty a nedostatek zdroj\u016f nefunguj\u00ed izolovan\u011b. Vz\u00e1jemn\u011b se posiluj\u00ed \u2013 a spole\u010dn\u011b\u00a0<\/span><strong><span dir=\"auto\">p\u0159etv\u00e1\u0159ej\u00ed spole\u010dnosti.<\/span><\/strong><\/p>\n<div class=\"twitter-tweet twitter-tweet-rendered\"><iframe id=\"twitter-widget-3\" class=\"\" title=\"X P\u0159\u00edsp\u011bvek\" src=\"https:\/\/platform.twitter.com\/embed\/Tweet.html?dnt=false&amp;embedId=twitter-widget-3&amp;features=eyJ0ZndfdGltZWxpbmVfbGlzdCI6eyJidWNrZXQiOltdLCJ2ZXJzaW9uIjpudWxsfSwidGZ3X2ZvbGxvd2VyX2NvdW50X3N1bnNldCI6eyJidWNrZXQiOnRydWUsInZlcnNpb24iOm51bGx9LCJ0ZndfdHdlZXRfZWRpdF9iYWNrZW5kIjp7ImJ1Y2tldCI6Im9uIiwidmVyc2lvbiI6bnVsbH0sInRmd19yZWZzcmNfc2Vzc2lvbiI6eyJidWNrZXQiOiJvbiIsInZlcnNpb24iOm51bGx9LCJ0ZndfZm9zbnJfc29mdF9pbnRlcnZlbnRpb25zX2VuYWJsZWQiOnsiYnVja2V0Ijoib24iLCJ2ZXJzaW9uIjpudWxsfSwidGZ3X21peGVkX21lZGlhXzE1ODk3Ijp7ImJ1Y2tldCI6InRyZWF0bWVudCIsInZlcnNpb24iOm51bGx9LCJ0ZndfZXhwZXJpbWVudHNfY29va2llX2V4cGlyYXRpb24iOnsiYnVja2V0IjoxMjA5NjAwLCJ2ZXJzaW9uIjpudWxsfSwidGZ3X3Nob3dfYmlyZHdhdGNoX3Bpdm90c19lbmFibGVkIjp7ImJ1Y2tldCI6Im9uIiwidmVyc2lvbiI6bnVsbH0sInRmd19kdXBsaWNhdGVfc2NyaWJlc190b19zZXR0aW5ncyI6eyJidWNrZXQiOiJvbiIsInZlcnNpb24iOm51bGx9LCJ0ZndfdXNlX3Byb2ZpbGVfaW1hZ2Vfc2hhcGVfZW5hYmxlZCI6eyJidWNrZXQiOiJvbiIsInZlcnNpb24iOm51bGx9LCJ0ZndfdmlkZW9faGxzX2R5bmFtaWNfbWFuaWZlc3RzXzE1MDgyIjp7ImJ1Y2tldCI6InRydWVfYml0cmF0ZSIsInZlcnNpb24iOm51bGx9LCJ0ZndfbGVnYWN5X3RpbWVsaW5lX3N1bnNldCI6eyJidWNrZXQiOnRydWUsInZlcnNpb24iOm51bGx9LCJ0ZndfdHdlZXRfZWRpdF9mcm9udGVuZCI6eyJidWNrZXQiOiJvbiIsInZlcnNpb24iOm51bGx9fQ%3D%3D&amp;frame=false&amp;hideCard=false&amp;hideThread=false&amp;id=2037683234322928026&amp;lang=cs&amp;maxWidth=560px&amp;origin=https%3A%2F%2Funcutnews.ch%2Fdie-welt-ist-nicht-bereit-fuer-das-was-als-naechstes-kommt-daily-pulse%2F&amp;sessionId=adeb3b1548484a453f5315b650c4813bf323a27c&amp;theme=light&amp;widgetsVersion=2615f7e52b7e0%3A1702314776716&amp;width=550px\" frameborder=\"0\" scrolling=\"no\" allowfullscreen=\"allowfullscreen\" data-tweet-id=\"2037683234322928026\" data-mce-fragment=\"1\"><\/iframe><\/div>\n<p><span dir=\"auto\">Yon dovedl rozhovor k jeho nejst\u0159\u00edzliv\u011bj\u0161\u00edmu z\u00e1v\u011bru \u2013 k tomu, co hladomor s lidmi doopravdy d\u011bl\u00e1.<\/span><\/p>\n<p><span dir=\"auto\">Vysv\u011btlil, \u017ee hladomor je \u010dasto ni\u010div\u011bj\u0161\u00ed ne\u017e v\u00e1lka, proto\u017ee\u00a0<\/span><strong><span dir=\"auto\">z\u00e1rove\u0148 ni\u010d\u00ed struktury, \u0159\u00e1d a mor\u00e1lku.<\/span><\/strong><span dir=\"auto\">\u00a0Na rozd\u00edl od lok\u00e1ln\u00edch katastrof nen\u00ed p\u0159i rozs\u00e1hl\u00e9m hladomoru kam ut\u00e9ct.<\/span><\/p>\n<p><span dir=\"auto\">Varoval, \u017ee chov\u00e1n\u00ed se v re\u00e1ln\u00fdch nouzov\u00fdch situac\u00edch rychle m\u011bn\u00ed. Komunity se rozpadaj\u00ed. N\u00e1sil\u00ed stup\u0148uje.\u00a0<\/span><strong><span dir=\"auto\">P\u0159e\u017eit\u00ed se st\u00e1v\u00e1 jedinou prioritou.<\/span><\/strong><\/p>\n<p><span dir=\"auto\">Popsal to jako \u201elidsk\u00fd osmotick\u00fd tlak\u201c, kdy se populace hromadn\u011b p\u0159esouv\u00e1 ke zb\u00fdvaj\u00edc\u00edm zdroj\u016fm. V takov\u00e9m prost\u0159ed\u00ed hranice oslabuj\u00ed, syst\u00e9my se hrout\u00ed a stabilita miz\u00ed.<\/span><\/p>\n<p><span dir=\"auto\">Jeho hlavn\u00ed poselstv\u00ed bylo jasn\u00e9: Nejde jen o nedostatek potravin, ale o to, co se stane se spole\u010dnost\u00ed, kdy\u017e se dod\u00e1vky potravin stanou nejist\u00fdmi.<\/span><\/p>\n<p><span dir=\"auto\">A kdy\u017e se s touto realitou setk\u00e1 n\u011bkolik region\u016f sou\u010dasn\u011b, d\u016fsledky se neomez\u00ed jen na tyto regiony \u2013\u00a0<\/span><strong><span dir=\"auto\">roz\u0161\u00ed\u0159\u00ed se.<\/span><\/strong><\/p>\n<div class=\"twitter-tweet twitter-tweet-rendered\"><iframe id=\"twitter-widget-4\" class=\"\" title=\"X P\u0159\u00edsp\u011bvek\" src=\"https:\/\/platform.twitter.com\/embed\/Tweet.html?dnt=false&amp;embedId=twitter-widget-4&amp;features=eyJ0ZndfdGltZWxpbmVfbGlzdCI6eyJidWNrZXQiOltdLCJ2ZXJzaW9uIjpudWxsfSwidGZ3X2ZvbGxvd2VyX2NvdW50X3N1bnNldCI6eyJidWNrZXQiOnRydWUsInZlcnNpb24iOm51bGx9LCJ0ZndfdHdlZXRfZWRpdF9iYWNrZW5kIjp7ImJ1Y2tldCI6Im9uIiwidmVyc2lvbiI6bnVsbH0sInRmd19yZWZzcmNfc2Vzc2lvbiI6eyJidWNrZXQiOiJvbiIsInZlcnNpb24iOm51bGx9LCJ0ZndfZm9zbnJfc29mdF9pbnRlcnZlbnRpb25zX2VuYWJsZWQiOnsiYnVja2V0Ijoib24iLCJ2ZXJzaW9uIjpudWxsfSwidGZ3X21peGVkX21lZGlhXzE1ODk3Ijp7ImJ1Y2tldCI6InRyZWF0bWVudCIsInZlcnNpb24iOm51bGx9LCJ0ZndfZXhwZXJpbWVudHNfY29va2llX2V4cGlyYXRpb24iOnsiYnVja2V0IjoxMjA5NjAwLCJ2ZXJzaW9uIjpudWxsfSwidGZ3X3Nob3dfYmlyZHdhdGNoX3Bpdm90c19lbmFibGVkIjp7ImJ1Y2tldCI6Im9uIiwidmVyc2lvbiI6bnVsbH0sInRmd19kdXBsaWNhdGVfc2NyaWJlc190b19zZXR0aW5ncyI6eyJidWNrZXQiOiJvbiIsInZlcnNpb24iOm51bGx9LCJ0ZndfdXNlX3Byb2ZpbGVfaW1hZ2Vfc2hhcGVfZW5hYmxlZCI6eyJidWNrZXQiOiJvbiIsInZlcnNpb24iOm51bGx9LCJ0ZndfdmlkZW9faGxzX2R5bmFtaWNfbWFuaWZlc3RzXzE1MDgyIjp7ImJ1Y2tldCI6InRydWVfYml0cmF0ZSIsInZlcnNpb24iOm51bGx9LCJ0ZndfbGVnYWN5X3RpbWVsaW5lX3N1bnNldCI6eyJidWNrZXQiOnRydWUsInZlcnNpb24iOm51bGx9LCJ0ZndfdHdlZXRfZWRpdF9mcm9udGVuZCI6eyJidWNrZXQiOiJvbiIsInZlcnNpb24iOm51bGx9fQ%3D%3D&amp;frame=false&amp;hideCard=false&amp;hideThread=false&amp;id=2037684407696293957&amp;lang=cs&amp;maxWidth=560px&amp;origin=https%3A%2F%2Funcutnews.ch%2Fdie-welt-ist-nicht-bereit-fuer-das-was-als-naechstes-kommt-daily-pulse%2F&amp;sessionId=adeb3b1548484a453f5315b650c4813bf323a27c&amp;theme=light&amp;widgetsVersion=2615f7e52b7e0%3A1702314776716&amp;width=550px\" frameborder=\"0\" scrolling=\"no\" allowfullscreen=\"allowfullscreen\" data-tweet-id=\"2037684407696293957\" data-mce-fragment=\"1\"><\/iframe><\/div>\n<p><span dir=\"auto\">R\u00e1di bychom pod\u011bkovali Michaelu Yonovi za to, \u017ee je dnes s n\u00e1mi \u2013 a p\u0159edev\u0161\u00edm bychom v\u00e1m cht\u011bli pod\u011bkovat za to, \u017ee jste sledovali a plnili svou povinnost informovat se, zat\u00edmco mnoho jin\u00fdch se rozhodlo tak neu\u010dinit.<\/span><\/p>\n<\/div>\n<\/div>\n<div class=\"elementor-element elementor-element-8c57238 quelle dc-has-condition dc-condition-empty elementor-widget elementor-widget-heading\" data-id=\"8c57238\" data-element_type=\"widget\" data-e-type=\"widget\" data-widget_type=\"heading.default\">\n<div class=\"elementor-widget-container\">\n<h3 class=\"elementor-heading-title elementor-size-default\"><span style=\"font-size: 10pt;\"><a href=\"https:\/\/www.vigilantfox.com\/p\/the-world-isnt-ready-for-whats-coming\" target=\"_blank\" rel=\"nofollow noopener\"><span dir=\"auto\">Zdroj<\/span><\/a><\/span><\/h3>\n<p>&nbsp;<\/p>\n<\/div>\n<\/div>\n","protected":false},"excerpt":{"rendered":"<p>V\u0161ichni sleduj\u00ed v\u00e1lku. Nikdo nemluv\u00ed o skute\u010dn\u00e9 hrozb\u011b. Pod povrchem sv\u011btov\u00fdch ud\u00e1lost\u00ed se n\u011bco ti\u0161e&#8230;<\/p>\n","protected":false},"author":2,"featured_media":14109,"comment_status":"closed","ping_status":"closed","sticky":false,"template":"","format":"standard","meta":[],"categories":[7],"tags":[1384,1503,371,276],"_links":{"self":[{"href":"https:\/\/www.infokuryr.cz\/n\/wp-json\/wp\/v2\/posts\/103352"}],"collection":[{"href":"https:\/\/www.infokuryr.cz\/n\/wp-json\/wp\/v2\/posts"}],"about":[{"href":"https:\/\/www.infokuryr.cz\/n\/wp-json\/wp\/v2\/types\/post"}],"author":[{"embeddable":true,"href":"https:\/\/www.infokuryr.cz\/n\/wp-json\/wp\/v2\/users\/2"}],"replies":[{"embeddable":true,"href":"https:\/\/www.infokuryr.cz\/n\/wp-json\/wp\/v2\/comments?post=103352"}],"version-history":[{"count":0,"href":"https:\/\/www.infokuryr.cz\/n\/wp-json\/wp\/v2\/posts\/103352\/revisions"}],"wp:featuredmedia":[{"embeddable":true,"href":"https:\/\/www.infokuryr.cz\/n\/wp-json\/wp\/v2\/media\/14109"}],"wp:attachment":[{"href":"https:\/\/www.infokuryr.cz\/n\/wp-json\/wp\/v2\/media?parent=103352"}],"wp:term":[{"taxonomy":"category","embeddable":true,"href":"https:\/\/www.infokuryr.cz\/n\/wp-json\/wp\/v2\/categories?post=103352"},{"taxonomy":"post_tag","embeddable":true,"href":"https:\/\/www.infokuryr.cz\/n\/wp-json\/wp\/v2\/tags?post=103352"}],"curies":[{"name":"wp","href":"https:\/\/api.w.org\/{rel}","templated":true}]}}