{"id":103330,"date":"2026-03-31T00:18:05","date_gmt":"2026-03-30T22:18:05","guid":{"rendered":"https:\/\/www.infokuryr.cz\/n\/?p=103330"},"modified":"2026-03-30T08:23:14","modified_gmt":"2026-03-30T06:23:14","slug":"grandiozni-bludy-americky-prezident-evokuje-trumpovu-uzinu-iran-udrzuje-blokadu-hormuzskeho-prulivu","status":"publish","type":"post","link":"https:\/\/www.infokuryr.cz\/n\/2026\/03\/31\/grandiozni-bludy-americky-prezident-evokuje-trumpovu-uzinu-iran-udrzuje-blokadu-hormuzskeho-prulivu\/","title":{"rendered":"Grandi\u00f3zn\u00ed bludy: Americk\u00fd prezident evokuje \u201eTrumpovu \u00fa\u017einu\u201c, \u00cdr\u00e1n udr\u017euje blok\u00e1du Hormuzsk\u00e9ho pr\u016flivu"},"content":{"rendered":"<div id=\"fb-root\"><\/div>\n<p><span dir=\"auto\">Americk\u00fd prezident Donald Trump v p\u00e1tek ve\u010der ozna\u010dil Hormuzsk\u00fd pr\u016fliv za \u201eTrumpovu \u00fa\u017einu\u201c. \u00cdr\u00e1n blokuje tento pr\u016fliv, nezbytn\u00fd pro mezin\u00e1rodn\u00ed n\u00e1mo\u0159n\u00ed dopravu a v\u00fdvoz ropy, americk\u00fdm a spojeneck\u00fdm lod\u00edm od za\u010d\u00e1tku americko-izraelsk\u00e9 agrese proti jeho \u00fazem\u00ed.<\/span><\/p>\n<p><span dir=\"auto\">\u00cdr\u00e1n \u201e\u00a0<\/span><em><span dir=\"auto\">mus\u00ed otev\u0159\u00edt Trump\u016fv pr\u016fliv \u2013 mysl\u00edm t\u00edm Hormuzsk\u00fd pr\u016fliv<\/span><\/em><span dir=\"auto\">\u00a0,\u201c \u0159ekl 79let\u00fd prezident b\u011bhem setk\u00e1n\u00ed s investory v Miami.<\/span><\/p>\n<p><span dir=\"auto\">Publikum se zasm\u00e1lo a obyvatel B\u00edl\u00e9ho domu se omluvil: \u201e\u00a0<\/span><em><span dir=\"auto\">Je mi l\u00edto, to byla hrozn\u00e1 chyba!<\/span><\/em><span dir=\"auto\">\u00a0\u201c<\/span><\/p>\n<p><span dir=\"auto\">Americk\u00fd prezident, kter\u00fd \u017eije ve sv\u011bt\u011b, kter\u00fd si s\u00e1m vytvo\u0159il, pozd\u011bji prohl\u00e1sil, \u017ee to nebyla chyba.<\/span><\/p>\n<p><span dir=\"auto\">\u201e\u00a0<\/span><em><span dir=\"auto\">M\u00e9dia, kter\u00e1 \u0161\u00ed\u0159\u00ed fale\u0161n\u00e9 informace, budou tvrdit, \u017ee to \u0159ekl omylem \u2013 Ne, u m\u011b se \u017e\u00e1dn\u00e9 omyly nest\u00e1vaj\u00ed, nebo jich alespo\u0148 nen\u00ed mnoho<\/span><\/em><span dir=\"auto\">\u00a0.\u201c<\/span><\/p>\n<p><span dir=\"auto\">Donald Trump opakovan\u011b zmi\u0148oval my\u0161lenku p\u0159ejmenov\u00e1n\u00ed instituc\u00ed a m\u00edst. Slavn\u00e9 Kennedyho centrum ve Washingtonu se nyn\u00ed jmenuje Trump Kennedy Center. Na\u0159\u00eddil tak\u00e9, aby byl Mexick\u00fd z\u00e1liv p\u0159ejmenov\u00e1n na \u201eAmerick\u00fd z\u00e1liv\u201c.<\/span><\/p>\n<p><span dir=\"auto\">Ot\u00e1zku \u201evelepochy\u201c Donalda Trumpa pravideln\u011b vzn\u00e1\u0161ej\u00ed pozorovatel\u00e9, psychiat\u0159i i odp\u016frci a popisuj\u00ed patologick\u00fd narcismus, p\u0159ehnan\u00e9 ego a odtr\u017een\u00ed od reality.<\/span><\/p>\n<p><span dir=\"auto\">Tyto rysy by se projevovaly skrze snahu o v\u0161emohoucnost, absenci superega a groteskn\u00ed inscenaci vlastn\u00ed sl\u00e1vy.<\/span><\/p>\n<p><em><span dir=\"auto\">Zdroj:\u00a0<\/span><a title=\"\" href=\"https:\/\/french.almanar.com.lb\/article\/43722\/\" target=\"_blank\" rel=\"noopener\"><span dir=\"auto\">Al-Manar<\/span><\/a><\/em><\/p>\n<p>&nbsp;<\/p>\n","protected":false},"excerpt":{"rendered":"<p>Americk\u00fd prezident Donald Trump v p\u00e1tek ve\u010der ozna\u010dil Hormuzsk\u00fd pr\u016fliv za \u201eTrumpovu \u00fa\u017einu\u201c. \u00cdr\u00e1n blokuje&#8230;<\/p>\n","protected":false},"author":2,"featured_media":103331,"comment_status":"closed","ping_status":"closed","sticky":false,"template":"","format":"standard","meta":[],"categories":[7],"tags":[38,452,40],"_links":{"self":[{"href":"https:\/\/www.infokuryr.cz\/n\/wp-json\/wp\/v2\/posts\/103330"}],"collection":[{"href":"https:\/\/www.infokuryr.cz\/n\/wp-json\/wp\/v2\/posts"}],"about":[{"href":"https:\/\/www.infokuryr.cz\/n\/wp-json\/wp\/v2\/types\/post"}],"author":[{"embeddable":true,"href":"https:\/\/www.infokuryr.cz\/n\/wp-json\/wp\/v2\/users\/2"}],"replies":[{"embeddable":true,"href":"https:\/\/www.infokuryr.cz\/n\/wp-json\/wp\/v2\/comments?post=103330"}],"version-history":[{"count":0,"href":"https:\/\/www.infokuryr.cz\/n\/wp-json\/wp\/v2\/posts\/103330\/revisions"}],"wp:featuredmedia":[{"embeddable":true,"href":"https:\/\/www.infokuryr.cz\/n\/wp-json\/wp\/v2\/media\/103331"}],"wp:attachment":[{"href":"https:\/\/www.infokuryr.cz\/n\/wp-json\/wp\/v2\/media?parent=103330"}],"wp:term":[{"taxonomy":"category","embeddable":true,"href":"https:\/\/www.infokuryr.cz\/n\/wp-json\/wp\/v2\/categories?post=103330"},{"taxonomy":"post_tag","embeddable":true,"href":"https:\/\/www.infokuryr.cz\/n\/wp-json\/wp\/v2\/tags?post=103330"}],"curies":[{"name":"wp","href":"https:\/\/api.w.org\/{rel}","templated":true}]}}