{"id":103265,"date":"2026-03-30T00:31:48","date_gmt":"2026-03-29T22:31:48","guid":{"rendered":"https:\/\/www.infokuryr.cz\/n\/?p=103265"},"modified":"2026-03-29T19:48:49","modified_gmt":"2026-03-29T17:48:49","slug":"palestinci-v-izraeli-jsou-pred-bombardovanim-zbaveni-utociste","status":"publish","type":"post","link":"https:\/\/www.infokuryr.cz\/n\/2026\/03\/30\/palestinci-v-izraeli-jsou-pred-bombardovanim-zbaveni-utociste\/","title":{"rendered":"Palestinci v Izraeli jsou p\u0159ed bombardov\u00e1n\u00edm zbaveni \u00fato\u010di\u0161t\u011b"},"content":{"rendered":"<div id=\"fb-root\"><\/div>\n<h3><strong><span dir=\"auto\">Tohle za\u017e\u00edv\u00e1 palestinsk\u00fd ob\u010dan Izraele b\u011bhem v\u00e1lky proti \u00cdr\u00e1nu<\/span><\/strong><\/h3>\n<p><span dir=\"auto\">V reakci na (nyn\u00ed b\u011b\u017en\u00e9) bombardov\u00e1n\u00ed prov\u00e1d\u011bn\u00e9 Izraelem proti ciz\u00edm zem\u00edm, jako je Libanon a \u00cdr\u00e1n, se obecn\u011b pozoruje jak\u00e1si (p\u0159edv\u00eddateln\u00e1 a p\u0159irozen\u00e1) reakce.<\/span><\/p>\n<p><span dir=\"auto\">V Izraeli okam\u017eit\u011b vyvst\u00e1vaj\u00ed dv\u011b ot\u00e1zky: 1) Podporujete izraelsk\u00e9 bombardov\u00e1n\u00ed zem\u011b X nebo Y a 2) C\u00edt\u00edte se \u201ebezpe\u010dn\u011b\u201c?<\/span><\/p>\n<p><span dir=\"auto\">Pr\u00e1v\u011b v odpov\u011bd\u00edch na tyto dv\u011b ot\u00e1zky m\u016f\u017eeme vid\u011bt, jak odli\u0161n\u00e9 jsou \u017eivoty Izraelc\u016f a Palestinc\u016f, stejn\u011b jako jejich vn\u00edm\u00e1n\u00ed sv\u011bta.<\/span><\/p>\n<p><span dir=\"auto\">Mezi \u017eidovsk\u00fdmi Izraelci drtiv\u00e1 v\u011bt\u0161ina (a kdy\u017e \u0159\u00edk\u00e1m drtiv\u00e1, mysl\u00edm t\u00edm opravdu drtiv\u00e1) podporuje nejnov\u011bj\u0161\u00ed izraelsk\u00e9 \u00fadery proti \u00cdr\u00e1nu, stejn\u011b jako systematicky podporuj\u00ed v\u0161echny izraelsk\u00e9 \u00fatoky proti jak\u00e9koli zemi a proti Palestinc\u016fm.<\/span><\/p>\n<p><span dir=\"auto\">Podle\u00a0<\/span><a title=\"\" href=\"https:\/\/en.idi.org.il\/articles\/63704\" target=\"_blank\" rel=\"noopener\"><span dir=\"auto\">pr\u016fzkumu<\/span><\/a><span dir=\"auto\">\u00a0proveden\u00e9ho Izraelsk\u00fdm institutem pro demokracii podporuje \u00fatok proti \u00cdr\u00e1nu nejm\u00e9n\u011b 92,5 % \u017eidovsk\u00fdch Izraelc\u016f, v\u010detn\u011b 68 % t\u011bch, kte\u0159\u00ed se v Izraeli definuj\u00ed jako \u201elevi\u010d\u00e1ci\u201c.<\/span><\/p>\n<p><span dir=\"auto\">Naproti tomu palestin\u0161t\u00ed ob\u010dan\u00e9 Izraele tento ani \u017e\u00e1dn\u00fd jin\u00fd izraelsk\u00fd vojensk\u00fd \u00fatok v\u011bt\u0161inou nepodporuj\u00ed, p\u0159i\u010dem\u017e asi 25 % z nich uv\u00e1d\u00ed, \u017ee podporuj\u00ed izraelsk\u00e9 \u00fadery proti \u00cdr\u00e1nu.<\/span><\/p>\n<p><span dir=\"auto\">Stejn\u00fd pr\u016fzkum se ptal, zda se obyvatel\u00e9 Izraele c\u00edt\u00ed chr\u00e1n\u011bni p\u0159ed \u00edr\u00e1nsk\u00fdmi \u00fatoky: 79 % dot\u00e1zan\u00fdch \u017eidovsk\u00fdch Izraelc\u016f se c\u00edtilo chr\u00e1n\u011bno, ve srovn\u00e1n\u00ed s 15 % palestinsk\u00fdch ob\u010dan\u016f Izraele.<\/span><\/p>\n<p><span dir=\"auto\">Pro\u010d tyto rozd\u00edly? Je to jednoduch\u00e9. Proto\u017ee Palestinci v Izraeli nikdy nebyli sou\u010d\u00e1st\u00ed izraelsk\u00e9 spole\u010dnosti, ale plat\u00edme cenu za izraelsk\u00e9 v\u00e1lky. (Mimochodem, nikdo se nikdy neobt\u011b\u017euje prov\u00e9st\u00a0<\/span><a title=\"\" href=\"https:\/\/www.nytimes.com\/live\/2026\/03\/18\/world\/iran-war-news-trump-oil\" target=\"_blank\" rel=\"noopener\"><span dir=\"auto\">pr\u016fzkum<\/span><\/a><span dir=\"auto\">\u00a0mezi Palestinci na okupovan\u00e9m Z\u00e1padn\u00edm b\u0159ehu Jord\u00e1nu \u2013 v\u010detn\u011b Jeruzal\u00e9ma \u2013 nebo v p\u00e1smu Gazy a i oni plat\u00ed cenu za izraelskou agresi.)<\/span><\/p>\n<h3 class=\"wp-block-heading\"><strong><span dir=\"auto\">Pouze 37 p\u0159\u00edst\u0159e\u0161k\u016f<\/span><\/strong><\/h3>\n<p><span dir=\"auto\">Za\u010dn\u011bme zkoum\u00e1n\u00edm ot\u00e1zky \u201ebezpe\u010dnosti\u201c a pocitu \u201echr\u00e1n\u011bnosti\u201c.<\/span><\/p>\n<p><span dir=\"auto\">Z\u00a0<\/span><a title=\"\" href=\"https:\/\/www.ynet.co.il\/economy\/article\/yokra14701084#google_vignette\" target=\"_blank\" rel=\"noopener\"><span dir=\"auto\">11 775<\/span><\/a><span dir=\"auto\">\u00a0ve\u0159ejn\u00fdch \u00fatulk\u016f v Izraeli se pouze 37 \u2013 ano, 37 (!) \u2013 nach\u00e1z\u00ed ve m\u011bstech s palestinskou v\u011bt\u0161inou, jak uv\u00e1d\u00ed ned\u00e1vn\u00e1 vl\u00e1dn\u00ed\u00a0<\/span><a title=\"\" href=\"https:\/\/www.972mag.com\/exposed-silenced-palestinians-wartime-israel\/\" target=\"_blank\" rel=\"noopener\"><span dir=\"auto\">studie<\/span><\/a><span dir=\"auto\">\u00a0.<\/span><\/p>\n<p><span dir=\"auto\">To znamen\u00e1, \u017ee pouze 0,3 % izraelsk\u00fdch ve\u0159ejn\u00fdch \u00fatulk\u016f je p\u0159id\u011bleno 20 % ob\u010dan\u016f st\u00e1tu. Ani po \u00fatoku na \u00cdr\u00e1n v \u010dervnu lo\u0148sk\u00e9ho roku Izrael neud\u011blal nic pro \u0159e\u0161en\u00ed t\u00e9to do o\u010d\u00ed bij\u00edc\u00ed nerovnosti.<\/span><\/p>\n<p><span dir=\"auto\">V m\u00e9m vlastn\u00edm m\u011bst\u011b, Haif\u011b, \u010dasto popisovan\u00e9 (samoz\u0159ejm\u011b nepalestinsk\u00fdmi obyvateli) jako vzor \u201esou\u017eit\u00ed\u201c, pozorujeme stejnou situaci.<\/span><\/p>\n<p><span dir=\"auto\">B\u011bhem Nakby provedl Izrael etnick\u00e9 \u010distky 95 % z 75 000 palestinsk\u00fdch obyvatel Haify, zbylo jich jen 3 000. Ti, kte\u0159\u00ed z\u016fstali, byli nuceni usadit se v \u010dtvrti Wadi Nisnas.<\/span><\/p>\n<p><span dir=\"auto\">Dnes v t\u00e9to \u010dtvrti \u017eije p\u0159ibli\u017en\u011b 9 000 Palestinc\u016f, ale jejich jedin\u00fdm ve\u0159ejn\u00fdm \u00fato\u010di\u0161t\u011bm je \u0161koln\u00ed t\u011blocvi\u010dna.<\/span><\/p>\n<p><span dir=\"auto\">M\u011bsto Nof HaGalil bylo postaveno na pozemku ukraden\u00e9m obyvatel\u016fm Nazareta. Pro sv\u00fdch 45 000 obyvatel m\u00e1 24 ve\u0159ejn\u00fdch p\u0159\u00edst\u0159e\u0161k\u016f, zat\u00edmco Nazaret, nejv\u011bt\u0161\u00ed palestinsk\u00e9 m\u011bsto v Izraeli s 80 000 obyvateli, nem\u00e1 ani jeden.<\/span><\/p>\n<p><span dir=\"auto\">Mysl\u00edm na svou vlastn\u00ed rodinu v Nazaretu a na seniory v Haif\u011b a p\u0159em\u00fd\u0161l\u00edm, jak se jim da\u0159\u00ed \u201ez\u016fstat v bezpe\u010d\u00ed\u201c, jak n\u00e1m neust\u00e1le \u0159\u00edkaj\u00ed.<\/span><\/p>\n<p><span dir=\"auto\">A nezapome\u0148te, \u017ee v Gaze ani na Z\u00e1padn\u00edm b\u0159ehu Jord\u00e1nu nen\u00ed \u017e\u00e1dn\u00fd \u00fakryt. \u00dalomky z \u00edr\u00e1nsk\u00e9 rakety\u00a0<\/span><a title=\"\" href=\"https:\/\/www.haaretz.com\/west-bank\/2026-03-22\/ty-article-magazine\/.premium\/an-iranian-missile-killed-four-palestinian-women-leaving-a-community-in-grief\/0000019d-0fff-dd21-a1df-ffffa6b60000\" target=\"_blank\" rel=\"noopener\"><span dir=\"auto\">zabily<\/span><\/a><span dir=\"auto\">\u00a0\u010dty\u0159i palestinsk\u00e9 \u017eeny, v\u010detn\u011b dosp\u00edvaj\u00edc\u00ed d\u00edvky a dvou t\u011bhotn\u00fdch \u017een, kter\u00e9 se v kade\u0159nictv\u00ed pobl\u00ed\u017e Hebronu p\u0159ipravovaly na sv\u00e1tek \u00cdd.<\/span><\/p>\n<p><span dir=\"auto\">Nedostali \u017e\u00e1dn\u00e9 varov\u00e1n\u00ed; nem\u011bli \u017e\u00e1dn\u00fd p\u0159\u00edst\u0159e\u0161ek, kam by se mohli uch\u00fdlit.<\/span><\/p>\n<h3 class=\"wp-block-heading\"><strong><span dir=\"auto\">Izrael bude masakrovat dle libosti<\/span><\/strong><\/h3>\n<p><span dir=\"auto\">Zp\u016fsob, jak\u00fdm Palestinci vn\u00edmaj\u00ed v\u00e1lku proti Izraelc\u016fm, nen\u00ed jen ot\u00e1zkou \u00fato\u010di\u0161t\u011b; je to ot\u00e1zka sv\u011bton\u00e1zoru.<\/span><\/p>\n<p><span dir=\"auto\">Palestinci nepodporuj\u00ed izraelsk\u00e9 v\u00e1lky, proto\u017ee v\u00edme, jak byl Izrael zalo\u017een: etnick\u00fdmi \u010distkami, masakry a kr\u00e1de\u017eemi. Jak jinak by si n\u011bkdo mohl dovolit \u017e\u00edt v ciz\u00edm dom\u011b (doslova), sp\u00e1t v jeho posteli, j\u00edst z jeho tal\u00ed\u0159e a tvrdit, \u017ee je to spr\u00e1vn\u00e9? To se stalo v roce 1948.<\/span><\/p>\n<p><span dir=\"auto\">P\u0159eneseme se do roku 2026: Jak mohou nad\u00e1le \u017e\u00edt v na\u0161ich domovech nebo na na\u0161\u00ed ukraden\u00e9 zemi, zat\u00edmco p\u00e1chaj\u00ed genocidu? Odpov\u011b\u010f zn\u00ed, \u017ee k tomu m\u016f\u017ee doj\u00edt pouze prost\u0159ednictv\u00edm velmi hlubok\u00e9ho procesu dehumanizace. A my Palestinci jsme ob\u011b\u0165mi t\u00e9to dehumanizace od chv\u00edle, kdy vznikl St\u00e1t Izrael.<\/span><\/p>\n<p><span dir=\"auto\">B\u00fdt Palestincem v Izraeli znamen\u00e1 \u017e\u00edt p\u0159ev\u00e1\u017en\u011b mezi pachateli, obh\u00e1jci, obh\u00e1jci a\/nebo pop\u00edra\u010di Nakby. Dnes to tak\u00e9 znamen\u00e1 \u017e\u00edt p\u0159ev\u00e1\u017en\u011b mezi pachateli, obh\u00e1jci, obh\u00e1jci a\/nebo pop\u00edra\u010di\u00a0<\/span><a title=\"\" href=\"https:\/\/zeteo.com\/p\/genocide-apologists-israel-gaza-haifa\" target=\"_blank\" rel=\"noopener\"><span dir=\"auto\">genocidy<\/span><\/a><span dir=\"auto\">\u00a0.<\/span><\/p>\n<p><span dir=\"auto\">Nechceme, aby Izrael d\u011blal Libanonu nebo \u00cdr\u00e1nu to, co ud\u011blal n\u00e1m (a st\u00e1le d\u011bl\u00e1). A na rozd\u00edl od mnoha z\u00e1padn\u00edch v\u016fdc\u016f, kte\u0159\u00ed bagatelizuj\u00ed\u00a0<\/span><a title=\"\" href=\"https:\/\/zeteo.com\/p\/dont-forget-gaza-and-palestinians-iran-war\" target=\"_blank\" rel=\"noopener\"><span dir=\"auto\">biblick\u00e9 zm\u00ednky<\/span><\/a><span dir=\"auto\">\u00a0o masakrech a vyvlast\u0148ov\u00e1n\u00ed p\u016fdy, kter\u00e9 pron\u00e1\u0161ej\u00ed izrael\u0161t\u00ed v\u016fdci a minist\u0159i, my Palestinci jim v\u011b\u0159\u00edme.<\/span><\/p>\n<p><span dir=\"auto\">Proto\u017ee je to pravda. Izrael bude masakrovat, jak se mu zl\u00edb\u00ed \u2013 jako v\u017edy; a krade dal\u0161\u00ed \u00fazem\u00ed \u2013 jako v\u017edy.<\/span><\/p>\n<p><span dir=\"auto\">Nap\u0159\u00edklad po izraelsk\u00e9m bombardov\u00e1n\u00ed Libanonu v roce 2006 za\u010dali Izraelci pou\u017e\u00edvat fr\u00e1zi \u201e\u00a0<\/span><a title=\"\" href=\"https:\/\/zeteo.com\/p\/we-will-dahiya-you-mehdi-breaks-down\" target=\"_blank\" rel=\"noopener\"><span dir=\"auto\">doktr\u00edna Dahiyah<\/span><\/a><span dir=\"auto\">\u00a0\u201c, pojmenovanou podle p\u0159edm\u011bst\u00ed Bejr\u00fatu, kter\u00e9 bylo masivn\u011b bombardov\u00e1no Izraelem. Izrael zas\u00e1hl obytn\u00e9 budovy bez ohledu na civilisty a zam\u011b\u0159il se na elektr\u00e1rny, budovy a dal\u0161\u00ed infrastrukturu s c\u00edlem kolektivn\u011b potrestat Libanon ( dodnes\u00a0<\/span><a title=\"\" href=\"https:\/\/www.aljazeera.com\/features\/2026\/3\/18\/why-israel-targets-beiruts-dahiyeh-and-what-the-suburb-means-to-lebanon\" target=\"_blank\" rel=\"noopener\"><span dir=\"auto\">bombarduje<\/span><\/a><span dir=\"auto\">\u00a0Dahiyeh).<\/span><\/p>\n<p><span dir=\"auto\">To je samoz\u0159ejm\u011b nez\u00e1konn\u00e9. Dnes se Izrael ji\u017e neodvol\u00e1v\u00e1 na doktr\u00ednu Dahiyeh, proto\u017ee zintenzivnil sv\u00e9 zlo\u010diny; existuje nov\u00e1 norma.<\/span><\/p>\n<p><span dir=\"auto\">Izraelsk\u00fd ministr financ\u00ed Becalel Smotrich sl\u00edbil, \u017ee Bejr\u00fat bude p\u0159ipom\u00ednat\u00a0<\/span><a title=\"\" href=\"https:\/\/www.aljazeera.com\/news\/2026\/3\/5\/israels-smotrich-threatens-beirut-suburbs-amid-evacuation-orders\" target=\"_blank\" rel=\"noopener\"><span dir=\"auto\">Ch\u00e1n J\u00fanis<\/span><\/a><span dir=\"auto\">\u00a0, zat\u00edmco izraelsk\u00fd ministr obrany Israel Katz sl\u00edbil, \u017ee bude p\u0159ipom\u00ednat\u00a0<\/span><a title=\"\" href=\"https:\/\/www.theguardian.com\/world\/2026\/mar\/16\/israel-expansion-lebanon-ground-campaign-fears-prolonged-occupation\" target=\"_blank\" rel=\"noopener\"><span dir=\"auto\">Rafah a Bejt Han\u00fan<\/span><\/a><span dir=\"auto\">\u00a0.<\/span><\/p>\n<p><span dir=\"auto\">Je t\u0159eba p\u0159ipomenout, \u017ee\u00a0<\/span><a title=\"\" href=\"https:\/\/www.haaretz.com\/israel-news\/2025-06-12\/ty-article-magazine\/.premium\/rafah-is-gone-razed-to-the-ground-its-not-the-only-city-decimated-by-the-israeli-army\/00000197-6506-db73-aff7-7d4ee6bb0000\" target=\"_blank\" rel=\"noopener\"><span dir=\"auto\">Rafah<\/span><\/a><span dir=\"auto\">\u00a0a\u00a0<\/span><a title=\"\" href=\"https:\/\/www.aljazeera.com\/news\/2026\/1\/26\/investigation-reveals-israeli-campaign-to-flatten-gaza-town-of-beit-hanoon\" target=\"_blank\" rel=\"noopener\"><span dir=\"auto\">Beit Hanoun<\/span><\/a><span dir=\"auto\">\u00a0byly zcela zni\u010deny \u2013 nez\u016fstala zde ani jedna budova \u2013 zat\u00edmco\u00a0<\/span><a title=\"\" href=\"https:\/\/www.npr.org\/2024\/04\/10\/1243605152\/khan-younis-gaza-residents-return-israel-hamas-war\" target=\"_blank\" rel=\"noopener\"><span dir=\"auto\">Ch\u00e1n J\u00fanis<\/span><\/a><span dir=\"auto\">\u00a0bylo zni\u010deno v\u00edce ne\u017e 80 %.<\/span><\/p>\n<p><span dir=\"auto\">Je to tak\u00e9 m\u00edsto masov\u00e9ho hrobu. Doktr\u00edna Dahiyeh je proto nahrazena doktr\u00ednou Rafah. Toto je v Izraeli nov\u00e1 norma.<\/span><\/p>\n<p><span dir=\"auto\">Proto jsme proti t\u011bmto nekone\u010dn\u00fdm v\u00e1lk\u00e1m. Pokud se ale odv\u00e1\u017e\u00edme ozvat v opozici, rasistick\u00fd a fa\u0161istick\u00fd st\u00e1t (maskovan\u00fd jako \u201edemokratick\u00fd\u201c) zas\u00e1hne, aby n\u00e1s vr\u00e1til na na\u0161e m\u00edsto.<\/span><\/p>\n<p><span dir=\"auto\">Od za\u010d\u00e1tku izraelsk\u00e9ho \u00fatoku byli Palestinci\u00a0<\/span><a title=\"\" href=\"https:\/\/www.972mag.com\/exposed-silenced-palestinians-wartime-israel\/\" target=\"_blank\" rel=\"noopener\"><span dir=\"auto\">zat\u00fdk\u00e1ni<\/span><\/a><span dir=\"auto\">\u00a0za p\u0159\u00edsp\u011bvky na soci\u00e1ln\u00edch s\u00edt\u00edch, za \u00fadajn\u00e9 nast\u0159\u00edk\u00e1n\u00ed palestinsk\u00e9 vlajky na ofici\u00e1ln\u00ed budovy (hlavn\u00ed izraelsk\u00fd str\u016fjce a ministr n\u00e1rodn\u00ed bezpe\u010dnosti Itamar Ben-Gvir byl osobn\u011b\u00a0<\/span><a title=\"\" href=\"https:\/\/www.haaretz.com\/israel-news\/israel-security\/2026-03-14\/ty-article\/.premium\/court-frees-palestinian-flag-graffiti-suspect-arrested-in-televised-raid\/0000019c-e8df-d02e-abdf-e9df71000000\" target=\"_blank\" rel=\"noopener\"><span dir=\"auto\">sv\u011bdkem<\/span><\/a><span dir=\"auto\">\u00a0zat\u010den\u00ed mu\u017ee v moment\u011b, kter\u00fd byl zjevn\u011b zinscenov\u00e1n pro televizi) a za to, \u017ee m\u011bli palestinskou vlajku ve sv\u00fdch domovech.<\/span><\/p>\n<p><span dir=\"auto\">Mimochodem, sionistickou agresi doprov\u00e1z\u00ed sionistick\u00e1 k\u0159ehkost. B\u00fdt Palestincem a \u017e\u00edt v jak\u00e9koli \u010d\u00e1sti Palestiny neznamen\u00e1 jen naj\u00edt zp\u016fsob, jak jednodu\u0161e p\u0159e\u017e\u00edt, ale tak\u00e9 \u010delit sionistick\u00e9mu n\u00e1sil\u00ed a sionistick\u00fdm pokus\u016fm neust\u00e1le demonstrovat svou s\u00edlu a z\u00e1rove\u0148 dokazovat, \u017ee mohou a budou p\u00e1chat v\u00e1le\u010dn\u00e9 zlo\u010diny.<\/span><\/p>\n<p><span dir=\"auto\">Toto sionistick\u00e9 n\u00e1sil\u00ed se neomezuje pouze na v\u00e1le\u010dn\u00e9 obdob\u00ed, ale je praktikov\u00e1no denn\u011b \u2013 proto\u017ee to je p\u0159esn\u011b to, co sionismus je: n\u00e1sil\u00ed \u2013 a my jsme prvn\u00edmi ob\u011b\u0165mi, i kdy\u017e jich bude mnohem, mnohem v\u00edce.<\/span><\/p>\n<p><span dir=\"auto\">Tak\u017ee ne, nejsme \u201ev bezpe\u010d\u00ed\u201c a nenech\u00e1me se oklamat, ani te\u010f, ani nikdy, a nev\u011b\u0159it, \u017ee veden\u00ed v\u00e1lek a p\u00e1ch\u00e1n\u00ed v\u00e1le\u010dn\u00fdch zlo\u010din\u016f u\u010din\u00ed kohokoli bezpe\u010dn\u011bj\u0161\u00edm.<\/span><\/p>\n<p><em><span dir=\"auto\">od\u00a0<\/span><a href=\"https:\/\/zeteo.com\/p\/less-than-1-of-public-bomb-shelters\"><strong><span dir=\"auto\">Diany Buttu<\/span><\/strong><\/a><\/em><\/p>\n<p>&nbsp;<\/p>\n","protected":false},"excerpt":{"rendered":"<p>Tohle za\u017e\u00edv\u00e1 palestinsk\u00fd ob\u010dan Izraele b\u011bhem v\u00e1lky proti \u00cdr\u00e1nu V reakci na (nyn\u00ed b\u011b\u017en\u00e9) bombardov\u00e1n\u00ed&#8230;<\/p>\n","protected":false},"author":2,"featured_media":103266,"comment_status":"closed","ping_status":"closed","sticky":false,"template":"","format":"standard","meta":[],"categories":[7],"tags":[10808,107,313],"_links":{"self":[{"href":"https:\/\/www.infokuryr.cz\/n\/wp-json\/wp\/v2\/posts\/103265"}],"collection":[{"href":"https:\/\/www.infokuryr.cz\/n\/wp-json\/wp\/v2\/posts"}],"about":[{"href":"https:\/\/www.infokuryr.cz\/n\/wp-json\/wp\/v2\/types\/post"}],"author":[{"embeddable":true,"href":"https:\/\/www.infokuryr.cz\/n\/wp-json\/wp\/v2\/users\/2"}],"replies":[{"embeddable":true,"href":"https:\/\/www.infokuryr.cz\/n\/wp-json\/wp\/v2\/comments?post=103265"}],"version-history":[{"count":0,"href":"https:\/\/www.infokuryr.cz\/n\/wp-json\/wp\/v2\/posts\/103265\/revisions"}],"wp:featuredmedia":[{"embeddable":true,"href":"https:\/\/www.infokuryr.cz\/n\/wp-json\/wp\/v2\/media\/103266"}],"wp:attachment":[{"href":"https:\/\/www.infokuryr.cz\/n\/wp-json\/wp\/v2\/media?parent=103265"}],"wp:term":[{"taxonomy":"category","embeddable":true,"href":"https:\/\/www.infokuryr.cz\/n\/wp-json\/wp\/v2\/categories?post=103265"},{"taxonomy":"post_tag","embeddable":true,"href":"https:\/\/www.infokuryr.cz\/n\/wp-json\/wp\/v2\/tags?post=103265"}],"curies":[{"name":"wp","href":"https:\/\/api.w.org\/{rel}","templated":true}]}}