{"id":103263,"date":"2026-03-30T00:30:27","date_gmt":"2026-03-29T22:30:27","guid":{"rendered":"https:\/\/www.infokuryr.cz\/n\/?p=103263"},"modified":"2026-03-29T19:40:21","modified_gmt":"2026-03-29T17:40:21","slug":"volkswagen-jedna-s-vyrobcem-izraelskeho-systemu-iron-dome-o-prechodu-od-vyroby-automobilu-k-vyrobe-systemu-protiraketove-obrany","status":"publish","type":"post","link":"https:\/\/www.infokuryr.cz\/n\/2026\/03\/30\/volkswagen-jedna-s-vyrobcem-izraelskeho-systemu-iron-dome-o-prechodu-od-vyroby-automobilu-k-vyrobe-systemu-protiraketove-obrany\/","title":{"rendered":"Volkswagen jedn\u00e1 s v\u00fdrobcem izraelsk\u00e9ho syst\u00e9mu Iron Dome o p\u0159echodu od v\u00fdroby automobil\u016f k v\u00fdrob\u011b syst\u00e9m\u016f protiraketov\u00e9 obrany"},"content":{"rendered":"<div id=\"fb-root\"><\/div>\n<p><strong><span dir=\"auto\">Projekt se spole\u010dnost\u00ed Rafael Advanced Defence Systems pl\u00e1nuje vyu\u017e\u00edt tov\u00e1rnu automobilky v Osnabr\u00fccku k v\u00fdrob\u011b d\u00edl\u016f pro protivzdu\u0161nou obranu.<\/span><\/strong><\/p>\n<p><span dir=\"auto\">Volkswagen jedn\u00e1 s izraelskou skupinou Rafael Advanced Defence Systems o dohod\u011b, kter\u00e1 by umo\u017enila p\u0159echod v\u00fdroby v jednom z z\u00e1vod\u016f n\u011bmeck\u00e9 automobilky na protiraketovou obranu.<\/span><\/p>\n<p><span dir=\"auto\">Ob\u011b spole\u010dnosti pl\u00e1nuj\u00ed p\u0159estavit pot\u00fdkaj\u00edc\u00ed se z\u00e1vod v Osnabr\u00fccku na v\u00fdrobu komponent\u016f pro syst\u00e9m protivzdu\u0161n\u00e9 obrany Iron Dome, kter\u00fd vlastn\u00ed izraelsk\u00e1 st\u00e1tn\u00ed skupina, uv\u00e1d\u011bj\u00ed lid\u00e9 bl\u00edzk\u00ed projektu.<\/span><\/p>\n<p><span dir=\"auto\">Toto partnerstv\u00ed by bylo dosud nejv\u00fdrazn\u011bj\u0161\u00edm p\u0159\u00edkladem toho, jak n\u011bmeck\u00fd automobilov\u00fd pr\u016fmysl, jeho\u017e zisky se zhroutily tv\u00e1\u0159\u00ed v tv\u00e1\u0159 rostouc\u00ed konkurenci z \u010c\u00edny a v\u00e1haj\u00edc\u00edmu p\u0159echodu na elektromobily, hled\u00e1 partnerstv\u00ed s prosperuj\u00edc\u00edm sektorem vojensk\u00e9 v\u00fdroby.<\/span><\/p>\n<p><span dir=\"auto\">Ob\u011b spole\u010dnosti doufaj\u00ed, \u017ee zachr\u00e1n\u00ed 2 300 pracovn\u00edch m\u00edst v z\u00e1vod\u011b v Doln\u00edm Sasku v z\u00e1padn\u00edm N\u011bmecku, kter\u00e9mu hrozilo uzav\u0159en\u00ed, a \u017ee syst\u00e9my prodaj\u00ed evropsk\u00fdm vl\u00e1d\u00e1m.<\/span><\/p>\n<p><span dir=\"auto\">\u201e\u00a0<\/span><em><span dir=\"auto\">C\u00edlem je zachr\u00e1nit v\u0161echny a dokonce i zajistit r\u016fst,<\/span><\/em><span dir=\"auto\">\u00a0\u201c \u0159ekl jeden z lid\u00ed bl\u00edzk\u00fdch projektu. \u201e\u00a0<\/span><em><span dir=\"auto\">Potenci\u00e1l je obrovsk\u00fd. Je ale tak\u00e9 na individu\u00e1ln\u00edm rozhodnut\u00ed pracovn\u00edk\u016f, zda se cht\u011bj\u00ed t\u00e9to my\u0161lenky z\u00fa\u010dastnit<\/span><\/em><span dir=\"auto\">\u00a0.\u201c<\/span><\/p>\n<p><span dir=\"auto\">N\u011bmeck\u00e1 vl\u00e1da tento n\u00e1vrh aktivn\u011b podporuje, uvedla druh\u00e1 osoba.<\/span><\/p>\n<p><span dir=\"auto\">Volkswagen ji\u017e vyr\u00e1b\u00ed vojensk\u00e9 n\u00e1kladn\u00ed vozy prost\u0159ednictv\u00edm spole\u010dn\u00e9ho podniku sv\u00e9 dce\u0159in\u00e9 spole\u010dnosti MAN a n\u011bmeck\u00e9 zbrojn\u00ed skupiny Rheinmetall. Partnerstv\u00ed s Rafaelem by v\u0161ak pro VW znamenalo velk\u00fd n\u00e1vrat do zbrojn\u00edho pr\u016fmyslu pot\u00e9, co v\u00fdrobce b\u011bhem druh\u00e9 sv\u011btov\u00e9 v\u00e1lky vyr\u00e1b\u011bl vojensk\u00e1 vozidla a l\u00e9taj\u00edc\u00ed bombu V1 pro Hitlerovu arm\u00e1du.<\/span><\/p>\n<p><span dir=\"auto\">Podle pl\u00e1n\u016f by z\u00e1vod v Osnabr\u00fccku vyr\u00e1b\u011bl r\u016fzn\u00e9 komponenty syst\u00e9mu Iron Dome, v\u010detn\u011b t\u011b\u017ek\u00fdch n\u00e1kladn\u00edch vozidel p\u0159epravuj\u00edc\u00edch rakety syst\u00e9mu, a tak\u00e9 odpalovac\u00edch za\u0159\u00edzen\u00ed a gener\u00e1tor\u016f energie. Samotn\u00e9 projektily by v\u0161ak nevyr\u00e1b\u011bl.<\/span><\/p>\n<p><span dir=\"auto\">Koncept by podle prvn\u00ed osoby vy\u017eadoval jen minim\u00e1ln\u00ed investice. \u201e\u00a0<\/span><em><span dir=\"auto\">Na p\u0159echod na novou v\u00fdrobu pot\u0159ebujete ur\u010dit\u00fd rozpo\u010det, ale je to docela jednoduch\u00e9<\/span><\/em><span dir=\"auto\">\u00a0.\u201c<\/span><\/p>\n<p><span dir=\"auto\">Dodal, \u017ee my\u0161lenkou je, \u017ee \u201e\u00a0<\/span><em><span dir=\"auto\">osv\u011bd\u010den\u00e9 obrann\u00e9 technologie se spoj\u00ed s n\u011bmeck\u00fdm know-how<\/span><\/em><span dir=\"auto\">\u00a0\u201c k v\u00fdrob\u011b syst\u00e9mu.<\/span><\/p>\n<p><span dir=\"auto\">Spole\u010dnost Rafael pl\u00e1nuje v N\u011bmecku vytvo\u0159it samostatnou v\u00fdrobn\u00ed jednotku pro rakety syst\u00e9mu, kter\u00e9 budou vyr\u00e1b\u011bny na specializovan\u00e9m m\u00edst\u011b.<\/span><\/p>\n<p><span dir=\"auto\">Spole\u010dnost douf\u00e1, \u017ee syst\u00e9m Iron Dome prod\u00e1 vl\u00e1d\u00e1m v cel\u00e9 Evropsk\u00e9 unii, v\u010detn\u011b N\u011bmecka, jeliko\u017e zem\u011b posiluj\u00ed svou protivzdu\u0161nou obranu v r\u00e1mci rozs\u00e1hl\u00e9ho p\u0159ezbrojen\u00ed v reakci na ruskou invazi na Ukrajinu. N\u011bmecko loni p\u0159evzalo prvn\u00ed t\u0159i baterie izraelsk\u00e9ho syst\u00e9mu protivzdu\u0161n\u00e9 obrany Arrow 3, kter\u00e9 vyrobila jin\u00e1 izraelsk\u00e1 spole\u010dnost Israel Aerospace Industries.<\/span><\/p>\n<p><span dir=\"auto\">Podle t\u0159et\u00ed osoby bl\u00edzk\u00e9 projektu si Rafael pro evropskou produkci vybral N\u011bmecko kv\u016fli jeho statusu: je to jeden z nejhorliv\u011bj\u0161\u00edch stoupenc\u016f Izraele v Evrop\u011b.<\/span><\/p>\n<p><span dir=\"auto\">Jin\u00e1 osoba uvedla, \u017ee spole\u010dnost reagovala na v\u00fdzvy vysok\u00fdch n\u011bmeck\u00fdch \u00fa\u0159edn\u00edk\u016f k vyu\u017eit\u00ed p\u0159ebyte\u010dn\u00fdch kapacit v upadaj\u00edc\u00edm n\u011bmeck\u00e9m pr\u016fmyslov\u00e9m sektoru.<\/span><\/p>\n<p><span dir=\"auto\">Toto rozhodnut\u00ed p\u0159ich\u00e1z\u00ed v dob\u011b, kdy nejv\u011bt\u0161\u00ed zem\u011b EU pl\u00e1nuje do konce desetilet\u00ed vynalo\u017eit na obranu v\u00edce ne\u017e 500 miliard eur, p\u0159i\u010dem\u017e \u00fa\u0159edn\u00edci uv\u00e1d\u011bj\u00ed, \u017ee protivzdu\u0161n\u00e1 obrana je jednou z jej\u00edch hlavn\u00edch v\u00fddajov\u00fdch priorit.<\/span><\/p>\n<p><span dir=\"auto\">Izrael p\u0159ipisuje zachycen\u00ed v\u00edce ne\u017e 90 % raket vyp\u00e1len\u00fdch proti zemi jeho protivn\u00edky sv\u00e9 komplexn\u00ed s\u00edti protivzdu\u0161n\u00e9 obrany, kter\u00e1 zahrnuje n\u011bkolik r\u016fzn\u00fdch syst\u00e9m\u016f.<\/span><\/p>\n<p><span dir=\"auto\">N\u011bkte\u0159\u00ed odborn\u00edci v\u0161ak zpochyb\u0148uj\u00ed vhodnost syst\u00e9mu Iron Dome, kter\u00fd m\u00e1 dolet 70 km a byl pou\u017e\u00edv\u00e1n p\u0159edev\u0161\u00edm k zabr\u00e1n\u011bn\u00ed dopadu raket z Gazy na Izrael, pro obranu evropsk\u00fdch n\u00e1rod\u016f p\u0159ed hrozbami na v\u011bt\u0161\u00ed vzd\u00e1lenost.<\/span><\/p>\n<p><span dir=\"auto\">Spole\u010dnost Rafael ji\u017e v N\u011bmecku vyr\u00e1b\u00ed rakety Spike pro evropsk\u00e9 zem\u011b prost\u0159ednictv\u00edm spole\u010dn\u00e9ho podniku se spole\u010dnostmi Rheinmetall a Diehl Defence. Spole\u010dnost tak\u00e9 vyr\u00e1b\u00ed syst\u00e9m s n\u00e1zvem Trophy, kter\u00fd chr\u00e1n\u00ed tanky a obrn\u011bn\u00e1 vozidla.<\/span><\/p>\n<p><span dir=\"auto\">Volkswagen hledal \u0159e\u0161en\u00ed pro z\u00e1vod v Osnabr\u00fccku, kde m\u00e1 b\u00fdt v\u00fdroba vozidel ukon\u010dena v p\u0159\u00ed\u0161t\u00edm roce v r\u00e1mci pl\u00e1nu na sni\u017eov\u00e1n\u00ed n\u00e1klad\u016f dohodnut\u00e9ho v roce 2024.<\/span><\/p>\n<p><span dir=\"auto\">Do roku 2030 opust\u00ed spole\u010dnost VW p\u0159ibli\u017en\u011b 35 000 zam\u011bstnanc\u016f, a\u010dkoli propou\u0161t\u011bn\u00ed je ve\u0161ker\u00e1 na dobrovoln\u00e9 b\u00e1zi.<\/span><\/p>\n<p><span dir=\"auto\">Mluv\u010d\u00ed VW uvedl, \u017ee spole\u010dnost jedn\u00e1 s \u201e\u00a0<\/span><em><span dir=\"auto\">r\u016fzn\u00fdmi \u00fa\u010dastn\u00edky trhu<\/span><\/em><span dir=\"auto\">\u00a0\u201c, ale \u017ee \u201e\u00a0<\/span><em><span dir=\"auto\">v sou\u010dasn\u00e9 dob\u011b neexistuj\u00ed \u017e\u00e1dn\u00e1 konkr\u00e9tn\u00ed rozhodnut\u00ed ani z\u00e1v\u011bry ohledn\u011b budouc\u00edho sm\u011b\u0159ov\u00e1n\u00ed<\/span><\/em><span dir=\"auto\">\u00a0\u201c z\u00e1vodu v Osnabr\u00fccku.<\/span><\/p>\n<p><em><span dir=\"auto\">Autor:\u00a0<\/span><strong><span dir=\"auto\">Laura Pitel<\/span><\/strong><span dir=\"auto\">\u00a0,\u00a0<\/span><strong><span dir=\"auto\">Anne-Sylvaine Chassany<\/span><\/strong><span dir=\"auto\">\u00a0a\u00a0<\/span><strong><span dir=\"auto\">Sebastien Ash<\/span><\/strong><\/em><\/p>\n<p><span dir=\"auto\">Zdroj: <\/span><a title=\"\" href=\"http:\/\/archive.today\/o6NCM\" target=\"_blank\" rel=\"noopener\"><span dir=\"auto\">Financial Times<\/span><\/a><\/p>\n<p>&nbsp;<\/p>\n","protected":false},"excerpt":{"rendered":"<p>Projekt se spole\u010dnost\u00ed Rafael Advanced Defence Systems pl\u00e1nuje vyu\u017e\u00edt tov\u00e1rnu automobilky v Osnabr\u00fccku k v\u00fdrob\u011b&#8230;<\/p>\n","protected":false},"author":2,"featured_media":103264,"comment_status":"closed","ping_status":"closed","sticky":false,"template":"","format":"standard","meta":[],"categories":[7],"tags":[107,1503,682],"_links":{"self":[{"href":"https:\/\/www.infokuryr.cz\/n\/wp-json\/wp\/v2\/posts\/103263"}],"collection":[{"href":"https:\/\/www.infokuryr.cz\/n\/wp-json\/wp\/v2\/posts"}],"about":[{"href":"https:\/\/www.infokuryr.cz\/n\/wp-json\/wp\/v2\/types\/post"}],"author":[{"embeddable":true,"href":"https:\/\/www.infokuryr.cz\/n\/wp-json\/wp\/v2\/users\/2"}],"replies":[{"embeddable":true,"href":"https:\/\/www.infokuryr.cz\/n\/wp-json\/wp\/v2\/comments?post=103263"}],"version-history":[{"count":0,"href":"https:\/\/www.infokuryr.cz\/n\/wp-json\/wp\/v2\/posts\/103263\/revisions"}],"wp:featuredmedia":[{"embeddable":true,"href":"https:\/\/www.infokuryr.cz\/n\/wp-json\/wp\/v2\/media\/103264"}],"wp:attachment":[{"href":"https:\/\/www.infokuryr.cz\/n\/wp-json\/wp\/v2\/media?parent=103263"}],"wp:term":[{"taxonomy":"category","embeddable":true,"href":"https:\/\/www.infokuryr.cz\/n\/wp-json\/wp\/v2\/categories?post=103263"},{"taxonomy":"post_tag","embeddable":true,"href":"https:\/\/www.infokuryr.cz\/n\/wp-json\/wp\/v2\/tags?post=103263"}],"curies":[{"name":"wp","href":"https:\/\/api.w.org\/{rel}","templated":true}]}}