{"id":103259,"date":"2026-03-30T00:27:43","date_gmt":"2026-03-29T22:27:43","guid":{"rendered":"https:\/\/www.infokuryr.cz\/n\/?p=103259"},"modified":"2026-03-29T19:35:00","modified_gmt":"2026-03-29T17:35:00","slug":"donald-trump-behem-sveho-prvniho-funkcniho-obdobi-pronesl-30-573-lzi-tedy-21-denne","status":"publish","type":"post","link":"https:\/\/www.infokuryr.cz\/n\/2026\/03\/30\/donald-trump-behem-sveho-prvniho-funkcniho-obdobi-pronesl-30-573-lzi-tedy-21-denne\/","title":{"rendered":"Donald Trump b\u011bhem sv\u00e9ho prvn\u00edho funk\u010dn\u00edho obdob\u00ed pronesl 30 573 l\u017e\u00ed, tedy 21 denn\u011b"},"content":{"rendered":"<div id=\"fb-root\"><\/div>\n<p><strong><span dir=\"auto\">Tento t\u00fdden Trump ozn\u00e1mil \u201epr\u016flom\u201c se zem\u00ed, kter\u00e1 tvrd\u00ed, \u017ee k \u017e\u00e1dn\u00fdm rozhovor\u016fm nedo\u0161lo \u2013 a pochlubil se \u201edarem\u201c od \u00cdr\u00e1nu, o kter\u00e9m \u00cdr\u00e1n tvrd\u00ed, \u017ee neexistuje.<\/span><\/strong><\/p>\n<div class=\"wp-block-image\">\n<figure class=\"aligncenter size-full is-resized\"><img decoding=\"async\" loading=\"lazy\" class=\"wp-image-521009 aligncenter\" src=\"https:\/\/i0.wp.com\/reseauinternational.net\/wp-content\/uploads\/2026\/03\/image-594.png?resize=716%2C293&amp;ssl=1\" sizes=\"auto, (max-width: 716px) 100vw, 716px\" srcset=\"https:\/\/i0.wp.com\/reseauinternational.net\/wp-content\/uploads\/2026\/03\/image-594.png?w=716&amp;ssl=1 716w, https:\/\/i0.wp.com\/reseauinternational.net\/wp-content\/uploads\/2026\/03\/image-594.png?resize=300%2C123&amp;ssl=1 300w\" alt=\"\" width=\"797\" height=\"326\" data-recalc-dims=\"1\" \/><span dir=\"auto\">Datab\u00e1ze ov\u011b\u0159ov\u00e1n\u00ed fakt\u016f <\/span><a title=\"\" href=\"https:\/\/www.washingtonpost.com\/politics\/2021\/01\/24\/trumps-false-or-misleading-claims-total-30573-over-four-years\/\" target=\"_blank\" rel=\"noopener\"><em><span dir=\"auto\">den\u00edku Washington Post<\/span><\/em><\/a><span dir=\"auto\">\u00a0identifikovala b\u011bhem Trumpova prvn\u00edho funk\u010dn\u00edho obdob\u00ed 30 573 nepravdiv\u00fdch nebo zav\u00e1d\u011bj\u00edc\u00edch tvrzen\u00ed.<\/span><\/figure>\n<\/div>\n<h3 class=\"wp-block-heading\"><strong><span dir=\"auto\">21 fale\u0161n\u00fdch zpr\u00e1v denn\u011b<\/span><\/strong><\/h3>\n<p><span dir=\"auto\">To je \u010dty\u0159let\u00fd pr\u016fm\u011br. Ne ty \u0161patn\u00e9 t\u00fddny. Pr\u016fm\u011br. Abychom to uvedli na pravou m\u00edru, pr\u016fm\u011brn\u00fd Ameri\u010dan po\u0161le asi 32 textov\u00fdch zpr\u00e1v denn\u011b. Trump u\u010dinil 21 potvrzen\u00fdch nepravdiv\u00fdch nebo zav\u00e1d\u011bj\u00edc\u00edch ve\u0159ejn\u00fdch prohl\u00e1\u0161en\u00ed na ka\u017ed\u00fdch 32 textov\u00fdch zpr\u00e1v odeslan\u00fdch pr\u016fm\u011brn\u00fdm ob\u010danem. Ka\u017ed\u00fd den, v\u010detn\u011b v\u00edkend\u016f, sv\u00e1tk\u016f a dn\u016f, kdy se hraje golf \u2013 a hr\u00e1l hodn\u011b.<\/span><\/p>\n<div class=\"wp-block-image\">\n<figure class=\"aligncenter size-full is-resized\"><a class=\"single-popup\" href=\"https:\/\/i0.wp.com\/reseauinternational.net\/wp-content\/uploads\/2026\/03\/image-596.png?ssl=1\"><img decoding=\"async\" loading=\"lazy\" class=\"wp-image-521011 aligncenter\" src=\"https:\/\/i0.wp.com\/reseauinternational.net\/wp-content\/uploads\/2026\/03\/image-596.png?resize=796%2C433&amp;ssl=1\" sizes=\"auto, (max-width: 796px) 100vw, 796px\" srcset=\"https:\/\/i0.wp.com\/reseauinternational.net\/wp-content\/uploads\/2026\/03\/image-596.png?w=796&amp;ssl=1 796w, https:\/\/i0.wp.com\/reseauinternational.net\/wp-content\/uploads\/2026\/03\/image-596.png?resize=300%2C163&amp;ssl=1 300w, https:\/\/i0.wp.com\/reseauinternational.net\/wp-content\/uploads\/2026\/03\/image-596.png?resize=768%2C418&amp;ssl=1 768w\" alt=\"\" width=\"638\" height=\"347\" data-recalc-dims=\"1\" \/><\/a><\/figure>\n<\/div>\n<h3 class=\"wp-block-heading\"><strong><span dir=\"auto\">39 fale\u0161n\u00fdch obvin\u011bn\u00ed denn\u011b b\u011bhem jeho posledn\u00edho roku<\/span><\/strong><\/h3>\n<p><span dir=\"auto\">Tempo se mezi jeho prvn\u00edm a posledn\u00edm rokem t\u00e9m\u011b\u0159 zdvojn\u00e1sobilo. V\u011bt\u0161ina lid\u00ed se pot\u00e9, co opakovan\u011b sly\u0161\u00ed, \u017ee se v n\u011b\u010dem m\u00fdl\u00ed, nakonec oprav\u00ed. Trumpova reakce na p\u0159ibli\u017en\u011b 30 000 ov\u011b\u0159en\u00fdch fakt\u016f spo\u010d\u00edvala v tom, \u017ee sv\u00e9 \u00fasil\u00ed zdvojn\u00e1sobil.<\/span><\/p>\n<h3 class=\"wp-block-heading\"><strong><span dir=\"auto\">503 nepravdiv\u00fdch tvrzen\u00ed za jedin\u00fd den<\/span><\/strong><\/h3>\n<p><span dir=\"auto\">2. listopadu 2020 \u2013 den p\u0159ed volbami \u2013\u00a0<\/span><a title=\"\" href=\"https:\/\/www.washingtonpost.com\/politics\/2021\/01\/24\/trumps-false-or-misleading-claims-total-30573-over-four-years\/\" target=\"_blank\" rel=\"noopener\"><span dir=\"auto\">ov\u011b\u0159ovatel\u00e9 fakt\u016f identifikovali 503 nepravdiv\u00fdch nebo zav\u00e1d\u011bj\u00edc\u00edch tvrzen\u00ed b\u011bhem jedin\u00e9ho dne<\/span><\/a><span dir=\"auto\">\u00a0. To je jedno nepravdiv\u00e9 tvrzen\u00ed ka\u017ed\u00e9 dv\u011b minuty a pades\u00e1t jedna sekund \u2013 za p\u0159edpokladu, \u017ee sp\u00ed osm hodin. Pravd\u011bpodobn\u011b osm hodin nespal.<\/span><\/p>\n<div class=\"wp-block-image\">\n<figure class=\"aligncenter size-full is-resized\"><a class=\"single-popup\" href=\"https:\/\/i0.wp.com\/reseauinternational.net\/wp-content\/uploads\/2026\/03\/image-597.png?ssl=1\"><img decoding=\"async\" loading=\"lazy\" class=\"wp-image-521012 aligncenter\" src=\"https:\/\/i0.wp.com\/reseauinternational.net\/wp-content\/uploads\/2026\/03\/image-597.png?resize=716%2C389&amp;ssl=1\" sizes=\"auto, (max-width: 716px) 100vw, 716px\" srcset=\"https:\/\/i0.wp.com\/reseauinternational.net\/wp-content\/uploads\/2026\/03\/image-597.png?w=716&amp;ssl=1 716w, https:\/\/i0.wp.com\/reseauinternational.net\/wp-content\/uploads\/2026\/03\/image-597.png?resize=300%2C163&amp;ssl=1 300w\" alt=\"\" width=\"716\" height=\"389\" data-recalc-dims=\"1\" \/><\/a><\/figure>\n<\/div>\n<h3 class=\"wp-block-heading\"><strong><span dir=\"auto\">492 nepravdiv\u00fdch prohl\u00e1\u0161en\u00ed jen za prvn\u00edch 100 dn\u00ed<\/span><\/strong><\/h3>\n<p><span dir=\"auto\">Nezdr\u017eel se.\u00a0<\/span><a title=\"\" href=\"https:\/\/www.washingtonpost.com\/politics\/2021\/01\/24\/trumps-false-or-misleading-claims-total-30573-over-four-years\/\" target=\"_blank\" rel=\"noopener\"><span dir=\"auto\">492 nepravdiv\u00fdch nebo zav\u00e1d\u011bj\u00edc\u00edch prohl\u00e1\u0161en\u00ed b\u011bhem prvn\u00edch sto dn\u016f<\/span><\/a><span dir=\"auto\">\u00a0sv\u00e9ho prvn\u00edho funk\u010dn\u00edho obdob\u00ed. T\u00e9m\u011b\u0159 p\u011bt denn\u011b je\u0161t\u011b p\u0159edt\u00edm, ne\u017e si administrativa v\u016fbec vybalila sv\u00e9 krabice. Podle tehdy roz\u0161\u00ed\u0159en\u00e9 teorie se po n\u00e1stupu do \u00fa\u0159adu stane um\u00edrn\u011bn\u011bj\u0161\u00edm. Ale jakmile se dostal k moci, neum\u00edrnil absolutn\u011b nic.<\/span><\/p>\n<h3 class=\"wp-block-heading\"><strong><span dir=\"auto\">R\u016fstov\u00e1 k\u0159ivka: 1999 \u2192 5689 \u2192 8155<\/span><\/strong><\/h3>\n<ul>\n<li><span dir=\"auto\">2017:\u00a0<\/span><a title=\"\" href=\"https:\/\/www.washingtonpost.com\/politics\/2021\/01\/24\/trumps-false-or-misleading-claims-total-30573-over-four-years\/\" target=\"_blank\" rel=\"noopener\"><span dir=\"auto\">1999 nepravdiv\u00fdch nebo zav\u00e1d\u011bj\u00edc\u00edch prohl\u00e1\u0161en\u00ed<\/span><\/a><\/li>\n<li><span dir=\"auto\">2018: 5689<\/span><\/li>\n<li><span dir=\"auto\">2019: 8155<\/span><\/li>\n<\/ul>\n<p><span dir=\"auto\">Trend se nejen rok od roku zesiluje, ale k\u0159ivka neust\u00e1le roste.<\/span><\/p>\n<div class=\"wp-block-image\">\n<figure class=\"aligncenter size-full is-resized\"><a class=\"single-popup\" href=\"https:\/\/i0.wp.com\/reseauinternational.net\/wp-content\/uploads\/2026\/03\/image-598.png?ssl=1\"><img decoding=\"async\" loading=\"lazy\" class=\"wp-image-521013 aligncenter\" src=\"https:\/\/i0.wp.com\/reseauinternational.net\/wp-content\/uploads\/2026\/03\/image-598.png?resize=714%2C381&amp;ssl=1\" sizes=\"auto, (max-width: 714px) 100vw, 714px\" srcset=\"https:\/\/i0.wp.com\/reseauinternational.net\/wp-content\/uploads\/2026\/03\/image-598.png?w=714&amp;ssl=1 714w, https:\/\/i0.wp.com\/reseauinternational.net\/wp-content\/uploads\/2026\/03\/image-598.png?resize=300%2C160&amp;ssl=1 300w\" alt=\"\" width=\"714\" height=\"381\" data-recalc-dims=\"1\" \/><\/a><\/figure>\n<\/div>\n<h3 class=\"wp-block-heading\"><strong><span dir=\"auto\">Trvalo 27 m\u011bs\u00edc\u016f, ne\u017e se dos\u00e1hlo 10 000. Pak 5 m\u011bs\u00edc\u016f, ne\u017e se dostalo z 20 000 na 30 000.<\/span><\/strong><\/h3>\n<p><span dir=\"auto\">Posledn\u00edch 10 000 bylo zaznamen\u00e1no za m\u00e9n\u011b ne\u017e p\u011btinu \u010dasu pot\u0159ebn\u00e9ho k z\u00edsk\u00e1n\u00ed prvn\u00edch 10 000. Ov\u011b\u0159ovatel\u00e9 fakt\u016f z den\u00edku\u00a0<\/span><em><span dir=\"auto\">Washington Post<\/span><\/em><span dir=\"auto\">\u00a0po \u010dty\u0159ech letech str\u00e1ven\u00fdch na projektu\u00a0<\/span><a title=\"\" href=\"https:\/\/www.washingtonpost.com\/politics\/how-fact-checker-tracked-trump-claims\/2021\/01\/23\/ad04b69a-5c1d-11eb-a976-bad6431e03e2_story.html\" target=\"_blank\" rel=\"noopener\"><span dir=\"auto\">vysv\u011btlili, pro\u010d ho v druh\u00e9m funk\u010dn\u00edm obdob\u00ed nezopakuj\u00ed<\/span><\/a><span dir=\"auto\">\u00a0: \u201e\u00a0<\/span><em><span dir=\"auto\">Pot\u0159ebovali jsme se vr\u00e1tit k norm\u00e1ln\u00edmu \u017eivotu\u00a0<\/span><\/em><span dir=\"auto\"><em>.<\/em>\u00a0\u201c<\/span><\/p>\n<div class=\"wp-block-image\">\n<h3 class=\"aligncenter size-full is-resized\"><img decoding=\"async\" loading=\"lazy\" class=\"wp-image-521014 aligncenter\" src=\"https:\/\/i0.wp.com\/reseauinternational.net\/wp-content\/uploads\/2026\/03\/image-599.png?resize=715%2C386&amp;ssl=1\" sizes=\"auto, (max-width: 715px) 100vw, 715px\" srcset=\"https:\/\/i0.wp.com\/reseauinternational.net\/wp-content\/uploads\/2026\/03\/image-599.png?w=715&amp;ssl=1 715w, https:\/\/i0.wp.com\/reseauinternational.net\/wp-content\/uploads\/2026\/03\/image-599.png?resize=300%2C162&amp;ssl=1 300w\" alt=\"\" width=\"715\" height=\"386\" data-recalc-dims=\"1\" \/><strong><span dir=\"auto\">78 % ov\u011b\u0159en\u00fdch tvrzen\u00ed se uk\u00e1zalo jako nepravdiv\u00fdch.<\/span><\/strong><\/h3>\n<\/div>\n<p><span dir=\"auto\">Podle\u00a0<\/span><a title=\"\" href=\"https:\/\/www.politifact.com\/personalities\/donald-trump\/\" target=\"_blank\" rel=\"noopener\"><span dir=\"auto\">\u00favodn\u00ed anal\u00fdzy spole\u010dnosti\u00a0<\/span><\/a><a title=\"\" href=\"https:\/\/www.politifact.com\/personalities\/donald-trump\/\" target=\"_blank\" rel=\"noopener\"><em><span dir=\"auto\">PolitiFact<\/span><\/em><\/a><span dir=\"auto\">\u00a0je 78 % zkouman\u00fdch tvrzen\u00ed neopodstatn\u011bn\u00fdch. Abychom si ujasnili metodologii: ov\u011b\u0159ovatel\u00e9 fakt\u016f neov\u011b\u0159uj\u00ed ka\u017ed\u00e9 prohl\u00e1\u0161en\u00ed politika. Vyb\u00edraj\u00ed ta, kter\u00e1 se zdaj\u00ed b\u00fdt u\u017eite\u010dn\u00e1 pro ov\u011b\u0159en\u00ed. 78 % t\u011bch, kter\u00e1 se zd\u00e1la b\u00fdt u\u017eite\u010dn\u00e1 pro ov\u011b\u0159en\u00ed, se uk\u00e1zalo jako nepravdiv\u00e1 nebo i hor\u0161\u00ed.<\/span><\/p>\n<div class=\"wp-block-image\">\n<h3 class=\"aligncenter size-full is-resized\"><img decoding=\"async\" loading=\"lazy\" class=\"wp-image-521015 aligncenter\" src=\"https:\/\/i0.wp.com\/reseauinternational.net\/wp-content\/uploads\/2026\/03\/image-600.png?resize=718%2C384&amp;ssl=1\" sizes=\"auto, (max-width: 718px) 100vw, 718px\" srcset=\"https:\/\/i0.wp.com\/reseauinternational.net\/wp-content\/uploads\/2026\/03\/image-600.png?w=718&amp;ssl=1 718w, https:\/\/i0.wp.com\/reseauinternational.net\/wp-content\/uploads\/2026\/03\/image-600.png?resize=300%2C160&amp;ssl=1 300w\" alt=\"\" width=\"718\" height=\"384\" data-recalc-dims=\"1\" \/><strong><span dir=\"auto\">Neomezen\u00fd Pinocchio<\/span><\/strong><\/h3>\n<\/div>\n<p><span dir=\"auto\">V roce 2018 zavedl den\u00edk\u00a0<\/span><em><span dir=\"auto\">Washington Post\u00a0<\/span><\/em><a title=\"\" href=\"https:\/\/www.washingtonpost.com\/politics\/2018\/12\/10\/meet-bottomless-pinocchio-new-rating-false-claim-repeated-over-and-over-again\/\" target=\"_blank\" rel=\"noopener\"><span dir=\"auto\">novou kategorii<\/span><\/a><span dir=\"auto\">\u00a0s n\u00e1zvem \u201eNeomezen\u00fd Pinocchio\u201c \u2013 pro v\u00fdroky klasifikovan\u00e9 jako nepravdiv\u00e9, ale opakovan\u00e9 v\u00edce ne\u017e 20kr\u00e1t. Trump okam\u017eit\u011b splnil krit\u00e9ria pro 14 z nich. Tato kategorie byla vytvo\u0159ena speci\u00e1ln\u011b pro syst\u00e9m, aby odr\u00e1\u017eela, co se d\u011bje. N\u011bkter\u00e1 z opakuj\u00edc\u00edch se v\u00fdrok\u016f byla opravena stokr\u00e1t, p\u0159esto je st\u00e1le opakuje. To je n\u011bco, co je t\u011b\u017ek\u00e9 vyj\u00e1d\u0159it pouze pomoc\u00ed statistik.<\/span><\/p>\n<p><strong><span dir=\"auto\">57 % Ameri\u010dan\u016f uvedlo, \u017ee jeho tvrzen\u00ed jsou \u201ez\u0159\u00eddka\u201c nebo \u201enikdy\u201c podlo\u017eena fakty.<\/span><\/strong><\/p>\n<p><strong><a title=\"\" href=\"https:\/\/www.washingtonpost.com\/politics\/2021\/01\/24\/trumps-false-or-misleading-claims-total-30573-over-four-years\/\" target=\"_blank\" rel=\"noopener\"><span dir=\"auto\">V\u011bt\u0161ina Ameri\u010dan\u016f<\/span><\/a><\/strong><span dir=\"auto\">\u00a0, kte\u0159\u00ed sleduj\u00ed ud\u00e1losti v re\u00e1ln\u00e9m \u010dase, dosp\u011bla k z\u00e1v\u011bru, \u017ee to, co sly\u0161\u00ed, neodpov\u00edd\u00e1 realit\u011b. Toto pozorov\u00e1n\u00ed sd\u00edlej\u00ed ob\u011b strany.<\/span><\/p>\n<div class=\"wp-block-image\">\n<figure class=\"aligncenter size-full is-resized\"><a class=\"single-popup\" href=\"https:\/\/i0.wp.com\/reseauinternational.net\/wp-content\/uploads\/2026\/03\/image-601.png?ssl=1\"><img decoding=\"async\" loading=\"lazy\" class=\"wp-image-521016 aligncenter\" src=\"https:\/\/i0.wp.com\/reseauinternational.net\/wp-content\/uploads\/2026\/03\/image-601.png?resize=718%2C390&amp;ssl=1\" sizes=\"auto, (max-width: 718px) 100vw, 718px\" srcset=\"https:\/\/i0.wp.com\/reseauinternational.net\/wp-content\/uploads\/2026\/03\/image-601.png?w=718&amp;ssl=1 718w, https:\/\/i0.wp.com\/reseauinternational.net\/wp-content\/uploads\/2026\/03\/image-601.png?resize=300%2C163&amp;ssl=1 300w\" alt=\"\" width=\"718\" height=\"390\" data-recalc-dims=\"1\" \/><\/a><\/figure>\n<\/div>\n<h3 class=\"wp-block-heading\"><strong><span dir=\"auto\">Zde je n\u011bkolik konkr\u00e9tn\u00edch p\u0159\u00edklad\u016f, proto\u017ee \u010d\u00edsla maj\u00ed sv\u00e1 omezen\u00ed<\/span><\/strong><\/h3>\n<p><strong><span dir=\"auto\">Dav na inauguraci.<\/span><\/strong><span dir=\"auto\">\u00a0Hned prvn\u00ed den sv\u00e9ho n\u00e1stupu do \u00fa\u0159adu Trump agent\u016fm CIA \u0159ekl, \u017ee na ceremoni\u00e1lu vid\u011bl dav\u00a0<\/span><a title=\"\" href=\"https:\/\/www.washingtonpost.com\/news\/fact-checker\/wp\/2017\/01\/22\/spicer-earns-four-pinocchios-for-a-series-of-false-claims-on-inauguration-crowd-size\/\" target=\"_blank\" rel=\"noopener\"><span dir=\"auto\">jednoho milionu, nebo dokonce jednoho a p\u016fl milionu lid\u00ed<\/span><\/a><span dir=\"auto\">\u00a0. Jeho tiskov\u00fd mluv\u010d\u00ed \u0161el do zasedac\u00ed m\u00edstnosti a novin\u00e1\u0159\u016fm \u0159ekl, \u017ee vid\u011bl nejv\u011bt\u0161\u00ed dav, jak\u00fd se kdy na inauguraci shrom\u00e1\u017edil. Leteck\u00e9 sn\u00edmky uk\u00e1zaly, \u017ee dav byl zhruba t\u0159etinov\u00fd oproti davu na Obamov\u011b inauguraci v roce 2009. Spicer pozd\u011bji \u0159ekl, \u017ee sv\u00fdch v\u00fdrok\u016f lituje. Trump v\u0161ak ml\u010del.<\/span><\/p>\n<p><strong><span dir=\"auto\">V\u011btrn\u00e9 turb\u00edny zp\u016fsobuj\u00ed rakovinu.<\/span><\/strong><span dir=\"auto\">\u00a0Trump\u00a0<\/span><a title=\"\" href=\"https:\/\/www.factcheck.org\/2019\/04\/trump-repeats-false-wind-turbine-claims\/\" target=\"_blank\" rel=\"noopener\"><span dir=\"auto\">v \u010detn\u00fdch projevech v pr\u016fb\u011bhu n\u011bkolika let<\/span><\/a><span dir=\"auto\">\u00a0prohla\u0161oval , \u017ee hluk z v\u011btrn\u00fdch turb\u00edn zp\u016fsobuje rakovinu. Toto tvrzen\u00ed nepodporuj\u00ed \u017e\u00e1dn\u00e9 v\u011bdeck\u00e9 d\u016fkazy. Je to jeden z jeho \u010dtrn\u00e1cti nejpam\u00e1tn\u011bj\u0161\u00edch projev\u016f o \u201eneomezen\u00e9m Pinocchiovi\u201c. Neust\u00e1le ho opakoval.<\/span><\/p>\n<p><strong><span dir=\"auto\">Volby byly ukradeny.<\/span><\/strong><span dir=\"auto\">\u00a0Po sv\u00e9 por\u00e1\u017ece v roce 2020 Trump tvrdil, \u017ee v\u00edt\u011bzstv\u00ed bylo ukradeno masivn\u00edm podvodem.\u00a0<\/span><a title=\"\" href=\"https:\/\/en.wikipedia.org\/wiki\/False_or_misleading_statements_by_Donald_Trump\" target=\"_blank\" rel=\"noopener\"><span dir=\"auto\">V\u00edce ne\u017e 60 soud\u016f nena\u0161lo \u017e\u00e1dn\u00e9 d\u016fkazy<\/span><\/a><span dir=\"auto\">\u00a0o rozs\u00e1hl\u00fdch podvodech, kter\u00e9 by sta\u010dily k zru\u0161en\u00ed v\u00fdsledk\u016f voleb. Jeho vlastn\u00ed gener\u00e1ln\u00ed prokur\u00e1tor \u0159ekl tot\u00e9\u017e. Jeho vlastn\u00ed volebn\u00ed dozor\u010d\u00ed org\u00e1ny je ozna\u010dily za nejbezpe\u010dn\u011bj\u0161\u00ed volby v historii USA. Nikdy nep\u0159estal tvrdit opak.<\/span><\/p>\n<h3 class=\"wp-block-heading\"><strong><span dir=\"auto\">A te\u010f: \u00cdr\u00e1n<\/span><\/strong><\/h3>\n<p><span dir=\"auto\">Co\u017e n\u00e1s vrac\u00ed k ru\u0161n\u00e9mu za\u010d\u00e1tku druh\u00e9ho pololet\u00ed.<\/span><\/p>\n<p><span dir=\"auto\">Spojen\u00e9 st\u00e1ty a Izrael jsou s \u00cdr\u00e1nem ve v\u00e1lce od konce \u00fanora. V pond\u011bl\u00ed, tv\u00e1\u0159\u00ed v tv\u00e1\u0159 vypr\u0161en\u00ed 48hodinov\u00e9ho ultim\u00e1ta, kter\u00e9 s\u00e1m \u00cdr\u00e1nu vydal, a bezprost\u0159edn\u00edmu otev\u0159en\u00ed trh\u016f, Trump napsal na\u00a0<\/span><em><span dir=\"auto\">Truth Social<\/span><\/em><span dir=\"auto\">\u00a0velk\u00fdmi p\u00edsmeny, \u017ee ob\u011b strany vedly \u201e\u00a0<\/span><a title=\"\" href=\"https:\/\/www.dropsitenews.com\/p\/iran-blasts-trump-claims-direct-talks-false-market-manipulation\" target=\"_blank\" rel=\"noopener\"><em><span dir=\"auto\">VELMI DOBR\u00c1 A PLODN\u00c1 JEDN\u00c1N\u00cd<\/span><\/em><\/a><span dir=\"auto\">\u00a0\u201c a \u017ee proto pozastavuje ve\u0161ker\u00e9 pl\u00e1novan\u00e9 \u00fadery. Ceny ropy klesly. Trhy se otev\u0159ely klidn\u011b.<\/span><\/p>\n<div class=\"wp-block-image\">\n<figure class=\"aligncenter size-full is-resized\"><a class=\"single-popup\" href=\"https:\/\/i0.wp.com\/reseauinternational.net\/wp-content\/uploads\/2026\/03\/image-602.png?ssl=1\"><img decoding=\"async\" loading=\"lazy\" class=\"wp-image-521017 aligncenter\" src=\"https:\/\/i0.wp.com\/reseauinternational.net\/wp-content\/uploads\/2026\/03\/image-602.png?resize=716%2C386&amp;ssl=1\" sizes=\"auto, (max-width: 716px) 100vw, 716px\" srcset=\"https:\/\/i0.wp.com\/reseauinternational.net\/wp-content\/uploads\/2026\/03\/image-602.png?w=716&amp;ssl=1 716w, https:\/\/i0.wp.com\/reseauinternational.net\/wp-content\/uploads\/2026\/03\/image-602.png?resize=300%2C162&amp;ssl=1 300w\" alt=\"\" width=\"716\" height=\"386\" data-recalc-dims=\"1\" \/><\/a><\/figure>\n<\/div>\n<p><span dir=\"auto\">\u00cdr\u00e1n prohl\u00e1sil, \u017ee k \u017e\u00e1dn\u00e9 takov\u00e9 v\u00fdm\u011bn\u011b n\u00e1zor\u016f nedo\u0161lo. P\u0159edseda \u00edr\u00e1nsk\u00e9ho parlamentu Mohammad Bagher Ghalibaf ozna\u010dil Trumpova tvrzen\u00ed za \u201e\u00a0<\/span><a title=\"\" href=\"https:\/\/www.dropsitenews.com\/p\/iran-blasts-trump-claims-direct-talks-false-market-manipulation\" target=\"_blank\" rel=\"noopener\"><em><span dir=\"auto\">fale\u0161n\u00e9 zpr\u00e1vy, jejich\u017e c\u00edlem je manipulovat s finan\u010dn\u00edmi a ropn\u00fdmi trhy<\/span><\/em><\/a><span dir=\"auto\">\u00a0\u201c. Vysok\u00fd \u00edr\u00e1nsk\u00fd \u00fa\u0159edn\u00edk serveru\u00a0<\/span><em><span dir=\"auto\">Drop Site News<\/span><\/em><span dir=\"auto\">\u00a0sd\u011blil , \u017ee se nic takov\u00e9ho nestalo. \u00cdr\u00e1nsk\u00fd velvyslanec v P\u00e1kist\u00e1nu uvedl, \u017ee \u201e\u00a0<\/span><a title=\"\" href=\"https:\/\/www.aljazeera.com\/news\/2026\/3\/25\/us-talking-to-itself-says-iran-as-trump-claims-wheels-of-diplomacy-turning\" target=\"_blank\" rel=\"noopener\"><em><span dir=\"auto\">mezi ob\u011bma zem\u011bmi neprob\u011bhla \u017e\u00e1dn\u00e1 p\u0159\u00edm\u00e1 ani nep\u0159\u00edm\u00e1 jedn\u00e1n\u00ed<\/span><\/em><\/a><span dir=\"auto\">\u00a0\u201c. \u00cdr\u00e1nsk\u00e1 arm\u00e1da uvedla, \u017ee Spojen\u00e9 st\u00e1ty \u201e\u00a0<\/span><a title=\"\" href=\"https:\/\/www.aljazeera.com\/news\/2026\/3\/25\/us-talking-to-itself-says-iran-as-trump-claims-wheels-of-diplomacy-turning\" target=\"_blank\" rel=\"noopener\"><em><span dir=\"auto\">jednaj\u00ed samy se sebou<\/span><\/em><\/a><span dir=\"auto\">\u00a0\u201c.<\/span><\/p>\n<p><span dir=\"auto\">Trump pozd\u011bji novin\u00e1\u0159\u016fm \u0159ekl, \u017ee americk\u00e1 vl\u00e1da jedn\u00e1 se \u201e\u00a0<\/span><em><span dir=\"auto\">spr\u00e1vn\u00fdmi lidmi<\/span><\/em><span dir=\"auto\">\u00a0\u201c v \u00cdr\u00e1nu a \u017ee Teher\u00e1n mu dal \u201e\u00a0<\/span><em><span dir=\"auto\">velmi velk\u00fd dar<\/span><\/em><span dir=\"auto\">\u00a0\u201c v podob\u011b ropy a plynu. \u00cdr\u00e1n takovou nab\u00eddku pop\u0159el.\u00a0<\/span><a title=\"\" href=\"https:\/\/www.axios.com\/2026\/03\/23\/trump-suspends-iran-strikes-hormuz-negotiations\" target=\"_blank\" rel=\"noopener\"><span dir=\"auto\">Zdroj\u00a0<\/span><em><span dir=\"auto\">Axios<\/span><\/em><\/a>\u00a0<a title=\"\" href=\"https:\/\/www.axios.com\/2026\/03\/23\/trump-suspends-iran-strikes-hormuz-negotiations\" target=\"_blank\" rel=\"noopener\"><span dir=\"auto\">obezn\u00e1men\u00fd s diskusemi<\/span><\/a><span dir=\"auto\">\u00a0uvedl, \u017ee \u017e\u00e1dn\u00e1 p\u0159\u00edm\u00e1 jedn\u00e1n\u00ed neprob\u00edhaj\u00ed.\u00a0<\/span><em><span dir=\"auto\">NPR\u00a0<\/span><\/em><a title=\"\" href=\"https:\/\/www.npr.org\/2026\/03\/24\/nx-s1-5759000\/iran-war-talks\" target=\"_blank\" rel=\"noopener\"><span dir=\"auto\">uvedla<\/span><\/a><span dir=\"auto\">\u00a0, \u017ee P\u00e1kist\u00e1n si mezi ob\u011bma stranami vym\u011b\u0148uje zpr\u00e1vy \u2013 co\u017e je daleko od p\u0159\u00edm\u00fdch rozhovor\u016f, nato\u017e od \u00fadajn\u00fdch dar\u016f od \u00cdr\u00e1nu.<\/span><\/p>\n<p><span dir=\"auto\">Trump p\u0159ipsal \u00edr\u00e1nsk\u00e1 pop\u00edr\u00e1n\u00ed \u0161patn\u00e9 komunikaci v r\u00e1mci \u00edr\u00e1nsk\u00e9ho veden\u00ed.<\/span><\/p>\n<p><span dir=\"auto\">\u00cdr\u00e1nsk\u00fd akademik\u00a0<\/span><strong><span dir=\"auto\">Seyed Mohammad Marandi,<\/span><\/strong><span dir=\"auto\">\u00a0kter\u00fd m\u00e1 velmi bl\u00edzko k vl\u00e1d\u011b, nab\u00eddl pro\u00a0X\u00a0<\/span><a title=\"\" href=\"https:\/\/newrepublic.com\/post\/208057\/trump-u-turn-iran-war\" target=\"_blank\" rel=\"noopener\"><span dir=\"auto\">jin\u00e9 vysv\u011btlen\u00ed :<\/span><\/a><\/p>\n<p><span dir=\"auto\">\u201e\u00a0<\/span><em><span dir=\"auto\">Ka\u017ed\u00fd t\u00fdden p\u0159i otev\u00edr\u00e1n\u00ed trh\u016f Trump pron\u00e1\u0161\u00ed tato prohl\u00e1\u0161en\u00ed, aby sn\u00ed\u017eil ceny ropy. Dokonce i jeho p\u011btidenn\u00ed zpo\u017ed\u011bn\u00ed se shoduje s uzav\u0159en\u00edm energetick\u00e9ho trhu<\/span><\/em><span dir=\"auto\">\u00a0.\u201c<\/span><\/p>\n<div class=\"wp-block-image\">\n<figure class=\"aligncenter size-full is-resized\"><a class=\"single-popup\" href=\"https:\/\/i0.wp.com\/reseauinternational.net\/wp-content\/uploads\/2026\/03\/image-603.png?ssl=1\"><img decoding=\"async\" loading=\"lazy\" class=\"wp-image-521018 aligncenter\" src=\"https:\/\/i0.wp.com\/reseauinternational.net\/wp-content\/uploads\/2026\/03\/image-603.png?resize=717%2C386&amp;ssl=1\" sizes=\"auto, (max-width: 717px) 100vw, 717px\" srcset=\"https:\/\/i0.wp.com\/reseauinternational.net\/wp-content\/uploads\/2026\/03\/image-603.png?w=717&amp;ssl=1 717w, https:\/\/i0.wp.com\/reseauinternational.net\/wp-content\/uploads\/2026\/03\/image-603.png?resize=300%2C162&amp;ssl=1 300w\" alt=\"\" width=\"717\" height=\"386\" data-recalc-dims=\"1\" \/><\/a><\/figure>\n<\/div>\n<p><a title=\"\" href=\"https:\/\/www.aljazeera.com\/news\/2026\/3\/24\/trump-keeps-up-claims-of-talks-with-the-right-people-in-iran\" target=\"_blank\" rel=\"noopener\"><span dir=\"auto\">Pr\u016fzkum<\/span><\/a>\u00a0<span dir=\"auto\">agentur\u00a0<\/span><em><span dir=\"auto\">Reuters\/Ipsos<\/span><\/em><span dir=\"auto\">\u00a0zve\u0159ejn\u011bn\u00fd tento t\u00fdden odhalil, \u017ee 61 % Ameri\u010dan\u016f \u00fatoky na \u00cdr\u00e1n neschvaluje. V\u00e1lka pokra\u010duje. Fantomov\u00e1 jedn\u00e1n\u00ed jsou st\u00e1le p\u0159edm\u011btem spekulac\u00ed. Doty\u010dn\u00fd dar nebyl d\u00e1n.<\/span><\/p>\n<p><span dir=\"auto\">Ov\u011b\u0159ovatel\u00e9 fakt\u016f den\u00edku\u00a0<\/span><em><span dir=\"auto\">Washington Post<\/span><\/em><span dir=\"auto\">\u00a0maj\u00ed volno. N\u011bkdo jin\u00fd je bude muset p\u0159evz\u00edt.<\/span><\/p>\n<p><em><span dir=\"auto\">Zdroj: <\/span><a title=\"\" href=\"https:\/\/hrnews1.substack.com\/p\/donald-trump-made-30573-false-or?utm_source=substack&amp;utm_campaign=post_embed&amp;utm_medium=web\" target=\"_blank\" rel=\"noopener\"><span dir=\"auto\">HR News<\/span><\/a><\/em><\/p>\n<p>&nbsp;<\/p>\n","protected":false},"excerpt":{"rendered":"<p>Tento t\u00fdden Trump ozn\u00e1mil \u201epr\u016flom\u201c se zem\u00ed, kter\u00e1 tvrd\u00ed, \u017ee k \u017e\u00e1dn\u00fdm rozhovor\u016fm nedo\u0161lo \u2013&#8230;<\/p>\n","protected":false},"author":2,"featured_media":103260,"comment_status":"closed","ping_status":"closed","sticky":false,"template":"","format":"standard","meta":[],"categories":[7],"tags":[28,851,96,452],"_links":{"self":[{"href":"https:\/\/www.infokuryr.cz\/n\/wp-json\/wp\/v2\/posts\/103259"}],"collection":[{"href":"https:\/\/www.infokuryr.cz\/n\/wp-json\/wp\/v2\/posts"}],"about":[{"href":"https:\/\/www.infokuryr.cz\/n\/wp-json\/wp\/v2\/types\/post"}],"author":[{"embeddable":true,"href":"https:\/\/www.infokuryr.cz\/n\/wp-json\/wp\/v2\/users\/2"}],"replies":[{"embeddable":true,"href":"https:\/\/www.infokuryr.cz\/n\/wp-json\/wp\/v2\/comments?post=103259"}],"version-history":[{"count":0,"href":"https:\/\/www.infokuryr.cz\/n\/wp-json\/wp\/v2\/posts\/103259\/revisions"}],"wp:featuredmedia":[{"embeddable":true,"href":"https:\/\/www.infokuryr.cz\/n\/wp-json\/wp\/v2\/media\/103260"}],"wp:attachment":[{"href":"https:\/\/www.infokuryr.cz\/n\/wp-json\/wp\/v2\/media?parent=103259"}],"wp:term":[{"taxonomy":"category","embeddable":true,"href":"https:\/\/www.infokuryr.cz\/n\/wp-json\/wp\/v2\/categories?post=103259"},{"taxonomy":"post_tag","embeddable":true,"href":"https:\/\/www.infokuryr.cz\/n\/wp-json\/wp\/v2\/tags?post=103259"}],"curies":[{"name":"wp","href":"https:\/\/api.w.org\/{rel}","templated":true}]}}