{"id":103253,"date":"2026-03-30T00:25:16","date_gmt":"2026-03-29T22:25:16","guid":{"rendered":"https:\/\/www.infokuryr.cz\/n\/?p=103253"},"modified":"2026-03-29T15:00:52","modified_gmt":"2026-03-29T13:00:52","slug":"karel-strakos-ostravsti-vedci-promenili-uhli-na-ropu-a-plyn","status":"publish","type":"post","link":"https:\/\/www.infokuryr.cz\/n\/2026\/03\/30\/karel-strakos-ostravsti-vedci-promenili-uhli-na-ropu-a-plyn\/","title":{"rendered":"Karel Strako\u0161: Ostrav\u0161t\u00ed v\u011bdci prom\u011bnili uhl\u00ed na ropu a plyn"},"content":{"rendered":"<div id=\"fb-root\"><\/div>\n<p>T\u00fdm odborn\u00edk\u016f z Vysok\u00e9 \u0161koly b\u00e1\u0148sk\u00e9 \u2013 Technick\u00e9 univerzity Ostrava ozn\u00e1mil objev, kter\u00fd podle prvn\u00edch reakc\u00ed p\u0159episuje energetickou mapu Evropy i z\u00e1kladn\u00ed u\u010debnice fyziky.<\/p>\n<p>Pod veden\u00edm skupiny chemik\u016f, jadern\u00fdch in\u017een\u00fdr\u016f a geolog\u016f se poda\u0159ilo vyvinout unik\u00e1tn\u00ed sm\u011bs tzv. termonukle\u00e1rn\u00edch kyselin. Ty byly n\u00e1sledn\u011b stabilizov\u00e1ny pomoc\u00ed vyho\u0159el\u00e9ho paliva z jadern\u00fdch elektr\u00e1ren a upraveny do hustoty, kterou auto\u0159i studie pracovn\u011b ozna\u010duj\u00ed jako \u201ehodn\u011b t\u011b\u017ek\u00e1 voda\u201c.<\/p>\n<p>Tato l\u00e1tka byla napumpov\u00e1na do uzav\u0159en\u00fdch a zatopen\u00fdch uheln\u00fdch \u0161achet na Ostravsku, kde podle v\u011bdc\u016f do\u0161lo k \u0159\u00edzen\u00e9 chemicko-jadern\u00e9 reakci.<\/p>\n<p>V\u00fdsledkem je, \u017ee zatopen\u00e9 uhl\u00ed se postupn\u011b rozpustilo a transformovalo na ropu.<\/p>\n<p>Vedlej\u0161\u00edm produktem se stal vysoce kvalitn\u00ed zemn\u00ed plyn.<\/p>\n<p>Podle prvn\u00edch test\u016f jde o plyn vysok\u00e9 \u010distoty s minim\u00e1ln\u00edm obsahem s\u00edry, vhodn\u00fd pro p\u0159\u00edm\u00e9 vyu\u017eit\u00ed v pr\u016fmyslu i dom\u00e1cnostech.<\/p>\n<p>Ministerstvo pr\u016fmyslu zva\u017euje, zda bude tento plyn dod\u00e1v\u00e1n obyvatel\u016fm \u010ceska zdarma nebo prod\u00e1v\u00e1n na Lipsk\u00e9 burze, aby se zachovala kontinuita evropsk\u00e9ho trhu.<\/p>\n<p>\u201eZjednodu\u0161en\u011b \u0159e\u010deno, uhl\u00ed jsme p\u0159emluvili, aby si vzpomn\u011blo, \u017ee kdysi b\u00fdvalo ropou,\u201c uvedl jeden z \u010dlen\u016f t\u00fdmu.<\/p>\n<p>Podle p\u0159edb\u011b\u017en\u00fdch odhad\u016f se poda\u0159ilo p\u0159em\u011bnit stoletou z\u00e1sobu uhl\u00ed na z\u00e1soby ropy a plynu odpov\u00eddaj\u00edc\u00ed spot\u0159eb\u011b cel\u00e9 EU a\u017e na 200 let.<\/p>\n<p>\u010cesk\u00e1 republika se tak podle autor\u016f projektu m\u016f\u017ee b\u011bhem n\u011bkolika let st\u00e1t \u010dist\u00fdm export\u00e9rem energi\u00ed a nov\u011b vznikaj\u00edc\u00ed ropnou velmoc\u00ed st\u0159edn\u00ed Evropy.<\/p>\n<p>Na novou realitu u\u017e reaguje i pr\u016fmysl. Spole\u010dnost OKD ozn\u00e1mila okam\u017eitou zm\u011bnu n\u00e1zvu a p\u0159ejmenovala se na OKND. Ostravsko-Karvinsk\u00e9 naftov\u00e9 doly.<\/p>\n<p>\u201eUhl\u00ed je minulost. Budoucnost je ropa a plyn,\u201c stoj\u00ed v ofici\u00e1ln\u00edm prohl\u00e1\u0161en\u00ed spole\u010dnosti.<\/p>\n<p>Podle intern\u00edch dokument\u016f u\u017e prob\u00edh\u00e1 p\u0159estavba t\u011b\u017eebn\u00ed infrastruktury, p\u0159e\u0161kolov\u00e1n\u00ed zam\u011bstnanc\u016f a testov\u00e1n\u00ed nov\u00fdch vrt\u016f v dal\u0161\u00edch uzav\u0159en\u00fdch \u0161acht\u00e1ch.<\/p>\n<p>Na situaci okam\u017eit\u011b reagoval i \u00da\u0159ad pr\u00e1ce \u010cesk\u00e9 republiky, kter\u00fd v Ostrav\u011b otev\u0159el nov\u00fd rekvalifika\u010dn\u00ed program Nafta\u0159 \u2013 specialista hlubinn\u00e9 transformace.<\/p>\n<p>Kurz je ur\u010den p\u0159edev\u0161\u00edm pro b\u00fdval\u00e9 horn\u00edky, hutn\u00edky a pracovn\u00edky energetiky.<\/p>\n<p>\u201eNechceme, aby zku\u0161enosti t\u011bchto lid\u00ed p\u0159i\u0161ly vnive\u010d. Jen m\u00edsto uhl\u00ed budou t\u011b\u017eit ropu a plyn,\u201c uvedl mluv\u010d\u00ed \u00fa\u0159adu.<\/p>\n<p>Euforie v\u0161ak netrvala dlouho. Evropsk\u00e1 komise ozn\u00e1mila zaveden\u00ed nov\u00e9 kategorie emisn\u00edch povolenek ETS3 pro t\u011b\u017ebu ropy a plynu vznikl\u00fdch z post-uhl\u00edkov\u00fdch proces\u016f.<\/p>\n<p>Podle n\u00e1vrhu cena povolenky v\u00fdrazn\u011b p\u0159evy\u0161uje tr\u017en\u00ed hodnotu vyt\u011b\u017een\u00e9 suroviny.<\/p>\n<p>T\u011b\u017eba se tak ekonomicky nevyplat\u00ed je\u0161t\u011b p\u0159ed zah\u00e1jen\u00edm.<\/p>\n<p>\u201eMus\u00edme zajistit, aby p\u0159echod k \u010dist\u00e9 energii nebyl naru\u0161en n\u00e1hl\u00fdm vznikem nov\u00fdch fosiln\u00edch zdroj\u016f,\u201c uvedl evropsk\u00fd komisa\u0159.<\/p>\n<p>Spole\u010dnost OKND proto u\u017e p\u0159ipravuje krizov\u00fd sc\u00e9n\u00e1\u0159. Ten zahrnuje definitivn\u00ed zasyp\u00e1n\u00ed \u0161achet p\u00edskem z Baltsk\u00e9ho mo\u0159e.<\/p>\n<p>Jeho sm\u00edch\u00e1n\u00ed s cementem vytvo\u0159\u00ed hermetickou bari\u00e9ru a nav\u017edy \u0161achty uzav\u0159e.<\/p>\n<p>C\u00edlem je zabr\u00e1nit \u00faniku plynu do atmosf\u00e9ry a stabilizovat geologick\u00e9 i politick\u00e9 prost\u0159ed\u00ed.<\/p>\n<p><a href=\"https:\/\/www.facebook.com\/karel.strakos.79\">Karel Strako\u0161<\/a><\/p>\n<p>&nbsp;<\/p>\n","protected":false},"excerpt":{"rendered":"<p>T\u00fdm odborn\u00edk\u016f z Vysok\u00e9 \u0161koly b\u00e1\u0148sk\u00e9 \u2013 Technick\u00e9 univerzity Ostrava ozn\u00e1mil objev, kter\u00fd podle prvn\u00edch&#8230;<\/p>\n","protected":false},"author":2,"featured_media":103254,"comment_status":"closed","ping_status":"closed","sticky":false,"template":"","format":"standard","meta":[],"categories":[6],"tags":[1503,1769,1008,310,3584,1247,1561],"_links":{"self":[{"href":"https:\/\/www.infokuryr.cz\/n\/wp-json\/wp\/v2\/posts\/103253"}],"collection":[{"href":"https:\/\/www.infokuryr.cz\/n\/wp-json\/wp\/v2\/posts"}],"about":[{"href":"https:\/\/www.infokuryr.cz\/n\/wp-json\/wp\/v2\/types\/post"}],"author":[{"embeddable":true,"href":"https:\/\/www.infokuryr.cz\/n\/wp-json\/wp\/v2\/users\/2"}],"replies":[{"embeddable":true,"href":"https:\/\/www.infokuryr.cz\/n\/wp-json\/wp\/v2\/comments?post=103253"}],"version-history":[{"count":0,"href":"https:\/\/www.infokuryr.cz\/n\/wp-json\/wp\/v2\/posts\/103253\/revisions"}],"wp:featuredmedia":[{"embeddable":true,"href":"https:\/\/www.infokuryr.cz\/n\/wp-json\/wp\/v2\/media\/103254"}],"wp:attachment":[{"href":"https:\/\/www.infokuryr.cz\/n\/wp-json\/wp\/v2\/media?parent=103253"}],"wp:term":[{"taxonomy":"category","embeddable":true,"href":"https:\/\/www.infokuryr.cz\/n\/wp-json\/wp\/v2\/categories?post=103253"},{"taxonomy":"post_tag","embeddable":true,"href":"https:\/\/www.infokuryr.cz\/n\/wp-json\/wp\/v2\/tags?post=103253"}],"curies":[{"name":"wp","href":"https:\/\/api.w.org\/{rel}","templated":true}]}}