{"id":103249,"date":"2026-03-30T00:16:32","date_gmt":"2026-03-29T22:16:32","guid":{"rendered":"https:\/\/www.infokuryr.cz\/n\/?p=103249"},"modified":"2026-03-29T14:41:40","modified_gmt":"2026-03-29T12:41:40","slug":"chodili-jsme-do-ceske-skoly-az-do-trutnova-take-zde-jsem-prozival-same-rvacky-a-prepady-od-nemcu","status":"publish","type":"post","link":"https:\/\/www.infokuryr.cz\/n\/2026\/03\/30\/chodili-jsme-do-ceske-skoly-az-do-trutnova-take-zde-jsem-prozival-same-rvacky-a-prepady-od-nemcu\/","title":{"rendered":"Chodili jsme do \u010desk\u00e9 \u0161koly a\u017e do Trutnova. Tak\u00e9 zde jsem pro\u017e\u00edval sam\u00e9 rva\u010dky a p\u0159epady od N\u011bmc\u016f"},"content":{"rendered":"<div id=\"fb-root\"><\/div>\n<p>Bydleli jsme v\u00a0Humburk\u00e1ch, dnes Boji\u0161t\u011b u Trutnova. U\u017e m\u016fj otec byl rod\u00e1k z\u00a0toho kraje.\u00a0<strong>V\u00a0roce 1921 prob\u00edhalo s\u010d\u00edt\u00e1n\u00ed lidu a mn\u011b byly dva roky. Tenkr\u00e1t m\u016fj otec volil \u010deskou n\u00e1rodnost, byl \u010cechem. Nebylo t\u011b\u017ek\u00e9 uhodnout, kdo se za \u010cecha hl\u00e1sil, byl toti\u017e jedin\u00fd v\u00a0obci. Tak\u00e9 ji\u017e v\u00a0tomto roce n\u00e1m N\u011bmci vytloukli okna, zni\u010dili dve\u0159e a okenn\u00ed k\u0159\u00eddla rozv\u011bsili po stromech. A 28. \u0159\u00edjna v\u017edy sedl\u00e1ci d\u011blali nejhor\u0161\u00ed pr\u00e1ci, vyv\u00e1\u017eeli mo\u010d\u016fvku, z\u00e1chody, hn\u016fj.\u00a0<\/strong>Otce jako \u017eivnostn\u00edka bojkotovali, tak\u017ee m\u011bl pern\u00fd \u017eivot. I j\u00e1 jsem trp\u011bl; chodili jsme do \u010desk\u00e9 \u0161koly a\u017e do Trutnova. Tak\u00e9 zde jsem pro\u017e\u00edval sam\u00e9 rva\u010dky a p\u0159epady od N\u011bmc\u016f.\u00a0<strong>Byly to t\u011b\u017ek\u00e9 chv\u00edle, zp\u016fsoben\u00e9 pobu\u0159ov\u00e1n\u00edm proti n\u00e1m, \u010cech\u016fm, Konr\u00e1dem Henleinem. Ten dost\u00e1val finan\u010dn\u00ed pomoc od Hitlera, i henleinovci a ordne\u0159i byli vyzbrojov\u00e1ni z\u00a0N\u011bmecka. Tak\u00e9 na\u0161ich hrani\u010d\u00e1\u0159\u016f hodn\u011b padlo, byli zavra\u017ed\u011bni a jin\u00ed vyhn\u00e1ni. To \u010dekalo i mne, proto\u017ee jsem byl v\u00a0Sokole.<\/strong><\/p>\n<p>V\u00a0roce 1938 mi bylo p\u0159es 19 let a m\u011bl jsem dva n\u011bmeck\u00e9 kamar\u00e1dy, kter\u00fdm jsem mohl d\u016fv\u011b\u0159ovat. P\u0159ed zabr\u00e1n\u00edm pohrani\u010d\u00ed jsem se jim sv\u011b\u0159il, \u017ee odejdu. Oni m\u011b uji\u0161\u0165ovali, \u017ee se n\u00e1m nic nestane, \u017ee jsme \u017e\u00e1dn\u00e9mu neubl\u00ed\u017eili a \u017ee stoj\u00ed za mnou. Pak p\u0159i\u0161la ta hrozn\u00e1 doba. Byli jsme v\u0161ichni zoufal\u00ed. Dne 8. \u0159\u00edjna p\u0159ekro\u010dila v\u00a0Kr\u00e1lovci n\u011bmeck\u00e1 vojska hranice. U\u017e v\u00a0t\u00e9to dob\u011b jsme zjistili, \u017ee n\u00e1s sleduj\u00ed, Domluvili jsme se, \u017ee rodi\u010de a bratr z\u016fstanou doma, j\u00e1, proto\u017ee jsem byl \u010dlenem Sokola, jsem m\u011bl odjet p\u0159es Star\u00fd Roketn\u00edk do \u00dapice. To v\u0161ak u\u017e ne\u0161lo. Krou\u017eil jsem tedy na kole kolem domu a po silnici, jako \u017ee nic nev\u00edme. Tak jsem se p\u0159ibli\u017eoval k\u00a0Trutnovu a p\u0159es Po\u0159\u00ed\u010d\u00ed se dostal do \u00dapice ke str\u00fdci. Ale hned v\u00a0podve\u010der byli okupanti v\u00a0Po\u0159\u00ed\u010d\u00ed. Cht\u011bli m\u011b stav\u011bt, sta\u010dil jsem v\u0161ak ujet a za mostem byli u\u017e na\u0161i ustupuj\u00edc\u00ed voj\u00e1ci, a to m\u011b zachr\u00e1nilo.<\/p>\n<p>Druh\u00fd den, v\u00a0ned\u011bli 9. \u0159\u00edjna, do\u0161li n\u011bme\u010dt\u00ed voj\u00e1ci do na\u0161\u00ed obce Humburky.\u00a0<strong>R\u00e1no v\u00a0p\u011bt hodin u\u017e n\u011bme\u010dt\u00ed ob\u010dan\u00e9 a s\u00a0nimi i moji kamar\u00e1di obsadili n\u00e1\u0161 d\u016fm. Rozb\u00edjeli dve\u0159e, okna a sekera vl\u00e9tla a\u017e do postele. Potom vnikli do domu a rozb\u00edjeli, co se dalo.\u00a0 S\u00a0pistol\u00ed m\u011b hledali i m\u00ed n\u011bme\u010dt\u00ed kamar\u00e1di, kde \u017ee je ten sokol, a \u0161\u0165ouchali vidlemi do sena. Rodi\u010de a bratra ztloukli a ve spodn\u00edm pr\u00e1dle je hnali 2 km do Trutnova na gestapo. Zde byli zase ztlu\u010deni a vysl\u00fdch\u00e1ni. Kdy\u017e byli propu\u0161t\u011bni a vr\u00e1tili se dom\u016f, op\u011bt je zadr\u017eeli a op\u011bt byli vy\u0161et\u0159ov\u00e1ni gestapem. Pozd\u011bji se rodi\u010d\u016fm poda\u0159ilo odst\u011bhovat se i s\u00a0m\u00fdm mlad\u0161\u00edm bratrem do \u010cesk\u00e9 Skalice, kde jsme se v\u0161ichni na v\u00e1noce se\u0161li.<\/strong><\/p>\n<p><em><a href=\"https:\/\/ceske-narodni-listy.estranky.cz\/clanky\/prispevky\/chodili-jsme-do-ceske-skoly-az-do-trutnova.-take-zde-jsem-prozival-same-rvacky-a-prepady-od-nemcu.html\">Anton\u00edn Rosa<\/a>, tehdy Humburky u Trutnova<\/em><\/p>\n<p>&nbsp;<\/p>\n<p align=\"right\">\n","protected":false},"excerpt":{"rendered":"<p>Bydleli jsme v\u00a0Humburk\u00e1ch, dnes Boji\u0161t\u011b u Trutnova. U\u017e m\u016fj otec byl rod\u00e1k z\u00a0toho kraje.\u00a0V\u00a0roce 1921&#8230;<\/p>\n","protected":false},"author":2,"featured_media":98783,"comment_status":"closed","ping_status":"closed","sticky":false,"template":"","format":"standard","meta":[],"categories":[6],"tags":[398,239,7378,10805],"_links":{"self":[{"href":"https:\/\/www.infokuryr.cz\/n\/wp-json\/wp\/v2\/posts\/103249"}],"collection":[{"href":"https:\/\/www.infokuryr.cz\/n\/wp-json\/wp\/v2\/posts"}],"about":[{"href":"https:\/\/www.infokuryr.cz\/n\/wp-json\/wp\/v2\/types\/post"}],"author":[{"embeddable":true,"href":"https:\/\/www.infokuryr.cz\/n\/wp-json\/wp\/v2\/users\/2"}],"replies":[{"embeddable":true,"href":"https:\/\/www.infokuryr.cz\/n\/wp-json\/wp\/v2\/comments?post=103249"}],"version-history":[{"count":0,"href":"https:\/\/www.infokuryr.cz\/n\/wp-json\/wp\/v2\/posts\/103249\/revisions"}],"wp:featuredmedia":[{"embeddable":true,"href":"https:\/\/www.infokuryr.cz\/n\/wp-json\/wp\/v2\/media\/98783"}],"wp:attachment":[{"href":"https:\/\/www.infokuryr.cz\/n\/wp-json\/wp\/v2\/media?parent=103249"}],"wp:term":[{"taxonomy":"category","embeddable":true,"href":"https:\/\/www.infokuryr.cz\/n\/wp-json\/wp\/v2\/categories?post=103249"},{"taxonomy":"post_tag","embeddable":true,"href":"https:\/\/www.infokuryr.cz\/n\/wp-json\/wp\/v2\/tags?post=103249"}],"curies":[{"name":"wp","href":"https:\/\/api.w.org\/{rel}","templated":true}]}}