{"id":103248,"date":"2026-03-30T00:13:39","date_gmt":"2026-03-29T22:13:39","guid":{"rendered":"https:\/\/www.infokuryr.cz\/n\/?p=103248"},"modified":"2026-03-29T14:36:31","modified_gmt":"2026-03-29T12:36:31","slug":"michael-svatos-victor-orban-slavil-vcera-velky-uspech-v-cinskem-tisku-a-pritom-ma-plnou-podporu-trumpovy-administrativy","status":"publish","type":"post","link":"https:\/\/www.infokuryr.cz\/n\/2026\/03\/30\/michael-svatos-victor-orban-slavil-vcera-velky-uspech-v-cinskem-tisku-a-pritom-ma-plnou-podporu-trumpovy-administrativy\/","title":{"rendered":"Michael Svato\u0161: Victor Orb\u00e1n slavil v\u010dera velk\u00fd \u00fasp\u011bch v \u010d\u00ednsk\u00e9m tisku, a p\u0159itom m\u00e1 plnou podporu Trumpovy administrativy!"},"content":{"rendered":"<div id=\"fb-root\"><\/div>\n<p>Jsou tomu sotva t\u0159i dny, kdy Eurokrati kuckali vzteky,\u00a0<a href=\"https:\/\/www.politico.com\/news\/2026\/03\/25\/vance-will-visit-hungary-just-days-before-its-election-00844646\">proto\u017ee bylo z Washingtonu ozn\u00e1meno<\/a>,\u00a0\u017ee t\u011bsn\u011b p\u0159ed ma\u010farsk\u00fdmi volbami p\u0159ijede Victora Orb\u00e1na proti Eurokratovi P\u00e9teru Magyarovi osobn\u011b podpo\u0159it americk\u00fd viceprezident J.D. Vance. Orb\u00e1n m\u00e1 trvalou podporu od Donalda Trumpa, ale z\u00e1rove\u0148 vynikaj\u00edc\u00ed vztahy s \u010c\u00ednou i Ruskem. Proto\u017ee dnes byla noc o hodinu krat\u0161\u00ed, a nebyl tak \u010das na velkou anal\u00fdzu, p\u0159e\u010dt\u011bte si tento text, kter\u00fd o Viktorovi Orb\u00e1novi v\u010dera zve\u0159ejnilo na sv\u00e9 \u010deln\u00ed stran\u011b hlavn\u00ed m\u00e9dium Komunistick\u00e9 strany \u010c\u00edny publikuj\u00edc\u00ed v angli\u010dtin\u011b, a polo\u017ete si ot\u00e1zku, pro\u010d podobnou \u00factu nepo\u017e\u00edvaj\u00ed u t\u011bchto t\u0159\u00ed velmoc\u00ed i n\u011bjac\u00ed ti na\u0161i politici.<\/p>\n<p>P\u0159eklad \u010d\u00ednsk\u00e9ho textu, (<a href=\"https:\/\/www.globaltimes.cn\/page\/202603\/1357758.shtml\">origin\u00e1l v angli\u010dtin\u011b zde<\/a>, odkaz na cel\u00fd rozhovor Victora Orb\u00e1na, kter\u00fd \u010d\u00ednsk\u00e9 m\u00e9dium v\u010dera komentovalo,<a href=\"https:\/\/www.michalapetr.com\/map-2562-porad-na-tv-protiproud-s-petrem-hajkem-a-par-novinek\/\">\u00a0jsme zve\u0159ejnili u\u017e v anal\u00fdze 2562<\/a>):<\/p>\n<div id=\"attachment_24499\" class=\"wp-caption aligncenter\" style=\"width: 883px;\"><img decoding=\"async\" loading=\"lazy\" class=\" wp-image-24499\" src=\"https:\/\/www.michalapetr.com\/wp-content\/uploads\/2026\/03\/34cfe44b-5ff4-402c-83d0-00369883c45f.jpeg\" sizes=\"(max-width: 1200px) 100vw, 1200px\" srcset=\"https:\/\/www.michalapetr.com\/wp-content\/uploads\/2026\/03\/34cfe44b-5ff4-402c-83d0-00369883c45f.jpeg 1200w, https:\/\/www.michalapetr.com\/wp-content\/uploads\/2026\/03\/34cfe44b-5ff4-402c-83d0-00369883c45f-300x180.jpeg 300w, https:\/\/www.michalapetr.com\/wp-content\/uploads\/2026\/03\/34cfe44b-5ff4-402c-83d0-00369883c45f-1030x618.jpeg 1030w, https:\/\/www.michalapetr.com\/wp-content\/uploads\/2026\/03\/34cfe44b-5ff4-402c-83d0-00369883c45f-768x461.jpeg 768w, https:\/\/www.michalapetr.com\/wp-content\/uploads\/2026\/03\/34cfe44b-5ff4-402c-83d0-00369883c45f-705x423.jpeg 705w, https:\/\/www.michalapetr.com\/wp-content\/uploads\/2026\/03\/34cfe44b-5ff4-402c-83d0-00369883c45f-450x270.jpeg 450w\" alt=\"\" width=\"883\" height=\"530\" aria-describedby=\"caption-attachment-24499\" \/><\/p>\n<p id=\"caption-attachment-24499\" class=\"wp-caption-text\" style=\"text-align: justify;\">\u201c\u010c\u00edna je prost\u011b neporaziteln\u00e1\u201d \u2013 v\u00fdrok Viktora Orb\u00e1na, kter\u00fd v \u010c\u00edn\u011b vyvolal v\u010dera mimo\u0159\u00e1dn\u011b kladnou odezvu. V\u00edce v anal\u00fdze.<\/p>\n<\/div>\n<p><span dir=\"auto\">\u201eMysl\u00edm, \u017ee je selh\u00e1n\u00ed si myslet, \u017ee n\u011bkdo m\u016f\u017ee porazit \u010c\u00ednu. Je to nemo\u017en\u00e9. \u010c\u00edna je prost\u011b neporaziteln\u00e1,\u201c \u0159ekl ma\u010farsk\u00fd premi\u00e9r Viktor Orb\u00e1n v rozhovoru zve\u0159ejn\u011bn\u00e9m ve st\u0159edu na YouTube.<\/span><\/p>\n<p><span dir=\"auto\">Orb\u00e1n tyto pozn\u00e1mky u\u010dinil v rozhovoru zam\u011b\u0159en\u00e9m p\u0159edev\u0161\u00edm na v\u00e1lku v \u00cdr\u00e1nu s moder\u00e1torem Mariem Nawfalem. Nawfal m\u00e1 3,2 milionu sleduj\u00edc\u00edch na X a 226 000 odb\u011bratel\u016f na YouTube a zpov\u00eddal \u0159adu v\u00fdznamn\u00fdch osobnost\u00ed z politiky a obchodu, v\u010detn\u011b Huntera Bidena a Elona Muska.<\/span><\/p>\n<p><span dir=\"auto\">Aby z\u00edskal hlub\u0161\u00ed vhled do toho, co se m\u016f\u017ee a co by se m\u011blo st\u00e1t d\u00e1l v \u00cdr\u00e1nu, a tak\u00e9 do my\u0161len\u00ed americk\u00e9 vl\u00e1dy, provedl Nawfal p\u0159ibli\u017en\u011b hodinov\u00fd rozhovor v angli\u010dtin\u011b s premi\u00e9rem Orb\u00e1nem, kter\u00e9ho Nawfal popsal jako \u201ejeden z nejuzn\u00e1van\u011bj\u0161\u00edch a nejmocn\u011bj\u0161\u00edch hlas\u016f EU\u201c. Rozhovor se zab\u00fdval t\u00e9maty, jako je prob\u00edhaj\u00edc\u00ed v\u00e1lka na Bl\u00edzk\u00e9m v\u00fdchod\u011b, konflikt mezi Ruskem a Ukrajinou a nov\u00e1 sv\u011btov\u00e1 situace.\u00a0<\/span><\/p>\n<p><span dir=\"auto\">Pot\u00e9, co Nawfal zd\u016fraznil sou\u010dasn\u00fd stav z\u00e1vodu mezi USA a \u010c\u00ednou v oblasti um\u011bl\u00e9 inteligence a tak\u00e9 v oblasti obnoviteln\u00fdch zdroj\u016f energie \u2013 zejm\u00e9na jadern\u00e9 energie \u2013 a poznamenal, \u017ee \u010c\u00edna je \u201ed\u011bsiv\u00e1\u201c svou rychlost\u00ed r\u016fstu, se Orb\u00e1na zeptal, jak by se m\u011bla Evropa postavit v mocensk\u00e9m boji mezi USA a \u010c\u00ednou. Orb\u00e1n odpov\u011bd\u011bl: \u201ePokud uva\u017eujete v kontextu, \u017ee na obloze m\u016f\u017ee b\u00fdt jen jedno slunce, \u0161patn\u011b ch\u00e1peme situaci. \u010c\u00edna bude jednou ze dvou hlavn\u00edch stran sv\u011btov\u00e9 politiky.\u201c<\/span><\/p>\n<p><span dir=\"auto\">V tomto bod\u011b se Nawfal zeptal, zda je do toho zapojena i Evropa, ale Orb\u00e1n \u0159ekl, \u017ee Evropa je \u201emimo tento koncept\u201c. Dodal: \u201eOni [\u010c\u00edna] usly\u0161\u00ed, budou prezentovat, budou ovliv\u0148ovat sv\u011bt.\u201c<\/span><\/p>\n<p><span dir=\"auto\">Orb\u00e1n d\u00e1le rozvedl, jak by se m\u011bl Z\u00e1pad sm\u00ed\u0159it s vzestupem \u010c\u00edny, a poznamenal, \u017ee pokud z\u00e1padn\u00ed zem\u011b v\u011b\u0159\u00ed, \u017ee mohou \u010c\u00ednu zni\u010dit nebo porazit, \u0161patn\u011b ch\u00e1pou situaci, proto\u017ee s\u00edla \u010c\u00edny spo\u010d\u00edv\u00e1 v jej\u00ed siln\u00e9 energii a kultu\u0159e.<\/span><\/p>\n<p><span dir=\"auto\">\u201eTak\u017ee jsou zp\u011bt, tak jak byli p\u0159ed 500 lety. Proto\u017ee p\u0159ed obdob\u00edm dominance Z\u00e1padu byla \u010c\u00edna v\u017edy nejstar\u0161\u00ed a nej\u00fasp\u011b\u0161n\u011bj\u0161\u00ed civilizac\u00ed. A te\u010f jsou prost\u011b zp\u011bt,\u201c \u0159ekl Orb\u00e1n.<\/span><\/p>\n<p><span dir=\"auto\">B\u011bhem rozhovoru Orb\u00e1n tak\u00e9 zd\u016fraznil pot\u0159ebu sou\u017eit\u00ed a \u0159ekl: \u201eMus\u00edme naj\u00edt zp\u016fsob, jak \u017e\u00edt na stejn\u00e9m sv\u011bt\u011b. My, Z\u00e1pa\u010fan\u00e9, mus\u00edme pochopit, \u017ee na obloze budou nejm\u00e9n\u011b dv\u011b slunce.\u201c<\/span><\/p>\n<p><span dir=\"auto\">Na t\u00e9ma konkurence Orb\u00e1n uznal, \u017ee je sou\u010d\u00e1st\u00ed vztah\u016f mezi \u010c\u00ednou a EU. \u201eKonkurence v\u0161ak nen\u00ed jedin\u00fdm prvkem, jak si m\u016f\u017eeme p\u0159edstavit budoucnost sv\u011bta; je to i spolupr\u00e1ce,\u201c \u0159ekl Orb\u00e1n.\u00a0<\/span><\/p>\n<p><span dir=\"auto\">Jakmile byl rozhovor zve\u0159ejn\u011bn, vyvolal \u0161irokou diskusi mezi u\u017eivateli internetu v \u010c\u00edn\u011b i v mezin\u00e1rodn\u00edm spole\u010denstv\u00ed. U\u017eivatel YouTube @ilovethisworld3059 poznamenal: \u201eZp\u016fsob, jak\u00fdm mluv\u00ed o \u010c\u00edn\u011b, pova\u017euji za trefu. L\u00edb\u00ed se mi, jak mluv\u00ed o konkurenci versus spolupr\u00e1ci!\u201c\u00a0<\/span><\/p>\n<p><span dir=\"auto\">Na platform\u011b Sina Weibo n\u011bkte\u0159\u00ed \u010d\u00edn\u0161t\u00ed u\u017eivatel\u00e9 internetu chv\u00e1lili Orb\u00e1na jako vz\u00e1cn\u00e9ho politika s jasnou hlavou v Evrop\u011b a n\u011bkte\u0159\u00ed komentovali, \u017ee Orb\u00e1novo dlouh\u00e9 p\u016fsoben\u00ed dokazuje jeho v\u00fdjime\u010dn\u00e9 schopnosti a vizi.\u00a0<\/span><\/p>\n<p><span dir=\"auto\">Dal\u0161\u00ed uvedli, \u017ee Orb\u00e1novo pozitivn\u00ed hodnocen\u00ed \u010c\u00edny odr\u00e1\u017e\u00ed uzn\u00e1n\u00ed rozvojov\u00fdch \u00fasp\u011bch\u016f \u010c\u00edny a ukazuje jeho d\u016fv\u011bru v s\u00edlu a potenci\u00e1l \u010c\u00edny.\u00a0<\/span><\/p>\n<p><span dir=\"auto\">Mezit\u00edm n\u011bkte\u0159\u00ed u\u017eivatel\u00e9 internetu poznamenali, \u017ee m\u00edrov\u00e9 sou\u017eit\u00ed a spole\u010dn\u00fd rozvoj mezi \u010c\u00ednou a Evropou jsou spr\u00e1vnou cestou. \u201eN\u011bkter\u00e9 z\u00e1padn\u00ed zem\u011b se st\u00e1le dr\u017e\u00ed exkluzivn\u00edho, p\u0159e\u017eit\u00ed nejschopn\u011bj\u0161\u00edch, nulov\u00e9ho sou\u010dtu a v\u00edt\u011bzstv\u00ed za ka\u017edou cenu jako sv\u00fdch z\u00e1kladn\u00edch hodnot a nemohou skute\u010dn\u011b p\u0159ijmout m\u00edr, toleranci a spolupr\u00e1ci v\u00fdhodnou pro v\u0161echny,\u201c uv\u00e1d\u00ed se v popul\u00e1rn\u00edm koment\u00e1\u0159i.<\/span><\/p>\n<p><span dir=\"auto\">Vztahy mezi \u010c\u00ednou a Ma\u010farskem jsou v\u0161eobecn\u011b vn\u00edm\u00e1ny jako kl\u00ed\u010dov\u00e9 ve vztaz\u00edch mezi \u010c\u00ednou a EU. Pod Orb\u00e1novou vl\u00e1dou Ma\u010farsko a \u010c\u00edna aktivn\u011b posiluj\u00ed sv\u00e9 komplexn\u00ed strategick\u00e9 partnerstv\u00ed za ka\u017ed\u00e9ho po\u010das\u00ed. Na setk\u00e1n\u00ed s \u010d\u00ednsk\u00fdm ministrem zahrani\u010d\u00ed Wang I 12. \u00fanora Orb\u00e1n podle zpr\u00e1vy tiskov\u00e9 agentury Xinhua uvedl, \u017ee Ma\u010farsko bude i nad\u00e1le aktivn\u011b podporovat dialog a spolupr\u00e1ci mezi Evropou a \u010c\u00ednou.<\/span><\/p>\n<p><span dir=\"auto\">Nestabilita pramen\u00edc\u00ed z Washingtonu u\u010dinila pro evropsk\u00e9 zem\u011b st\u00e1le d\u016fle\u017eit\u011bj\u0161\u00ed diverzifikaci partnerstv\u00ed a pos\u00edlen\u00ed politick\u00e9 a ekonomick\u00e9 stability, zat\u00edmco na kontinentu pokra\u010duj\u00ed vnit\u0159n\u00ed debaty o politice v\u016f\u010di \u010c\u00edn\u011b.\u00a0<\/span><\/p>\n<p><span dir=\"auto\">Delegace Evropsk\u00e9ho parlamentu nav\u0161t\u00edv\u00ed \u010c\u00ednu od 31. b\u0159ezna do 2. dubna, co\u017e bude prvn\u00ed takov\u00e1 n\u00e1v\u0161t\u011bva za osm let, uv\u00e1d\u00ed se v p\u00e1tek na webov\u00fdch str\u00e1nk\u00e1ch Evropsk\u00e9ho parlamentu.<\/span><\/p>\n<p><span dir=\"auto\">N\u011bkte\u0159\u00ed \u010d\u00edn\u0161t\u00ed experti se domn\u00edvali, \u017ee jedna n\u00e1v\u0161t\u011bva sama o sob\u011b pravd\u011bpodobn\u011b z\u00e1sadn\u011b nezm\u011bn\u00ed zako\u0159en\u011bn\u00e9 p\u0159edsudky Evropsk\u00e9ho parlamentu v\u016f\u010di \u010c\u00edn\u011b, ale takov\u00fd p\u0159\u00edm\u00fd kontakt by mohl n\u011bkter\u00fdm evropsk\u00fdm politik\u016fm pomoci objektivn\u011bji se d\u00edvat na v\u00fdvoj \u010c\u00edny.\u00a0<\/span><\/p>\n<p><em><span dir=\"auto\">Zdroj:\u00a0<a href=\"https:\/\/www.globaltimes.cn\/page\/202603\/1357758.shtml\">Global Times<\/a><\/span><\/em><\/p>\n<p><a href=\"https:\/\/www.michalapetr.com\/map-2565-victor-orban-slavil-vcera-velky-uspech-v-cinskem-tisku-a-pritom-ma-plnou-podporu-trumpovy-administrativy-analyza\/\">Michael Svato\u0161<\/a><\/p>\n<p><img decoding=\"async\" loading=\"lazy\" class=\"alignnone size-full wp-image-27204\" src=\"http:\/\/www.infokuryr.cz\/n\/wp-content\/uploads\/2023\/05\/Michael_Svatos.png\" alt=\"\" width=\"180\" height=\"180\" srcset=\"https:\/\/www.infokuryr.cz\/n\/wp-content\/uploads\/2023\/05\/Michael_Svatos.png 180w, https:\/\/www.infokuryr.cz\/n\/wp-content\/uploads\/2023\/05\/Michael_Svatos-150x150.png 150w\" sizes=\"(max-width: 180px) 100vw, 180px\" \/><\/p>\n<p>&nbsp;<\/p>\n","protected":false},"excerpt":{"rendered":"<p>Jsou tomu sotva t\u0159i dny, kdy Eurokrati kuckali vzteky,\u00a0proto\u017ee bylo z Washingtonu ozn\u00e1meno,\u00a0\u017ee t\u011bsn\u011b p\u0159ed&#8230;<\/p>\n","protected":false},"author":2,"featured_media":28804,"comment_status":"closed","ping_status":"closed","sticky":false,"template":"","format":"standard","meta":[],"categories":[6],"tags":[1042,30,158,439],"_links":{"self":[{"href":"https:\/\/www.infokuryr.cz\/n\/wp-json\/wp\/v2\/posts\/103248"}],"collection":[{"href":"https:\/\/www.infokuryr.cz\/n\/wp-json\/wp\/v2\/posts"}],"about":[{"href":"https:\/\/www.infokuryr.cz\/n\/wp-json\/wp\/v2\/types\/post"}],"author":[{"embeddable":true,"href":"https:\/\/www.infokuryr.cz\/n\/wp-json\/wp\/v2\/users\/2"}],"replies":[{"embeddable":true,"href":"https:\/\/www.infokuryr.cz\/n\/wp-json\/wp\/v2\/comments?post=103248"}],"version-history":[{"count":0,"href":"https:\/\/www.infokuryr.cz\/n\/wp-json\/wp\/v2\/posts\/103248\/revisions"}],"wp:featuredmedia":[{"embeddable":true,"href":"https:\/\/www.infokuryr.cz\/n\/wp-json\/wp\/v2\/media\/28804"}],"wp:attachment":[{"href":"https:\/\/www.infokuryr.cz\/n\/wp-json\/wp\/v2\/media?parent=103248"}],"wp:term":[{"taxonomy":"category","embeddable":true,"href":"https:\/\/www.infokuryr.cz\/n\/wp-json\/wp\/v2\/categories?post=103248"},{"taxonomy":"post_tag","embeddable":true,"href":"https:\/\/www.infokuryr.cz\/n\/wp-json\/wp\/v2\/tags?post=103248"}],"curies":[{"name":"wp","href":"https:\/\/api.w.org\/{rel}","templated":true}]}}