{"id":103241,"date":"2026-03-30T00:23:23","date_gmt":"2026-03-29T22:23:23","guid":{"rendered":"https:\/\/www.infokuryr.cz\/n\/?p=103241"},"modified":"2026-03-29T14:23:54","modified_gmt":"2026-03-29T12:23:54","slug":"miliardova-loupez-zdravotni-pojistovny-jsou-drancovany-kvuli-prijmum-obcanu-a-vy-za-to-platite","status":"publish","type":"post","link":"https:\/\/www.infokuryr.cz\/n\/2026\/03\/30\/miliardova-loupez-zdravotni-pojistovny-jsou-drancovany-kvuli-prijmum-obcanu-a-vy-za-to-platite\/","title":{"rendered":"Miliardov\u00e1 loupe\u017e: Zdravotn\u00ed poji\u0161\u0165ovny jsou drancov\u00e1ny kv\u016fli p\u0159\u00edjm\u016fm ob\u010dan\u016f \u2013 a vy za to plat\u00edte!"},"content":{"rendered":"<div id=\"fb-root\"><\/div>\n<p><strong><span dir=\"auto\">Syst\u00e9m z\u00e1konn\u00e9ho zdravotn\u00edho poji\u0161t\u011bn\u00ed sm\u011b\u0159uje ke kolapsu a pojistn\u00e9 prudce roste. Je to proto, \u017ee feder\u00e1ln\u00ed vl\u00e1da odm\u00edt\u00e1 n\u00e9st skute\u010dn\u00e9 n\u00e1klady t\u011bch, kte\u0159\u00ed pob\u00edraj\u00ed z\u00e1kladn\u00ed podporu p\u0159\u00edjmu. M\u00edsto toho st\u00e1t bezosty\u0161n\u011b s\u00e1hne do kapes tvrd\u011b pracuj\u00edc\u00edch poji\u0161\u0165oven!<\/span><\/strong><\/p>\n<p><span dir=\"auto\">I kdy\u017e se to nakonec stejn\u011b dot\u00fdk\u00e1 velk\u00e9 \u010d\u00e1sti populace, proto\u017ee pen\u00edze mus\u00ed od n\u011bkoho poch\u00e1zet (a\u0165 u\u017e od t\u011bch, kte\u0159\u00ed plat\u00ed p\u0159\u00edsp\u011bvky, nebo od da\u0148ov\u00fdch poplatn\u00edk\u016f), sou\u010dasn\u00e1 krize zdravotn\u00edho poji\u0161t\u011bn\u00ed poukazuje na hlubok\u00fd struktur\u00e1ln\u00ed probl\u00e9m. Prezident Svazu zam\u011bstnavatel\u016f Rainer Dulger nebije\u00a0<\/span><a href=\"https:\/\/www.tichyseinblick.de\/daili-es-sentials\/buergergeld-reisst-milliardenloch-in-krankenkassen\/\"><span dir=\"auto\">na poplach jen tak pro nic za nic<\/span><\/a><span dir=\"auto\"> . Zdravotn\u00ed poji\u0161\u0165ovny \u010del\u00ed do roku 2026 deficitu a\u017e 15 miliard eur. V\u00fddaje prudce rostou a rezervy se zmen\u0161uj\u00ed. A to v\u0161e nehrad\u00ed feder\u00e1ln\u00ed vl\u00e1da, kter\u00e1 tyto n\u00e1klady zp\u016fsobila svou mylnou politikou, ale vy! Zam\u011bstnanec, kter\u00fd ka\u017ed\u00e9 r\u00e1no vst\u00e1v\u00e1 a u\u017e te\u010f st\u00e9n\u00e1 pod jednou z nejvy\u0161\u0161\u00edch da\u0148ov\u00fdch z\u00e1t\u011b\u017e\u00ed na sv\u011bt\u011b.<\/span><\/p>\n<p><span dir=\"auto\">Za ka\u017ed\u00e9ho p\u0159\u00edjemce z\u00e1kladn\u00ed podpory p\u0159\u00edjmu v sou\u010dasnosti feder\u00e1ln\u00ed vl\u00e1da p\u0159ev\u00e1d\u00ed do z\u00e1konn\u00fdch zdravotn\u00edch poji\u0161\u0165oven uboh\u00fdch 140 eur m\u011bs\u00ed\u010dn\u011b. Tyto pen\u00edze v\u0161ak zdaleka nesta\u010d\u00ed k pokryt\u00ed n\u00e1klad\u016f. V\u00fdsledkem je obrovsk\u00fd schodek deseti miliard eur ro\u010dn\u011b. Zat\u00edmco poji\u0161t\u011bnci soukrom\u00fdch zdravotn\u00edch poji\u0161\u0165oven jsou t\u011bchto exces\u016f z velk\u00e9 \u010d\u00e1sti u\u0161et\u0159eni, poji\u0161t\u011bnci z\u00e1konn\u00fdch zdravotn\u00edch poji\u0161\u0165oven mus\u00ed n\u00e9st b\u0159emeno dodate\u010dn\u00fdch finan\u010dn\u00edch zdroj\u016f.<\/span><\/p>\n<p><span dir=\"auto\">Vl\u00e1da se prezentuje jako spole\u010densky odpov\u011bdn\u00e1 a \u0161t\u011bd\u0159e rozd\u011bluje d\u00e1vky, ale odm\u00edt\u00e1 platit poctiv\u00fd \u00fa\u010det z feder\u00e1ln\u00edho rozpo\u010dtu. Fondy soci\u00e1ln\u00edho zabezpe\u010den\u00ed jsou zneu\u017e\u00edv\u00e1ny jako skryt\u00fd fond pro podvody. Nen\u00ed tedy divu, \u017ee zdravotn\u00ed poji\u0161\u0165ovny nyn\u00ed podnikly pr\u00e1vn\u00ed kroky proti feder\u00e1ln\u00ed vl\u00e1d\u011b. N\u00e1rodn\u00ed asociace z\u00e1konn\u00fdch zdravotn\u00edch poji\u0161\u0165oven (GKV-Spitzenverband) otev\u0159en\u011b hovo\u0159\u00ed o miliard\u00e1ch, kter\u00e9 st\u00e1t fond\u016fm dlu\u017e\u00ed.<\/span><\/p>\n<p><span dir=\"auto\">A je to \u010d\u00edm d\u00e1l hor\u0161\u00ed: Proto\u017ee pen\u00edze jsou v\u0161ude zoufale pot\u0159eba, neschopn\u00e1 feder\u00e1ln\u00ed vl\u00e1da nyn\u00ed zva\u017euje pl\u00e1ny na sn\u00ed\u017een\u00ed n\u00e1klad\u016f na d\u0159\u00edve bezplatn\u00e9 spolupoji\u0161t\u011bn\u00ed man\u017eel\u016f\/man\u017eelek. Diskutuje se o minim\u00e1ln\u00edm p\u0159\u00edsp\u011bvku 225 eur m\u011bs\u00ed\u010dn\u011b! Politici okr\u00e1daj\u00ed n\u011bmeck\u00e9 rodiny, aby financovali komplexn\u00ed zdravotn\u00ed poji\u0161t\u011bn\u00ed pro miliony imigrant\u016f z cel\u00e9ho sv\u011bta, kte\u0159\u00ed do na\u0161eho syst\u00e9mu nikdy nezaplatili ani korunu.<\/span><\/p>\n<p><span dir=\"auto\">Nejsou to samotn\u00ed n\u011bme\u010dt\u00ed pacienti (p\u0159isp\u011bvatel\u00e9), kdo klade na zdravotn\u00ed poji\u0161\u0165ovny tak extr\u00e9mn\u00ed z\u00e1t\u011b\u017e, ale p\u0159edev\u0161\u00edm migranti. P\u0159ibli\u017en\u011b polovina t\u011bch, kte\u0159\u00ed pob\u00edraj\u00ed z\u00e1kladn\u00ed podporu, nem\u00e1 n\u011bmeck\u00fd pas a drtiv\u00e1 v\u011bt\u0161ina z nich nikdy v \u017eivot\u011b neplatila do syst\u00e9mu soci\u00e1ln\u00edho zabezpe\u010den\u00ed. Pro tyto lidi je n\u011bmeck\u00fd soci\u00e1ln\u00ed syst\u00e9m jako v\u00fdhra v jackpotu, zat\u00edmco \u00fa\u010det plat\u00ed da\u0148ov\u00ed poplatn\u00edci a p\u0159isp\u011bvatel\u00e9.<\/span><\/p>\n<p><span dir=\"auto\">V\u00fdmluva politik\u016f, \u017ee l\u00e9ky jsou dra\u017e\u0161\u00ed, a proto se mus\u00ed zv\u00fd\u0161it p\u0159\u00edsp\u011bvky, je v kone\u010dn\u00e9m d\u016fsledku jen do o\u010d\u00ed bij\u00edc\u00ed le\u017e. Pokud by feder\u00e1ln\u00ed vl\u00e1da kone\u010dn\u011b byla up\u0159\u00edmn\u00e1 ohledn\u011b pokryt\u00ed n\u00e1klad\u016f na z\u00e1kladn\u00ed p\u0159\u00edjem, tlak deseti miliard eur by okam\u017eit\u011b zmizel. Vl\u00e1da v\u0161ak zatajuje skute\u010dn\u00e9 n\u00e1klady sv\u00e9 ne\u00fasp\u011b\u0161n\u00e9 migra\u010dn\u00ed a soci\u00e1ln\u00ed politiky a p\u0159en\u00e1\u0161\u00ed je na da\u0148ov\u00e9 poplatn\u00edky. K tomu se p\u0159id\u00e1v\u00e1 naprosto nafoukl\u00fd administrativn\u00ed apar\u00e1t, kter\u00fd ro\u010dn\u011b stoj\u00ed p\u0159es 26 miliard eur. Naho\u0159e roste byrokratick\u00fd gigant; dole plat\u00ed \u00fa\u010det ob\u010dan.<\/span><\/p>\n<p><span dir=\"auto\">St\u00e1t zve polovinu sv\u011bta ke sv\u00fdm hranic\u00edm, prost\u0159ednictv\u00edm sv\u00e9ho programu z\u00e1kladn\u00edho p\u0159\u00edjmu odv\u00e1d\u00ed p\u0159\u00edli\u0161 m\u00e1lo do zdravotn\u00edho poji\u0161t\u011bn\u00ed a rozd\u00edl pak dopl\u00e1c\u00ed t\u011bm, kte\u0159\u00ed nemohou p\u0159ej\u00edt na soukrom\u00e9 zdravotn\u00ed poji\u0161t\u011bn\u00ed. T\u00edmto zp\u016fsobem se soci\u00e1ln\u00ed politika st\u00e1v\u00e1 pl\u00ed\u017eiv\u00fdm vyvlast\u0148ov\u00e1n\u00edm pracuj\u00edc\u00ed st\u0159edn\u00ed t\u0159\u00eddy.<\/span><\/p>\n<p><img decoding=\"async\" loading=\"lazy\" class=\"alignnone size-full wp-image-1185\" src=\"http:\/\/www.infokuryr.cz\/n\/wp-content\/uploads\/2021\/04\/kuryr-podpis.png\" alt=\"\" width=\"84\" height=\"24\" \/><\/p>\n<p>&nbsp;<\/p>\n","protected":false},"excerpt":{"rendered":"<p>Syst\u00e9m z\u00e1konn\u00e9ho zdravotn\u00edho poji\u0161t\u011bn\u00ed sm\u011b\u0159uje ke kolapsu a pojistn\u00e9 prudce roste. Je to proto, \u017ee&#8230;<\/p>\n","protected":false},"author":2,"featured_media":103242,"comment_status":"closed","ping_status":"closed","sticky":false,"template":"","format":"standard","meta":[],"categories":[7],"tags":[45,84,2135,6258],"_links":{"self":[{"href":"https:\/\/www.infokuryr.cz\/n\/wp-json\/wp\/v2\/posts\/103241"}],"collection":[{"href":"https:\/\/www.infokuryr.cz\/n\/wp-json\/wp\/v2\/posts"}],"about":[{"href":"https:\/\/www.infokuryr.cz\/n\/wp-json\/wp\/v2\/types\/post"}],"author":[{"embeddable":true,"href":"https:\/\/www.infokuryr.cz\/n\/wp-json\/wp\/v2\/users\/2"}],"replies":[{"embeddable":true,"href":"https:\/\/www.infokuryr.cz\/n\/wp-json\/wp\/v2\/comments?post=103241"}],"version-history":[{"count":0,"href":"https:\/\/www.infokuryr.cz\/n\/wp-json\/wp\/v2\/posts\/103241\/revisions"}],"wp:featuredmedia":[{"embeddable":true,"href":"https:\/\/www.infokuryr.cz\/n\/wp-json\/wp\/v2\/media\/103242"}],"wp:attachment":[{"href":"https:\/\/www.infokuryr.cz\/n\/wp-json\/wp\/v2\/media?parent=103241"}],"wp:term":[{"taxonomy":"category","embeddable":true,"href":"https:\/\/www.infokuryr.cz\/n\/wp-json\/wp\/v2\/categories?post=103241"},{"taxonomy":"post_tag","embeddable":true,"href":"https:\/\/www.infokuryr.cz\/n\/wp-json\/wp\/v2\/tags?post=103241"}],"curies":[{"name":"wp","href":"https:\/\/api.w.org\/{rel}","templated":true}]}}