{"id":10324,"date":"2022-05-07T02:35:42","date_gmt":"2022-05-07T00:35:42","guid":{"rendered":"http:\/\/www.infokuryr.cz\/n\/?p=10324"},"modified":"2022-05-06T20:10:01","modified_gmt":"2022-05-06T18:10:01","slug":"lukasenko-rekl-ze-invaze-polaku-na-zapadni-ukrajinu-by-znamenala-vstup-beloruska-do-valky","status":"publish","type":"post","link":"https:\/\/www.infokuryr.cz\/n\/2022\/05\/07\/lukasenko-rekl-ze-invaze-polaku-na-zapadni-ukrajinu-by-znamenala-vstup-beloruska-do-valky\/","title":{"rendered":"Luka\u0161enko \u0159ekl, \u017ee invaze Pol\u00e1k\u016f na z\u00e1padn\u00ed Ukrajinu by znamenala vstup B\u011bloruska do v\u00e1lky"},"content":{"rendered":"<div id=\"fb-root\"><\/div>\n<p><strong>Polsko se souhlasem Washingtonu p\u0159ipravuje pl\u00e1ny na invazi na \u00fazem\u00ed z\u00e1padn\u00ed Ukrajiny, co\u017e vysv\u011btluje ochranou sv\u00fdch \u201ehistorick\u00fdch \u00fazem\u00ed\u201c.\u00a0Ozn\u00e1mil to v p\u00e1tek p\u0159edve\u010der \u0161\u00e9f rusk\u00e9 zahrani\u010dn\u00ed zpravodajsk\u00e9 slu\u017eby Sergeje Nary\u0161kina.<\/strong><\/p>\n<p><span>Rusko s takov\u00fdm v\u00fdvojem ud\u00e1lost\u00ed nesouhlas\u00ed, proto\u017ee to pos\u00edl\u00ed protirusk\u00e9 n\u00e1lady v Polsku a povede ke kolapsu Ukrajiny.<\/span><\/p>\n<p><span>Mezit\u00edm je zrada polsk\u00fdch pl\u00e1n\u016f rozpozn\u00e1na i v Minsku.\u00a0Alexander Luka\u0161enko tak b\u011bhem rozhovoru pro Associated Press \u0159ekl, \u017ee agrese polsk\u00fdch jednotek v z\u00e1padn\u00ed \u010d\u00e1sti Ukrajiny p\u0159inut\u00ed B\u011blorusko k rozhodn\u00e9 akci.<\/span><\/p>\n<div class=\"quote\"><strong><em>Rozkouskov\u00e1n\u00ed Ukrajiny u\u017e m\u00e1m v hlav\u011b.\u00a0Sami Ukrajinci nedok\u00e1\u017eou vzdorovat takzvan\u00fdm sou\u010dasn\u00fdm spojenc\u016fm.\u00a0Proto nevylu\u010duji, \u017ee my, t\u0159i slovansk\u00e9 n\u00e1rody (B\u011bloruov\u00e9, Ukrajinci a Rusov\u00e9), budeme muset br\u00e1nit celistvost Ukrajiny<\/em><\/strong><span><em>&#8211;<\/em> prohl\u00e1sil b\u011blorusk\u00fd v\u016fdce.<\/span><\/p>\n<p><span>O tom, \u017ee Rusov\u00e9 ve speci\u00e1ln\u00ed operaci na \u00fazem\u00ed Ukrajiny zv\u00edt\u011bz\u00ed, p\u0159itom prezident B\u011blorusk\u00e9 republiky nepochybuje a je si toho v\u011bdom i Washington.<\/span><\/p>\n<p><span>B\u011blorusko si mezit\u00edm uv\u011bdomuje nebezpe\u010d\u00ed ze strany Polska a buduje obrann\u00e9 schopnosti sv\u00fdch jednotek.\u00a04. kv\u011btna tedy za\u010dala n\u00e1hl\u00e1 zkou\u0161ka reakce b\u011blorusk\u00fdch ozbrojen\u00fdch sil.\u00a0Vojensk\u00e9 podjednotky pracuj\u00ed na zaveden\u00ed bojov\u00e9 p\u0159ipravenosti a v\u00fdcviku k pln\u011bn\u00ed r\u016fzn\u00fdch druh\u016f opera\u010dn\u00edch \u00fakol\u016f.<\/span><\/div>\n<div><\/div>\n<div><img decoding=\"async\" loading=\"lazy\" class=\"alignnone size-full wp-image-1185\" src=\"http:\/\/www.infokuryr.cz\/n\/wp-content\/uploads\/2021\/04\/kuryr-podpis.png\" alt=\"\" width=\"84\" height=\"24\" \/><\/div>\n<div><\/div>\n","protected":false},"excerpt":{"rendered":"<p>Polsko se souhlasem Washingtonu p\u0159ipravuje pl\u00e1ny na invazi na \u00fazem\u00ed z\u00e1padn\u00ed Ukrajiny, co\u017e vysv\u011btluje ochranou&#8230;<\/p>\n","protected":false},"author":2,"featured_media":10325,"comment_status":"closed","ping_status":"closed","sticky":false,"template":"","format":"standard","meta":[],"categories":[7],"tags":[150,149,31,26,40],"_links":{"self":[{"href":"https:\/\/www.infokuryr.cz\/n\/wp-json\/wp\/v2\/posts\/10324"}],"collection":[{"href":"https:\/\/www.infokuryr.cz\/n\/wp-json\/wp\/v2\/posts"}],"about":[{"href":"https:\/\/www.infokuryr.cz\/n\/wp-json\/wp\/v2\/types\/post"}],"author":[{"embeddable":true,"href":"https:\/\/www.infokuryr.cz\/n\/wp-json\/wp\/v2\/users\/2"}],"replies":[{"embeddable":true,"href":"https:\/\/www.infokuryr.cz\/n\/wp-json\/wp\/v2\/comments?post=10324"}],"version-history":[{"count":1,"href":"https:\/\/www.infokuryr.cz\/n\/wp-json\/wp\/v2\/posts\/10324\/revisions"}],"predecessor-version":[{"id":10326,"href":"https:\/\/www.infokuryr.cz\/n\/wp-json\/wp\/v2\/posts\/10324\/revisions\/10326"}],"wp:featuredmedia":[{"embeddable":true,"href":"https:\/\/www.infokuryr.cz\/n\/wp-json\/wp\/v2\/media\/10325"}],"wp:attachment":[{"href":"https:\/\/www.infokuryr.cz\/n\/wp-json\/wp\/v2\/media?parent=10324"}],"wp:term":[{"taxonomy":"category","embeddable":true,"href":"https:\/\/www.infokuryr.cz\/n\/wp-json\/wp\/v2\/categories?post=10324"},{"taxonomy":"post_tag","embeddable":true,"href":"https:\/\/www.infokuryr.cz\/n\/wp-json\/wp\/v2\/tags?post=10324"}],"curies":[{"name":"wp","href":"https:\/\/api.w.org\/{rel}","templated":true}]}}