{"id":103227,"date":"2026-03-30T00:15:34","date_gmt":"2026-03-29T22:15:34","guid":{"rendered":"https:\/\/www.infokuryr.cz\/n\/?p=103227"},"modified":"2026-03-29T14:42:00","modified_gmt":"2026-03-29T12:42:00","slug":"tajna-paprskova-zbran-vyzkumnik-si-griluje-vlastni-mozek-pouzil-trump-zbran-ve-venezuele","status":"publish","type":"post","link":"https:\/\/www.infokuryr.cz\/n\/2026\/03\/30\/tajna-paprskova-zbran-vyzkumnik-si-griluje-vlastni-mozek-pouzil-trump-zbran-ve-venezuele\/","title":{"rendered":"Tajn\u00e1 paprskov\u00e1 zbra\u0148: V\u00fdzkumn\u00edk si griluje vlastn\u00ed mozek \u2013 Pou\u017eil Trump zbra\u0148 ve Venezuele?"},"content":{"rendered":"<div id=\"fb-root\"><\/div>\n<p><strong><span dir=\"auto\">Po l\u00e9ta byl takzvan\u00fd \u201ehavansk\u00fd syndrom\u201c pova\u017eov\u00e1n za pouhou fantazii, stres nebo dokonce masovou hysterii. Mikrovlnn\u00e9 zbran\u011b v\u0161ak existuj\u00ed a mohou zni\u010dit lidsk\u00fd mozek, jak dok\u00e1zal norsk\u00fd v\u00fdzkumn\u00edk. Zat\u00edmco se Bidenova administrativa l\u00e9ta sna\u017eila nebezpe\u010d\u00ed utajit, Donald Trump nyn\u00ed otev\u0159en\u011b diskutuje o z\u00e1hadn\u00e9 tajn\u00e9 zbrani, kterou \u00fadajn\u011b pou\u017eil p\u0159i velkolep\u00e9m zat\u010den\u00ed venezuelsk\u00e9ho dikt\u00e1tora Nicol\u00e1se Madura.<\/span><\/strong><\/p>\n<p><span dir=\"auto\">V roce 2024 se norsk\u00fd vl\u00e1dn\u00ed v\u011bdec rozhodl dok\u00e1zat, \u017ee pulzn\u00ed energetick\u00e9 zbran\u011b jsou pro \u010dlov\u011bka zcela ne\u0161kodn\u00e9 a \u017ee Havansk\u00fd syndrom je m\u00fdtus. V p\u0159\u00edsn\u00e9m utajen\u00ed postavil stroj, kter\u00fd vyza\u0159oval siln\u00e9 mikrovlnn\u00e9 pulzy \u2013 a otestoval ho na sob\u011b. Podle\u00a0<\/span><a href=\"https:\/\/archive.is\/XZyWQ\"><span dir=\"auto\">Washington Post<\/span><\/a><span dir=\"auto\"> byl v\u00fdsledkem naprost\u00e1 katastrofa. V\u00fdzkumn\u00edk utrp\u011bl p\u0159esn\u011b takov\u00e9 t\u011b\u017ek\u00e9 neurologick\u00e9 po\u0161kozen\u00ed, z\u00e1vrat\u011b a kognitivn\u00ed poruchy, o kter\u00fdch hl\u00e1sily stovky americk\u00fdch diplomat\u016f a \u0161pion\u016f po cel\u00e9m sv\u011bt\u011b.<\/span><\/p>\n<figure class=\"wp-block-embed is-type-rich is-provider-twitter wp-block-embed-twitter\">\n<div class=\"wp-block-embed__wrapper\">\n<div class=\"twitter-tweet twitter-tweet-rendered\"><iframe id=\"twitter-widget-0\" class=\"\" title=\"X P\u0159\u00edsp\u011bvek\" src=\"https:\/\/platform.twitter.com\/embed\/Tweet.html?dnt=true&amp;embedId=twitter-widget-0&amp;features=eyJ0ZndfdGltZWxpbmVfbGlzdCI6eyJidWNrZXQiOltdLCJ2ZXJzaW9uIjpudWxsfSwidGZ3X2ZvbGxvd2VyX2NvdW50X3N1bnNldCI6eyJidWNrZXQiOnRydWUsInZlcnNpb24iOm51bGx9LCJ0ZndfdHdlZXRfZWRpdF9iYWNrZW5kIjp7ImJ1Y2tldCI6Im9uIiwidmVyc2lvbiI6bnVsbH0sInRmd19yZWZzcmNfc2Vzc2lvbiI6eyJidWNrZXQiOiJvbiIsInZlcnNpb24iOm51bGx9LCJ0ZndfZm9zbnJfc29mdF9pbnRlcnZlbnRpb25zX2VuYWJsZWQiOnsiYnVja2V0Ijoib24iLCJ2ZXJzaW9uIjpudWxsfSwidGZ3X21peGVkX21lZGlhXzE1ODk3Ijp7ImJ1Y2tldCI6InRyZWF0bWVudCIsInZlcnNpb24iOm51bGx9LCJ0ZndfZXhwZXJpbWVudHNfY29va2llX2V4cGlyYXRpb24iOnsiYnVja2V0IjoxMjA5NjAwLCJ2ZXJzaW9uIjpudWxsfSwidGZ3X3Nob3dfYmlyZHdhdGNoX3Bpdm90c19lbmFibGVkIjp7ImJ1Y2tldCI6Im9uIiwidmVyc2lvbiI6bnVsbH0sInRmd19kdXBsaWNhdGVfc2NyaWJlc190b19zZXR0aW5ncyI6eyJidWNrZXQiOiJvbiIsInZlcnNpb24iOm51bGx9LCJ0ZndfdXNlX3Byb2ZpbGVfaW1hZ2Vfc2hhcGVfZW5hYmxlZCI6eyJidWNrZXQiOiJvbiIsInZlcnNpb24iOm51bGx9LCJ0ZndfdmlkZW9faGxzX2R5bmFtaWNfbWFuaWZlc3RzXzE1MDgyIjp7ImJ1Y2tldCI6InRydWVfYml0cmF0ZSIsInZlcnNpb24iOm51bGx9LCJ0ZndfbGVnYWN5X3RpbWVsaW5lX3N1bnNldCI6eyJidWNrZXQiOnRydWUsInZlcnNpb24iOm51bGx9LCJ0ZndfdHdlZXRfZWRpdF9mcm9udGVuZCI6eyJidWNrZXQiOiJvbiIsInZlcnNpb24iOm51bGx9fQ%3D%3D&amp;frame=false&amp;hideCard=false&amp;hideThread=false&amp;id=2023348758373626201&amp;lang=cs&amp;origin=https%3A%2F%2Freport24.news%2Fgeheime-strahlenwaffe-forscher-grillt-sein-eigenes-gehirn-setzte-trump-den-discombobulator-gegen-maduro-ein%2F&amp;sessionId=7583d418130c60c663cadd6d9f011f567555c467&amp;theme=light&amp;widgetsVersion=2615f7e52b7e0%3A1702314776716&amp;width=550px\" frameborder=\"0\" scrolling=\"no\" allowfullscreen=\"allowfullscreen\" data-tweet-id=\"2023348758373626201\" data-mce-fragment=\"1\"><\/iframe><\/div>\n<\/div>\n<\/figure>\n<p><span dir=\"auto\">Z\u00e1stupci Bidenovy administrativy sp\u011bchali do Norska, aby letadlo prohl\u00e9dli. CIA za Bidena l\u00e9ta tvrdila, \u017ee je \u201evelmi nepravd\u011bpodobn\u00e9\u201c, \u017ee by ciz\u00ed mocnosti pou\u017eily takov\u00e9 zbran\u011b proti Ameri\u010dan\u016fm. Dokonce ignorovala expertn\u00ed zpr\u00e1vy, kter\u00e9 varovaly pr\u00e1v\u011b p\u0159ed touto mo\u017enost\u00ed, a opustila sv\u00e9 vlastn\u00ed diplomaty. Teprve v \u00fapln\u011b posledn\u00edch t\u00fddnech Bidenovy administrativy n\u011bkter\u00e9 zpravodajsk\u00e9 agentury (jako NSA) n\u00e1hle povolily a ost\u00fdchav\u011b p\u0159iznaly: Ano, skute\u010dn\u011b by to mohla b\u00fdt nep\u0159\u00e1telsk\u00e1 zbra\u0148.<\/span><\/p>\n<figure class=\"wp-block-embed is-type-rich is-provider-twitter wp-block-embed-twitter\">\n<div class=\"wp-block-embed__wrapper\">\n<div class=\"twitter-tweet twitter-tweet-rendered\"><iframe id=\"twitter-widget-1\" class=\"\" title=\"X P\u0159\u00edsp\u011bvek\" src=\"https:\/\/platform.twitter.com\/embed\/Tweet.html?dnt=true&amp;embedId=twitter-widget-1&amp;features=eyJ0ZndfdGltZWxpbmVfbGlzdCI6eyJidWNrZXQiOltdLCJ2ZXJzaW9uIjpudWxsfSwidGZ3X2ZvbGxvd2VyX2NvdW50X3N1bnNldCI6eyJidWNrZXQiOnRydWUsInZlcnNpb24iOm51bGx9LCJ0ZndfdHdlZXRfZWRpdF9iYWNrZW5kIjp7ImJ1Y2tldCI6Im9uIiwidmVyc2lvbiI6bnVsbH0sInRmd19yZWZzcmNfc2Vzc2lvbiI6eyJidWNrZXQiOiJvbiIsInZlcnNpb24iOm51bGx9LCJ0ZndfZm9zbnJfc29mdF9pbnRlcnZlbnRpb25zX2VuYWJsZWQiOnsiYnVja2V0Ijoib24iLCJ2ZXJzaW9uIjpudWxsfSwidGZ3X21peGVkX21lZGlhXzE1ODk3Ijp7ImJ1Y2tldCI6InRyZWF0bWVudCIsInZlcnNpb24iOm51bGx9LCJ0ZndfZXhwZXJpbWVudHNfY29va2llX2V4cGlyYXRpb24iOnsiYnVja2V0IjoxMjA5NjAwLCJ2ZXJzaW9uIjpudWxsfSwidGZ3X3Nob3dfYmlyZHdhdGNoX3Bpdm90c19lbmFibGVkIjp7ImJ1Y2tldCI6Im9uIiwidmVyc2lvbiI6bnVsbH0sInRmd19kdXBsaWNhdGVfc2NyaWJlc190b19zZXR0aW5ncyI6eyJidWNrZXQiOiJvbiIsInZlcnNpb24iOm51bGx9LCJ0ZndfdXNlX3Byb2ZpbGVfaW1hZ2Vfc2hhcGVfZW5hYmxlZCI6eyJidWNrZXQiOiJvbiIsInZlcnNpb24iOm51bGx9LCJ0ZndfdmlkZW9faGxzX2R5bmFtaWNfbWFuaWZlc3RzXzE1MDgyIjp7ImJ1Y2tldCI6InRydWVfYml0cmF0ZSIsInZlcnNpb24iOm51bGx9LCJ0ZndfbGVnYWN5X3RpbWVsaW5lX3N1bnNldCI6eyJidWNrZXQiOnRydWUsInZlcnNpb24iOm51bGx9LCJ0ZndfdHdlZXRfZWRpdF9mcm9udGVuZCI6eyJidWNrZXQiOiJvbiIsInZlcnNpb24iOm51bGx9fQ%3D%3D&amp;frame=false&amp;hideCard=false&amp;hideThread=false&amp;id=2030351594529730947&amp;lang=cs&amp;origin=https%3A%2F%2Freport24.news%2Fgeheime-strahlenwaffe-forscher-grillt-sein-eigenes-gehirn-setzte-trump-den-discombobulator-gegen-maduro-ein%2F&amp;sessionId=7583d418130c60c663cadd6d9f011f567555c467&amp;theme=light&amp;widgetsVersion=2615f7e52b7e0%3A1702314776716&amp;width=550px\" frameborder=\"0\" scrolling=\"no\" allowfullscreen=\"allowfullscreen\" data-tweet-id=\"2030351594529730947\" data-mce-fragment=\"1\"><\/iframe><\/div>\n<\/div>\n<\/figure>\n<p><span dir=\"auto\">Po filmov\u00e9 operaci komanda, jej\u00edm\u017e c\u00edlem bylo zajmout venezuelsk\u00e9ho dikt\u00e1tora Nicol\u00e1se Madura, americk\u00fd prezident Donald Trump prohl\u00e1sil, \u017ee byl pou\u017eit takzvan\u00fd \u201ediskombobul\u00e1tor\u201c. \u201eNesm\u00edm o tom mluvit,\u201c \u0159ekl Trump, ale dodal, \u017ee zbra\u0148 zne\u0161kodnila nep\u0159\u00e1telsk\u00e9 pozice. Zjevn\u011b v\u0161ak neovlivnila jen stroje. Venezuelsk\u00fd ochranka\u00a0<\/span><a href=\"https:\/\/edition.cnn.com\/2026\/01\/25\/politics\/trump-says-secret-discombobulator-weapon-was-used-to-capture-maduro\" target=\"_blank\" rel=\"noreferrer noopener\"><span dir=\"auto\">vypr\u00e1v\u011bla apokalyptick\u00e9 sc\u00e9ny<\/span><\/a><span dir=\"auto\"> b\u011bhem americk\u00e9ho \u00fatoku: \u201eNajednou jsem c\u00edtil, jako by mi hlava explodovala zevnit\u0159. V\u0161ichni jsme za\u010dali krv\u00e1cet z nosu. N\u011bkte\u0159\u00ed zvraceli krev. Padli jsme na zem a nemohli jsme se hnout.\u201c<\/span><\/p>\n<figure class=\"wp-block-embed is-type-rich is-provider-twitter wp-block-embed-twitter\">\n<div class=\"wp-block-embed__wrapper\">\n<div class=\"twitter-tweet twitter-tweet-rendered\"><iframe id=\"twitter-widget-2\" class=\"\" title=\"X P\u0159\u00edsp\u011bvek\" src=\"https:\/\/platform.twitter.com\/embed\/Tweet.html?dnt=true&amp;embedId=twitter-widget-2&amp;features=eyJ0ZndfdGltZWxpbmVfbGlzdCI6eyJidWNrZXQiOltdLCJ2ZXJzaW9uIjpudWxsfSwidGZ3X2ZvbGxvd2VyX2NvdW50X3N1bnNldCI6eyJidWNrZXQiOnRydWUsInZlcnNpb24iOm51bGx9LCJ0ZndfdHdlZXRfZWRpdF9iYWNrZW5kIjp7ImJ1Y2tldCI6Im9uIiwidmVyc2lvbiI6bnVsbH0sInRmd19yZWZzcmNfc2Vzc2lvbiI6eyJidWNrZXQiOiJvbiIsInZlcnNpb24iOm51bGx9LCJ0ZndfZm9zbnJfc29mdF9pbnRlcnZlbnRpb25zX2VuYWJsZWQiOnsiYnVja2V0Ijoib24iLCJ2ZXJzaW9uIjpudWxsfSwidGZ3X21peGVkX21lZGlhXzE1ODk3Ijp7ImJ1Y2tldCI6InRyZWF0bWVudCIsInZlcnNpb24iOm51bGx9LCJ0ZndfZXhwZXJpbWVudHNfY29va2llX2V4cGlyYXRpb24iOnsiYnVja2V0IjoxMjA5NjAwLCJ2ZXJzaW9uIjpudWxsfSwidGZ3X3Nob3dfYmlyZHdhdGNoX3Bpdm90c19lbmFibGVkIjp7ImJ1Y2tldCI6Im9uIiwidmVyc2lvbiI6bnVsbH0sInRmd19kdXBsaWNhdGVfc2NyaWJlc190b19zZXR0aW5ncyI6eyJidWNrZXQiOiJvbiIsInZlcnNpb24iOm51bGx9LCJ0ZndfdXNlX3Byb2ZpbGVfaW1hZ2Vfc2hhcGVfZW5hYmxlZCI6eyJidWNrZXQiOiJvbiIsInZlcnNpb24iOm51bGx9LCJ0ZndfdmlkZW9faGxzX2R5bmFtaWNfbWFuaWZlc3RzXzE1MDgyIjp7ImJ1Y2tldCI6InRydWVfYml0cmF0ZSIsInZlcnNpb24iOm51bGx9LCJ0ZndfbGVnYWN5X3RpbWVsaW5lX3N1bnNldCI6eyJidWNrZXQiOnRydWUsInZlcnNpb24iOm51bGx9LCJ0ZndfdHdlZXRfZWRpdF9mcm9udGVuZCI6eyJidWNrZXQiOiJvbiIsInZlcnNpb24iOm51bGx9fQ%3D%3D&amp;frame=false&amp;hideCard=false&amp;hideThread=false&amp;id=2015148215511720105&amp;lang=cs&amp;origin=https%3A%2F%2Freport24.news%2Fgeheime-strahlenwaffe-forscher-grillt-sein-eigenes-gehirn-setzte-trump-den-discombobulator-gegen-maduro-ein%2F&amp;sessionId=7583d418130c60c663cadd6d9f011f567555c467&amp;theme=light&amp;widgetsVersion=2615f7e52b7e0%3A1702314776716&amp;width=550px\" frameborder=\"0\" scrolling=\"no\" allowfullscreen=\"allowfullscreen\" data-tweet-id=\"2015148215511720105\" data-mce-fragment=\"1\"><\/iframe><\/div>\n<\/div>\n<\/figure>\n<p><span dir=\"auto\">Americk\u00e1 arm\u00e1da ji\u017e l\u00e9ta vlastn\u00ed tzv. \u201esyst\u00e9m aktivn\u00edho pop\u00edr\u00e1n\u00ed\u201c (ADS) \u2013 zbra\u0148, kter\u00e1 vyst\u0159eluje neviditeln\u00e9 elektromagnetick\u00e9 vlny. Zda pr\u00e1v\u011b tato zbra\u0148 srazila Madurovy nohsledy na kolena, z\u016fst\u00e1v\u00e1 p\u0159\u00edsn\u011b st\u0159e\u017een\u00fdm tajemstv\u00edm. D\u016fkazy v\u0161ak siln\u011b nazna\u010duj\u00ed, \u017ee tomu tak bylo. Nen\u00ed zn\u00e1mo, zda v\u00fdzkum norsk\u00e9ho v\u011bdce p\u0159isp\u011bl k v\u00fdvoji t\u00e9to zbran\u011b.<\/span><\/p>\n<p><img decoding=\"async\" loading=\"lazy\" class=\"alignnone size-full wp-image-1185\" src=\"http:\/\/www.infokuryr.cz\/n\/wp-content\/uploads\/2021\/04\/kuryr-podpis.png\" alt=\"\" width=\"84\" height=\"24\" \/><\/p>\n<p>&nbsp;<\/p>\n","protected":false},"excerpt":{"rendered":"<p>Po l\u00e9ta byl takzvan\u00fd \u201ehavansk\u00fd syndrom\u201c pova\u017eov\u00e1n za pouhou fantazii, stres nebo dokonce masovou hysterii&#8230;.<\/p>\n","protected":false},"author":2,"featured_media":103228,"comment_status":"closed","ping_status":"closed","sticky":false,"template":"","format":"standard","meta":[],"categories":[7],"tags":[7066,6055,37,181],"_links":{"self":[{"href":"https:\/\/www.infokuryr.cz\/n\/wp-json\/wp\/v2\/posts\/103227"}],"collection":[{"href":"https:\/\/www.infokuryr.cz\/n\/wp-json\/wp\/v2\/posts"}],"about":[{"href":"https:\/\/www.infokuryr.cz\/n\/wp-json\/wp\/v2\/types\/post"}],"author":[{"embeddable":true,"href":"https:\/\/www.infokuryr.cz\/n\/wp-json\/wp\/v2\/users\/2"}],"replies":[{"embeddable":true,"href":"https:\/\/www.infokuryr.cz\/n\/wp-json\/wp\/v2\/comments?post=103227"}],"version-history":[{"count":0,"href":"https:\/\/www.infokuryr.cz\/n\/wp-json\/wp\/v2\/posts\/103227\/revisions"}],"wp:featuredmedia":[{"embeddable":true,"href":"https:\/\/www.infokuryr.cz\/n\/wp-json\/wp\/v2\/media\/103228"}],"wp:attachment":[{"href":"https:\/\/www.infokuryr.cz\/n\/wp-json\/wp\/v2\/media?parent=103227"}],"wp:term":[{"taxonomy":"category","embeddable":true,"href":"https:\/\/www.infokuryr.cz\/n\/wp-json\/wp\/v2\/categories?post=103227"},{"taxonomy":"post_tag","embeddable":true,"href":"https:\/\/www.infokuryr.cz\/n\/wp-json\/wp\/v2\/tags?post=103227"}],"curies":[{"name":"wp","href":"https:\/\/api.w.org\/{rel}","templated":true}]}}