{"id":103225,"date":"2026-03-30T00:15:30","date_gmt":"2026-03-29T22:15:30","guid":{"rendered":"https:\/\/www.infokuryr.cz\/n\/?p=103225"},"modified":"2026-03-29T14:03:07","modified_gmt":"2026-03-29T12:03:07","slug":"sef-blackrocku-fink-ukoncuje-klimaticke-silenstvi","status":"publish","type":"post","link":"https:\/\/www.infokuryr.cz\/n\/2026\/03\/30\/sef-blackrocku-fink-ukoncuje-klimaticke-silenstvi\/","title":{"rendered":"\u0160\u00e9f BlackRocku Fink ukon\u010duje klimatick\u00e9 \u0161\u00edlenstv\u00ed!"},"content":{"rendered":"<div id=\"fb-root\"><\/div>\n<p><strong><span dir=\"auto\">Larry Fink, vlivn\u00fd \u0161\u00e9f spole\u010dnosti BlackRock, nejv\u011bt\u0161\u00edho sv\u011btov\u00e9ho spr\u00e1vce aktiv, m\u00e1 u\u017e dost dikt\u00e1tu o zelen\u00e9m klimatu. Nyn\u00ed mu\u017e, kter\u00fd po l\u00e9ta prosazoval agendu klimatick\u00e9 hysterie po cel\u00e9m sv\u011bt\u011b, hovo\u0159\u00ed o \u201eenergetick\u00e9m pragmatismu\u201c. Pravda je: Lid\u00e9 a trh po\u017eaduj\u00ed spolehlivou a cenov\u011b dostupnou energii, ne zelen\u00e9 utopie.<\/span><\/strong><\/p>\n<p><span dir=\"auto\">BlackRock spravuje neuv\u011b\u0159iteln\u00fdch deset bilion\u016f dolar\u016f. Tento finan\u010dn\u00ed gigant \u0159\u00edd\u00ed trhy, nut\u00ed korporace k pod\u0159\u00edzenosti a na\u0161ept\u00e1 vl\u00e1d\u00e1m, co by m\u011bly d\u011blat. Kdy\u017e BlackRock zm\u011bn\u00ed svou strategii, glob\u00e1ln\u00ed ekonomika se k n\u00ed p\u0159ipoj\u00ed. A nyn\u00ed tento gigant ukon\u010duje takzvanou zelenou transformaci. Fink uzn\u00e1v\u00e1 realitu, kter\u00e1 se v sou\u010dasn\u00e9 dob\u011b objevuje v Asii.<\/span><\/p>\n<figure class=\"wp-block-embed is-type-rich is-provider-twitter wp-block-embed-twitter\">\n<div class=\"wp-block-embed__wrapper\">\n<div class=\"twitter-tweet twitter-tweet-rendered\"><iframe id=\"twitter-widget-0\" class=\"\" title=\"X P\u0159\u00edsp\u011bvek\" src=\"https:\/\/platform.twitter.com\/embed\/Tweet.html?dnt=true&amp;embedId=twitter-widget-0&amp;features=eyJ0ZndfdGltZWxpbmVfbGlzdCI6eyJidWNrZXQiOltdLCJ2ZXJzaW9uIjpudWxsfSwidGZ3X2ZvbGxvd2VyX2NvdW50X3N1bnNldCI6eyJidWNrZXQiOnRydWUsInZlcnNpb24iOm51bGx9LCJ0ZndfdHdlZXRfZWRpdF9iYWNrZW5kIjp7ImJ1Y2tldCI6Im9uIiwidmVyc2lvbiI6bnVsbH0sInRmd19yZWZzcmNfc2Vzc2lvbiI6eyJidWNrZXQiOiJvbiIsInZlcnNpb24iOm51bGx9LCJ0ZndfZm9zbnJfc29mdF9pbnRlcnZlbnRpb25zX2VuYWJsZWQiOnsiYnVja2V0Ijoib24iLCJ2ZXJzaW9uIjpudWxsfSwidGZ3X21peGVkX21lZGlhXzE1ODk3Ijp7ImJ1Y2tldCI6InRyZWF0bWVudCIsInZlcnNpb24iOm51bGx9LCJ0ZndfZXhwZXJpbWVudHNfY29va2llX2V4cGlyYXRpb24iOnsiYnVja2V0IjoxMjA5NjAwLCJ2ZXJzaW9uIjpudWxsfSwidGZ3X3Nob3dfYmlyZHdhdGNoX3Bpdm90c19lbmFibGVkIjp7ImJ1Y2tldCI6Im9uIiwidmVyc2lvbiI6bnVsbH0sInRmd19kdXBsaWNhdGVfc2NyaWJlc190b19zZXR0aW5ncyI6eyJidWNrZXQiOiJvbiIsInZlcnNpb24iOm51bGx9LCJ0ZndfdXNlX3Byb2ZpbGVfaW1hZ2Vfc2hhcGVfZW5hYmxlZCI6eyJidWNrZXQiOiJvbiIsInZlcnNpb24iOm51bGx9LCJ0ZndfdmlkZW9faGxzX2R5bmFtaWNfbWFuaWZlc3RzXzE1MDgyIjp7ImJ1Y2tldCI6InRydWVfYml0cmF0ZSIsInZlcnNpb24iOm51bGx9LCJ0ZndfbGVnYWN5X3RpbWVsaW5lX3N1bnNldCI6eyJidWNrZXQiOnRydWUsInZlcnNpb24iOm51bGx9LCJ0ZndfdHdlZXRfZWRpdF9mcm9udGVuZCI6eyJidWNrZXQiOiJvbiIsInZlcnNpb24iOm51bGx9fQ%3D%3D&amp;frame=false&amp;hideCard=false&amp;hideThread=false&amp;id=2031881606361735348&amp;lang=cs&amp;origin=https%3A%2F%2Freport24.news%2Fblackrock-boss-fink-beendet-den-klima-wahnsinn%2F&amp;sessionId=c888e535adc747b93cb4d66d43422354b6e46f60&amp;theme=light&amp;widgetsVersion=2615f7e52b7e0%3A1702314776716&amp;width=550px\" frameborder=\"0\" scrolling=\"no\" allowfullscreen=\"allowfullscreen\" data-tweet-id=\"2031881606361735348\" data-mce-fragment=\"1\"><\/iframe><\/div>\n<\/div>\n<\/figure>\n<p><span dir=\"auto\">\u010c\u00edna sice stav\u00ed\u00a0<\/span><a href=\"https:\/\/report24.news\/blackrock-fink-gesteht-beim-wef-wind-und-solarenergie-fuehren-zu-energieknappheit\/\"><span dir=\"auto\">sol\u00e1rn\u00ed a v\u011btrn\u00e9 elektr\u00e1rny<\/span><\/a><span dir=\"auto\">\u00a0, ale z\u00e1rove\u0148 siln\u011b investuje do nov\u00fdch jadern\u00fdch a uheln\u00fdch elektr\u00e1ren a dov\u00e1\u017e\u00ed rekordn\u00ed mno\u017estv\u00ed ropy a plynu, aby uspokojila svou obrovskou popt\u00e1vku po energii. \u201eSpole\u010dnost se stala pragmati\u010dt\u011bj\u0161\u00ed,\u201c p\u0159izn\u00e1v\u00e1 nyn\u00ed Fink. Nyn\u00ed naslouch\u00e1 tomu, co jeho z\u00e1kazn\u00edci cht\u011bj\u00ed. A tito z\u00e1kazn\u00edci nejsou v\u00fdrobci elekt\u0159iny z\u00e1visl\u00ed na po\u010das\u00ed.<\/span><\/p>\n<p><span dir=\"auto\">Ale to nen\u00ed v\u0161echno. \u0160\u00edlenstv\u00ed \u201eprobuzen\u00fdch\u201c stoj\u00ed skute\u010dn\u00e9 pen\u00edze. Jen v roce 2023 BlackRock ztratil 4 miliardy dolar\u016f na takzvan\u00fdch ESG investic\u00edch (environment\u00e1ln\u00ed, soci\u00e1ln\u00ed a governance faktory). Konzervativn\u00ed st\u00e1ty USA, jako je Florida a Texas,\u00a0<\/span><a href=\"https:\/\/report24.news\/sand-im-getriebe-des-great-reset-republikanische-staaten-ziehen-geld-von-blackrock-ab\/\"><span dir=\"auto\">m\u011bly<\/span><\/a><span dir=\"auto\"> ideologicky motivovan\u00fdch investic dost a sv\u00e9 miliardy st\u00e1hly.<\/span><\/p>\n<p><span dir=\"auto\">Spole\u010dnost BlackRock po l\u00e9ta zneu\u017e\u00edvala pen\u00edze investor\u016f k vnucov\u00e1n\u00ed absurdn\u00ed emisn\u00ed c\u00edle a kv\u00f3t korporac\u00edm \u2013 \u010dasto poh\u00e1n\u011bn\u00e9 \u201eprobuzen\u00fdmi\u201c spr\u00e1vci penzijn\u00edch fond\u016f. Generov\u00e1n\u00ed skute\u010dn\u00e9 po\u017eadovan\u00e9 n\u00e1vratnosti pro investory bylo ob\u011btov\u00e1no za potlesk klimatick\u00fdch alarmist\u016f. Nyn\u00ed, s val\u00edc\u00edmi se soudn\u00edmi spory a odlivem pen\u011bz, Fink n\u00e1hle znovu objevuje sv\u00e9 povinnosti spr\u00e1vce.<\/span><\/p>\n<p><span dir=\"auto\">Finkova zm\u011bna my\u0161lenek znovu odhaluje celou \u0161ar\u00e1du. K vyvol\u00e1n\u00ed klimatick\u00e9 paniky zalo\u017een\u00e9 na zcela p\u0159ehnan\u00fdch hororov\u00fdch sc\u00e9n\u00e1\u0159\u00edch byly pou\u017eity biliony dolar\u016f. Skute\u010dn\u00e1 \u010d\u00edsla v\u0161ak ukazuj\u00ed: nedoch\u00e1z\u00ed k \u017e\u00e1dn\u00e9mu n\u00e1r\u016fstu extr\u00e9mn\u00edch pov\u011btrnostn\u00edch jev\u016f. Bou\u0159e, sucha a z\u00e1plavy jsou v historick\u00e9m norm\u00e1ln\u00edm rozmez\u00ed. P\u0159esto byl CO2 prohl\u00e1\u0161en za kone\u010dn\u00e9ho ob\u011btn\u00edho ber\u00e1nka, kter\u00fd n\u00e1m vnucuje p\u0159emr\u0161t\u011bn\u011b drahou agendu.<\/span><\/p>\n<p><span dir=\"auto\">Na\u0161i prosperitu skute\u010dn\u011b zaji\u0161\u0165uj\u00ed fosiln\u00ed paliva a jadern\u00e1 energie. Poskytuj\u00ed hustou, cenov\u011b dostupnou a spolehlivou energii, kterou modern\u00ed civilizace pot\u0159ebuje. Pokus nahradit tyto z\u00e1klady alternativami z\u00e1visl\u00fdmi na po\u010das\u00ed byl od sam\u00e9ho za\u010d\u00e1tku matematicky nemo\u017en\u00fd. Proto asijsk\u00e9 industrializovan\u00e9 zem\u011b bezosty\u0161n\u011b roz\u0161i\u0159uj\u00ed sv\u00e9 kapacity fosiln\u00edch paliv \u2013 za tenk\u00fdm povrchem zelen\u00e9 PR r\u00e9toriky. A Fink to tak\u00e9 v\u00ed.<\/span><\/p>\n<p><span dir=\"auto\">Zd\u00e1 se v\u0161ak, \u017ee si to \u201eBlackRock-Merz\u201c a n\u011bmeck\u00e1 feder\u00e1ln\u00ed vl\u00e1da (stejn\u011b jako Evropsk\u00e1 komise pod veden\u00edm Ursuly von der Leyen) je\u0161t\u011b neuv\u011bdomuj\u00ed. Jak dlouho ale je\u0161t\u011b mohou n\u011bme\u010dt\u00ed a evrop\u0161t\u00ed politici zav\u00edrat o\u010di p\u0159ed realitou?<\/span><\/p>\n<p><img decoding=\"async\" loading=\"lazy\" class=\"alignnone size-full wp-image-1185\" src=\"http:\/\/www.infokuryr.cz\/n\/wp-content\/uploads\/2021\/04\/kuryr-podpis.png\" alt=\"\" width=\"84\" height=\"24\" \/><\/p>\n<p>&nbsp;<\/p>\n","protected":false},"excerpt":{"rendered":"<p>Larry Fink, vlivn\u00fd \u0161\u00e9f spole\u010dnosti BlackRock, nejv\u011bt\u0161\u00edho sv\u011btov\u00e9ho spr\u00e1vce aktiv, m\u00e1 u\u017e dost dikt\u00e1tu o&#8230;<\/p>\n","protected":false},"author":2,"featured_media":103226,"comment_status":"closed","ping_status":"closed","sticky":false,"template":"","format":"standard","meta":[],"categories":[7],"tags":[634,873,9664,2978],"_links":{"self":[{"href":"https:\/\/www.infokuryr.cz\/n\/wp-json\/wp\/v2\/posts\/103225"}],"collection":[{"href":"https:\/\/www.infokuryr.cz\/n\/wp-json\/wp\/v2\/posts"}],"about":[{"href":"https:\/\/www.infokuryr.cz\/n\/wp-json\/wp\/v2\/types\/post"}],"author":[{"embeddable":true,"href":"https:\/\/www.infokuryr.cz\/n\/wp-json\/wp\/v2\/users\/2"}],"replies":[{"embeddable":true,"href":"https:\/\/www.infokuryr.cz\/n\/wp-json\/wp\/v2\/comments?post=103225"}],"version-history":[{"count":0,"href":"https:\/\/www.infokuryr.cz\/n\/wp-json\/wp\/v2\/posts\/103225\/revisions"}],"wp:featuredmedia":[{"embeddable":true,"href":"https:\/\/www.infokuryr.cz\/n\/wp-json\/wp\/v2\/media\/103226"}],"wp:attachment":[{"href":"https:\/\/www.infokuryr.cz\/n\/wp-json\/wp\/v2\/media?parent=103225"}],"wp:term":[{"taxonomy":"category","embeddable":true,"href":"https:\/\/www.infokuryr.cz\/n\/wp-json\/wp\/v2\/categories?post=103225"},{"taxonomy":"post_tag","embeddable":true,"href":"https:\/\/www.infokuryr.cz\/n\/wp-json\/wp\/v2\/tags?post=103225"}],"curies":[{"name":"wp","href":"https:\/\/api.w.org\/{rel}","templated":true}]}}