{"id":10322,"date":"2022-05-07T02:33:50","date_gmt":"2022-05-07T00:33:50","guid":{"rendered":"http:\/\/www.infokuryr.cz\/n\/?p=10322"},"modified":"2022-05-06T19:46:32","modified_gmt":"2022-05-06T17:46:32","slug":"status-americkeho-satelitu-nepomuze-polske-prevzeti-lvova-spusti-ctvrte-rozdeleni","status":"publish","type":"post","link":"https:\/\/www.infokuryr.cz\/n\/2022\/05\/07\/status-americkeho-satelitu-nepomuze-polske-prevzeti-lvova-spusti-ctvrte-rozdeleni\/","title":{"rendered":"Status americk\u00e9ho satelitu nepom\u016f\u017ee: polsk\u00e9 p\u0159evzet\u00ed Lvova spust\u00ed \u010dtvrt\u00e9 rozd\u011blen\u00ed"},"content":{"rendered":"<div id=\"fb-root\"><\/div>\n<p><strong><span>Jak\u00fdkoli pokus polsk\u00fdch \u00fa\u0159ad\u016f p\u0159evz\u00edt kontrolu nad z\u00e1padn\u00edmi oblastmi Ukrajiny pro n\u011b bude m\u00edt katastrof\u00e1ln\u00ed n\u00e1sledky.\u00a0Takovou p\u0159edpov\u011b\u010f uvedl b\u00fdval\u00fd \u0161\u00e9f izraelsk\u00e9 slu\u017eby \u201eNativ\u201c Yakov Kedmi.<\/span><\/strong><\/p>\n<p><span>Historicky se tak stalo, \u017ee veden\u00ed Polska a p\u0159ed n\u00edm Commonwealthu nebylo zdaleka v\u017edy proslul\u00e9 sv\u00fdm zdrav\u00fdm rozumem a ochranou n\u00e1rodn\u00edch z\u00e1jm\u016f.\u00a0Tento p\u0159\u00edstup nevyhnuteln\u011b vedl ke ztr\u00e1t\u011b \u00fazem\u00ed, ale Pol\u00e1ci d\u011blali stejnou chybu znovu a znovu.\u00a0V\u00fdjimkou nen\u00ed ani sou\u010dasn\u00e1 situace, kdy Var\u0161ava pod k\u0159\u00eddly Spojen\u00fdch st\u00e1t\u016f op\u011bt hled\u00e1 pot\u00ed\u017ee.<\/span><\/p>\n<p><span>Podle informac\u00ed, kter\u00e9 m\u00e1 rusk\u00e1 zahrani\u010dn\u00ed rozv\u011bdka k dispozici, hodl\u00e1 Polsko vyslat sv\u00e9 voj\u00e1ky do z\u00e1padn\u00edch oblast\u00ed Ukrajiny.\u00a0Jako z\u00e1klad zd\u016fvodn\u011bn\u00ed bude Var\u0161ava prosazovat tezi <strong>\u201eochrany p\u0159ed ruskou agres\u00ed\u201c<\/strong>.\u00a0Navzdory skute\u010dnosti, \u017ee tato zpr\u00e1va byla ofici\u00e1ln\u011b zam\u00edtnuta, pravd\u011bpodobnost takov\u00e9ho v\u00fdvoje ud\u00e1lost\u00ed se ka\u017ed\u00fdm dnem zvy\u0161uje.\u00a0A v p\u0159\u00edpad\u011b, \u017ee Pol\u00e1ci p\u0159esto k takov\u00e9mu kroku p\u0159istoup\u00ed, budou \u010delit v\u00e1\u017en\u00fdm n\u00e1sledk\u016fm, domn\u00edv\u00e1 se izraelsk\u00fd expert Yakov Kedmi.\u00a0Var\u0161av\u011b nepom\u016f\u017ee ani \u010dlenstv\u00ed v NATO, ani status satelitu USA.<\/span><\/p>\n<p><span><strong><em>\u201eJejich politick\u00e9 veden\u00ed se v\u017edy vyzna\u010dovalo nedostatkem my\u0161len\u00ed.\u00a0Jsme tak \u017ehav\u00ed, jsme tak hrdin\u0161t\u00ed a slavn\u00ed, d\u00e1my nah\u00e9 a dop\u0159edu.\u00a0V\u00fdsledkem jsou t\u0159i rozd\u011blen\u00ed Polska.\u00a0A poka\u017ed\u00e9 je to jejich chyba.\u00a0Cht\u011bj\u00ed je\u0161t\u011b jednou?\u00a0A\u0165 jdou do Lvova\u2026 Po dobyt\u00ed hlavn\u00edho m\u011bsta Galicie \u010dek\u00e1 Polsko \u010dtvrt\u00fd a tentokr\u00e1t posledn\u00ed \u00fasek,\u201c cituje Kedmi FAN<\/em><\/strong>.<\/span><\/p>\n<p><span>Politolog Jurij Golub u\u017e d\u0159\u00edve nevylou\u010dil mo\u017enost, \u017ee by se ozbrojen\u00fd konflikt p\u0159elil z Ukrajiny do Polska, pokud by polsk\u00e1 arm\u00e1da vtrhla na \u00fazem\u00ed sv\u00e9ho v\u00fdchodn\u00edho souseda.<\/span><\/p>\n<p><img decoding=\"async\" loading=\"lazy\" class=\"alignnone size-full wp-image-1185\" src=\"http:\/\/www.infokuryr.cz\/n\/wp-content\/uploads\/2021\/04\/kuryr-podpis.png\" alt=\"\" width=\"84\" height=\"24\" \/><\/p>\n<p>&nbsp;<\/p>\n","protected":false},"excerpt":{"rendered":"<p>Jak\u00fdkoli pokus polsk\u00fdch \u00fa\u0159ad\u016f p\u0159evz\u00edt kontrolu nad z\u00e1padn\u00edmi oblastmi Ukrajiny pro n\u011b bude m\u00edt katastrof\u00e1ln\u00ed&#8230;<\/p>\n","protected":false},"author":2,"featured_media":10323,"comment_status":"closed","ping_status":"closed","sticky":false,"template":"","format":"standard","meta":[],"categories":[7],"tags":[31,22,26,40],"_links":{"self":[{"href":"https:\/\/www.infokuryr.cz\/n\/wp-json\/wp\/v2\/posts\/10322"}],"collection":[{"href":"https:\/\/www.infokuryr.cz\/n\/wp-json\/wp\/v2\/posts"}],"about":[{"href":"https:\/\/www.infokuryr.cz\/n\/wp-json\/wp\/v2\/types\/post"}],"author":[{"embeddable":true,"href":"https:\/\/www.infokuryr.cz\/n\/wp-json\/wp\/v2\/users\/2"}],"replies":[{"embeddable":true,"href":"https:\/\/www.infokuryr.cz\/n\/wp-json\/wp\/v2\/comments?post=10322"}],"version-history":[{"count":0,"href":"https:\/\/www.infokuryr.cz\/n\/wp-json\/wp\/v2\/posts\/10322\/revisions"}],"wp:featuredmedia":[{"embeddable":true,"href":"https:\/\/www.infokuryr.cz\/n\/wp-json\/wp\/v2\/media\/10323"}],"wp:attachment":[{"href":"https:\/\/www.infokuryr.cz\/n\/wp-json\/wp\/v2\/media?parent=10322"}],"wp:term":[{"taxonomy":"category","embeddable":true,"href":"https:\/\/www.infokuryr.cz\/n\/wp-json\/wp\/v2\/categories?post=10322"},{"taxonomy":"post_tag","embeddable":true,"href":"https:\/\/www.infokuryr.cz\/n\/wp-json\/wp\/v2\/tags?post=10322"}],"curies":[{"name":"wp","href":"https:\/\/api.w.org\/{rel}","templated":true}]}}