{"id":103195,"date":"2026-03-29T00:25:16","date_gmt":"2026-03-28T23:25:16","guid":{"rendered":"https:\/\/www.infokuryr.cz\/n\/?p=103195"},"modified":"2026-03-28T09:07:18","modified_gmt":"2026-03-28T08:07:18","slug":"dite-vs-tramvaj-01-to-jsme-vam-to-nandali","status":"publish","type":"post","link":"https:\/\/www.infokuryr.cz\/n\/2026\/03\/29\/dite-vs-tramvaj-01-to-jsme-vam-to-nandali\/","title":{"rendered":"D\u00edt\u011b vs. tramvaj 0:1. To jsme v\u00e1m to nandali"},"content":{"rendered":"<div id=\"fb-root\"><\/div>\n<p><strong>Zkorumpovan\u00e9 veden\u00ed pra\u017esk\u00e9ho dopravn\u00edho dozipodniku se zjevn\u011b oprostilo od ve\u0161ker\u00fdch z\u00e1bran a k ji\u017e prob\u00edhaj\u00edc\u00edm program\u016fm okr\u00e1d\u00e1n\u00ed a \u0161pehov\u00e1n\u00ed obyvatelstva p\u0159idalo je\u0161t\u011b cynismus, sarkasmus a krajn\u011b neuctiv\u00e9 chov\u00e1n\u00ed.<\/strong><\/p>\n<p>Stalo se to, \u017ee pobl\u00ed\u017e stanice Malovanka na B\u0159evnov\u011b p\u0159ejela tramvaj desetilet\u00e9 d\u00edt\u011b. D\u00edt\u011b bylo na m\u00edst\u011b mrtv\u00e9. To je samo o sob\u011b dostate\u010dn\u011b hrozn\u00e9. Kdyby neboh\u00e9 d\u011bcko na t\u00e9m\u017ee m\u00edst\u011b, ve stejn\u00e9m \u010dase a se stejn\u00fdmi n\u00e1sledky p\u0159ejelo osobn\u00ed auto, byly by to dopravn\u011b represivn\u00ed proti\u0159idi\u010dsk\u00e9 \u017en\u011b. Seznam Zpr\u00e1vy a jejich libtard\u00ed redakto\u0159i by obs\u00e1hle psali o velk\u00e9m \u010dern\u00e9m BMW nebo drah\u00e9m luxusn\u00edm Mercedesu, sv\u011bdci by vypov\u00eddali o tom, jak jel p\u0159\u00ed\u0161ern\u011b rychle, o tom, jak \u0159idi\u010d pou\u017eil trik s advok\u00e1tem a dal\u0161\u00ed podobn\u00e9 v\u00fdlevy. Libtard\u00ed edito\u0159i by jim to vraceli, tak\u017ee by se koule z hoven nabalovala, dokud by cel\u00e1 story nebyla dostate\u010dn\u011b horibiln\u00ed a dostate\u010dn\u00fdm zp\u016fsobem neformovala ve\u0159ejn\u00e9 m\u00edn\u011bn\u00ed, jak stra\u0161n\u011b nebezpe\u010dn\u00e1 ta auta jsou. Ono je toti\u017e naprosto nep\u0159\u00edpustn\u00e9 napsat, \u017ee by za to t\u0159eba mohl chodec s\u00e1m, proto\u017ee nap\u0159\u00edklad ne\u010dekan\u011b vstoupil do j\u00edzdn\u00ed dr\u00e1hy, to se m\u016f\u017ee uk\u00e1zat nap\u0159\u00edklad pozd\u011bji u soudu, pokud m\u00e1 \u0159idi\u010d \u0161t\u011bst\u00ed.<\/p>\n<p>Asi se nyn\u00ed hod\u00ed oz\u0159ejmit, co \u010dek\u00e1 ka\u017ed\u00e9ho, kdo coby individu\u00e1ln\u00ed \u0159idi\u010d automobilu n\u011bjak zkoliduje s chodcem nebo silni\u010dn\u00ed v\u0161\u00ed na kole, nedej bo\u017ee s n\u00e1sledkem smrti. V\u0161echny ty report\u00e1\u017ee v m\u00e9di\u00edch kon\u010d\u00ed zpravidla v\u011btou \u201enehoda je p\u0159edm\u011btem dal\u0161\u00edho \u0161et\u0159en\u00ed\u201c, co\u017e v\u011bt\u0161ina lid\u00ed vn\u00edm\u00e1 jako kli\u0161\u00e9, ov\u0161em pro z\u00fa\u010dastn\u011bn\u00e9ho \u0159idi\u010de to kli\u0161\u00e9 nen\u00ed ur\u010dit\u011b. Za\u010d\u00edn\u00e1 pro n\u011bj n\u011bkolikat\u00fddenn\u00ed a\u017e n\u011bkolikalet\u00e9 mart\u00fdrium spojen\u00e9 s n\u00e1klady v \u0159\u00e1du vy\u0161\u0161\u00edch des\u00edtek a\u017e ni\u017e\u0161\u00edch stovek tis\u00edc, kter\u00fd bohu\u017eel n\u011bkte\u0159\u00ed jedinci nep\u0159e\u017eij\u00ed, proto\u017ee t\u0159eba dostanou infarkt ze stresu. M\u016f\u017ee b\u00fdt \u010dist\u00fd jak lilium a stejn\u011b ho budou n\u011bkolik t\u00fddn\u016f vy\u0161et\u0159ovat. Budou vysl\u00fdchat v\u00e1s, snad ne\u0159eknete n\u011bco nevhodn\u00e9ho, policist\u00e9 na to maj\u00ed skv\u011bl\u00e9 postupy, jeden z nich je t\u0159eba \u201eh\u00e1zet kotvy\u201c. Nechte si to od n\u011bkoho vysv\u011btlit, nebo tam rad\u0161i jd\u011bte s advok\u00e1tem. Budou se vysl\u00fdchat i sv\u011bdci, hledat kamerov\u00e9 z\u00e1znamy, pokud m\u00e1te v aut\u011b kameru a nebudete dost rychl\u00ed, ukradnou v\u00e1m pam\u011b\u0165ovou kartu. Kdy\u017e tam bude n\u011bco ve v\u00e1\u0161 prosp\u011bch, tak \u201ese ztrat\u00ed\u201c nebo \u201ebude m\u00edt technickou z\u00e1vadu\u201c, v opa\u010dn\u00e9m p\u0159\u00edpad\u011b se najde, ale a\u017e t\u011bsn\u011b p\u0159ed soudn\u00edm \u0159\u00edzen\u00edm, abyste se na to nemohl p\u0159ipravit. Bude se zkoumat, zda jste nejel rychle, zda jste netelefonoval, zda jste m\u011bl zapnut\u00e1 ta spr\u00e1vn\u00e1 sv\u011btla, zda jste m\u011bl spr\u00e1vn\u00e9 br\u00fdle, zda jste nebyl n\u011bjak zdravotn\u011b indisponov\u00e1n, zda auto nem\u011blo n\u011bjakou technickou z\u00e1vadu, klidn\u011b zcela nesouvisej\u00edc\u00ed. Budou se zkoumat va\u0161e z\u00e1znamy v kart\u011b \u0159idi\u010de. A mnoho, mnoho, mnoho dal\u0161\u00edch v\u011bc\u00ed. C\u00edlem je z toho ukuchtit alespo\u0148 drobnou spoluvinku. Mali\u010dkou nedbalost. Nepatrn\u00e9 nevynalo\u017een\u00ed pot\u0159ebn\u00e9 opatrnosti. Malou d\u00edrku ve va\u0161\u00ed defenz\u00edv\u011b, kter\u00e1 se n\u00e1sledn\u011b zv\u011bt\u0161\u00ed a bude z n\u00ed v\u011bt\u0161\u00ed a v\u011bt\u0161\u00ed d\u00edra, a\u017e nakonec zahu\u010d\u00edte v t\u00e9to d\u00ed\u0159e na t\u0159i roky za zabit\u00ed z nedbalosti. Policist\u00e9 jsou pravideln\u011b instruov\u00e1ni, \u017ee vina se nejprve mus\u00ed hledat u \u0159idi\u010de, a na ka\u017ed\u00e9ho se n\u011bco najde, proto\u017ee neexistuj\u00ed nevinn\u00ed, jen ned\u016fsledn\u011b vy\u0161et\u0159ovan\u00ed. A\u017e kdy\u017e se nic nenajde, uzav\u0159e se to s t\u00edm, \u017ee je to vina chodce nebo cyklisty. Tak se t\u0159eba stane, \u017ee v\u00e1m n\u011bkde p\u0159ed sv\u011bdky ujede n\u011bjak\u00e1 ne\u0161ikovn\u00e1 pr\u016fpov\u00eddka, t\u0159eba \u201e<a href=\"https:\/\/dfens-cz.com\/vinikem-autonehody-snadno-a-rychle\/\">j\u00e1 ho zajel<\/a>\u201c nebo \u201ej\u00e1 jsem v\u011bd\u011bl, \u017ee tady \u010dasto chod\u00ed d\u011bti\u201c, a u\u017e v\u00e1s maj\u00ed. Nedbalost jak vy\u0161it\u00e1. V\u011bd\u011bl, \u017ee tady chod\u00ed d\u011bti, s\u00e1m to \u0159ekl, ale nedbal zv\u00fd\u0161en\u00e9 opatrnosti, bez p\u0159im\u011b\u0159en\u00e9ho d\u016fvodu spol\u00e9hal, \u017ee zrovna te\u010f tu \u017e\u00e1dn\u00e9 d\u011bti nebudou, za\u010dne b\u00e1jit slizk\u00fd st\u00e1tn\u00ed z\u00e1stupce u soudu. I on m\u00e1 svoje instrukce, byl na politick\u00e9m \u0161kolen\u00ed, kde mu \u0159\u00edkali, \u017ee nevad\u00ed tro\u0161ku ty z\u00e1kony p\u0159iohnout, pokud jde o ochranu zraniteln\u00fdch \u00fa\u010dastn\u00edk\u016f silni\u010dn\u00edho provozu, proto\u017ee tak je to spr\u00e1vn\u00e9 a spole\u010dnost to vy\u017eaduje. Jel jste 30 km\/h? To je p\u0159\u00edli\u0161 rychle, m\u011bl jet 5 km\/h a p\u0159ibrat dal\u0161\u00ed osobu k zaji\u0161t\u011bn\u00ed dohledu. N\u011bjak\u00e1 sluch\u00e1tka, kapuce, telefony a podobn\u00e9 v\u011bci u chodce nikoho zaj\u00edmat nebudou, jakmile se na v\u00e1s n\u011bco najde, jste v h\u00e1ji, i kdyby pan chodec m\u011bl na hlav\u011b nasazen\u00fd tromb\u00f3n. Jste v prdeli, proto\u017ee jste \u0159idi\u010d, jste ve \u0161patn\u00e9m klubu.<\/p>\n<p>V p\u0159\u00edpad\u011b MHD ale nic takov\u00e9ho nehroz\u00ed. Tam se na n\u011bjak\u00e9 zraniteln\u00e9 \u00fa\u010dastn\u00edky silni\u010dn\u00edho provozu nehraje. Od po\u010d\u00e1tku b\u00fdv\u00e1 jasno, kdo je vin\u00edk a kdo je nevinn\u00fd. \u017d\u00e1dn\u00e9 vy\u0161et\u0159ov\u00e1n\u00ed, \u017e\u00e1dn\u00e9 t\u00fddny nejistoty, \u017e\u00e1dn\u00ed f\u00edzlov\u00e9 ma\u010dkaj\u00edc\u00ed na zvonek, hned druh\u00fd den maj\u00ed jasno. M\u016f\u017ee za to chodec a basta, proto\u017ee my jsme tramvaj a vy\u0161et\u0159ovat nen\u00ed co.<\/p>\n<p>A tak se stalo, \u017ee Dopravn\u00ed Dozipodnik Hlavn\u00edho m\u011bsta Prahy prakticky hned dal\u0161\u00ed pracovn\u00ed den vyrukoval s kampan\u00ed, kdy\u00a0<a href=\"https:\/\/www.dvtv.cz\/videos\/chodci-vs-tramvaje-01-musime-sokovat-lide-riskuji-zabery-srazek-s-matkou-a-detmi-me-neprestanou-prekvapovat\">na n\u011bkter\u00e9 tramvaje um\u00edstil n\u00e1pis 0:1<\/a>. Ten m\u00e1 nejsp\u00ed\u0161 symbolizovat aktu\u00e1ln\u00ed\u00a0 sk\u00f3re v neutuchaj\u00edc\u00edm z\u00e1pase Dozipodniku s obyvatelstvem. Obyvatelstvo prohr\u00e1lo, dom\u00e1c\u00ed vyhr\u00e1li, je to 0:1, to jsme v\u00e1m to nandali, vy pak\u00e1\u017ei ob\u010dansk\u00e1. Byla to jednozna\u010dn\u011b p\u0159esilovka, p\u00e1r des\u00edtek tun oceli a lamin\u00e1tu proti d\u011btsk\u00e9mu t\u011bl\u00ed\u010dku. Ta nula mr\u0148av\u00e1 to nedala, jednozna\u010dn\u00e9 v\u00edt\u011bzstv\u00ed, doslova drtiv\u00e9.<\/p>\n<p>To je ov\u0161em velice citliv\u00fd p\u0159\u00edstup. To p\u0159esn\u011b od dopravn\u00edho podniku o\u010dek\u00e1v\u00e1te.<\/p>\n<p>Rad\u011bji asi nep\u0159em\u00fd\u0161l\u00edm o tom, jak takovou kampa\u0148 vn\u00edmaj\u00ed poz\u016fstal\u00ed a spolu\u017e\u00e1ci ob\u011bti.<\/p>\n<p>Marn\u011b p\u0159em\u00fd\u0161l\u00edm, kde se v t\u011bch lidech na Dozipodniku, nebo co to tam je za kreatury, bere tenhle cynismus a pohrd\u00e1n\u00ed. Jak perverzn\u00ed zmrd asi mus\u00edte b\u00fdt, abyste n\u011bco takov\u00e9ho bez v\u00fd\u010diitek pustil mezi ve\u0159ejnost? Jak se asi autorovi kampan\u011b sp\u00ed, kdy\u017e shr\u00e1bne prachy od Dozipodniku za tento skv\u011bl\u00fd P.R. n\u00e1pad? Nestyd\u00ed se ani trochu? Asi ne.<\/p>\n<p>Nezaujal m\u011b ani ten argument, \u017ee kampa\u0148 mus\u00ed b\u00fdt drastick\u00e1, aby byla \u00fa\u010dinn\u00e1. To je naprosto sm\u011b\u0161n\u00e9. V Dozipodniku asi zapomn\u011bli, kdo je tady p\u00e1nem a kdo slu\u017eebn\u00edkem. My nuly toti\u017e cel\u00fd tenhle \u0161pekt\u00e1kl financujeme. Dopravn\u00ed podnik je slu\u017eba, kter\u00e1 je zcela z\u00e1visl\u00e1 na ve\u0159ejn\u00fdch prost\u0159edc\u00edch, kter\u00e9 vytahaj\u00ed z ve\u0159ejn\u00fdch rozpo\u010dt\u016f, ze kter\u00fdch je hrazena tzv. provozn\u00ed ztr\u00e1ta. Provozn\u00ed ztr\u00e1ta je to, co vznik\u00e1 p\u0159itom, kdy\u017e dopravn\u00ed podnik prod\u00e1v\u00e1 svojie slu\u017eby pod cenou, proto\u017ee by je za plnou cenu nikdo nekupoval. Je to n\u011bco jako \u010dern\u00e1 d\u00edra, kam se leje \u010d\u00edm d\u00e1l v\u00edc pen\u011bz, zat\u00edmco to produkuje \u010d\u00edm d\u00e1l hor\u0161\u00ed slu\u017eby a jako bonus\u00a0<a href=\"https:\/\/www.echo24.cz\/a\/Hywi6\/zpravy-domaci-svrab-zloutenka-typu-a-rychlejsi-sireni-cesko-praha-hygiena-rukou\">svrab a \u017eloutenku<\/a>. Lidem to nevad\u00ed jen proto, \u017ee to na\u0161t\u011bst\u00ed nech\u00e1pou nebo si o tom odvykli p\u0159em\u00fd\u0161let, nicm\u00e9n\u011b bych o\u010dek\u00e1val, \u017ee dopravn\u00ed dozipodnik bude m\u00edt k hlavn\u00edmu sponzorovi alespo\u0148 trochu \u00facty a nebude zesm\u011b\u0161\u0148ovat ob\u011b\u0165 dopravn\u00ed nehody z \u0159ad ve\u0159ejnosti, nav\u00edc je\u0161t\u011b v dob\u011b, kdy regul\u00e9rn\u00ed vy\u0161et\u0159ov\u00e1n\u00ed dopravn\u00ed nehody je\u0161t\u011b nem\u016f\u017ee b\u00fdt ukon\u010den\u00e9, pokud tedy v\u016fbec n\u011bjak\u00e9 prob\u00edh\u00e1 a nen\u00ed pouze form\u00e1ln\u00ed.<\/p>\n<p>Pr\u00fd \u017ee mus\u00edme \u0161okovat. Ne, nemus\u00ed \u0161okovat, mus\u00ed se chovat bezpe\u010dn\u011b. Jestli je bezpe\u010dnostn\u00ed strategie dopravn\u00edho dozipodniku postavena na tom, \u017ee se bude cynicky vysm\u00edvat tragick\u00e9 ud\u00e1losti a ur\u00e1\u017eet poz\u016fstal\u00e9, je to krom\u011b d\u011bsiv\u00e9 neprofesionality projev toho, \u017ee dal\u0161\u00ed ob\u011bti budou n\u00e1sledovat. Nadto je to naprosto odporn\u00e9, zhruba o \u0159\u00e1d odporn\u011bj\u0161\u00ed ne\u017e mastn\u00e9 ty\u010de v t\u011bch jejich \u0161pinav\u00fdch smradlav\u00fdch vozidlech.<\/p>\n<p>Tak konec \u010dten\u00ed, vy pasa\u017e\u00e9rsk\u00e9 nuly. Nenoste mikiny, sluch\u00e1tka a telefony, sta\u010d\u00ed nosit jen pen\u011b\u017eenku. Mus\u00edte zaplatit pades\u00e1t korun Dozimetru za j\u00edzdenku a nastoupit, aby m\u011bli na odm\u011bny a na \u00faplatky. Doufejte, \u017ee nechytnete \u017eloutenku a nezhebnete n\u00e1sledn\u011b na cirh\u00f3zu jater, nebo \u017ee nep\u0159ejedou va\u0161e d\u00edt\u011b, pak by to toti\u017e bylo 0:2.<\/p>\n<p><span style=\"font-size: 10pt;\"><a href=\"https:\/\/dfens-cz.com\/tramvaj-vs-dite-01-to-jsme-vam-to-nandali\/\">D-FENS<\/a><\/span><\/p>\n<p>&nbsp;<\/p>\n","protected":false},"excerpt":{"rendered":"<p>Zkorumpovan\u00e9 veden\u00ed pra\u017esk\u00e9ho dopravn\u00edho dozipodniku se zjevn\u011b oprostilo od ve\u0161ker\u00fdch z\u00e1bran a k ji\u017e prob\u00edhaj\u00edc\u00edm&#8230;<\/p>\n","protected":false},"author":2,"featured_media":103196,"comment_status":"closed","ping_status":"closed","sticky":false,"template":"","format":"standard","meta":[],"categories":[6],"tags":[929,4137,10799,10800,1503,234,8201],"_links":{"self":[{"href":"https:\/\/www.infokuryr.cz\/n\/wp-json\/wp\/v2\/posts\/103195"}],"collection":[{"href":"https:\/\/www.infokuryr.cz\/n\/wp-json\/wp\/v2\/posts"}],"about":[{"href":"https:\/\/www.infokuryr.cz\/n\/wp-json\/wp\/v2\/types\/post"}],"author":[{"embeddable":true,"href":"https:\/\/www.infokuryr.cz\/n\/wp-json\/wp\/v2\/users\/2"}],"replies":[{"embeddable":true,"href":"https:\/\/www.infokuryr.cz\/n\/wp-json\/wp\/v2\/comments?post=103195"}],"version-history":[{"count":0,"href":"https:\/\/www.infokuryr.cz\/n\/wp-json\/wp\/v2\/posts\/103195\/revisions"}],"wp:featuredmedia":[{"embeddable":true,"href":"https:\/\/www.infokuryr.cz\/n\/wp-json\/wp\/v2\/media\/103196"}],"wp:attachment":[{"href":"https:\/\/www.infokuryr.cz\/n\/wp-json\/wp\/v2\/media?parent=103195"}],"wp:term":[{"taxonomy":"category","embeddable":true,"href":"https:\/\/www.infokuryr.cz\/n\/wp-json\/wp\/v2\/categories?post=103195"},{"taxonomy":"post_tag","embeddable":true,"href":"https:\/\/www.infokuryr.cz\/n\/wp-json\/wp\/v2\/tags?post=103195"}],"curies":[{"name":"wp","href":"https:\/\/api.w.org\/{rel}","templated":true}]}}